{"id":4191,"date":"2023-07-31T13:11:24","date_gmt":"2023-07-31T17:11:24","guid":{"rendered":"https:\/\/elmundodelapolitica.com\/v1\/?p=4191"},"modified":"2023-07-31T13:11:24","modified_gmt":"2023-07-31T17:11:24","slug":"resalta-nuevo-presidente-eurocamara-rd-incremento-27-comercio-con-union-europea","status":"publish","type":"post","link":"https:\/\/elmundodelapolitica.com\/v1\/resalta-nuevo-presidente-eurocamara-rd-incremento-27-comercio-con-union-europea\/","title":{"rendered":"Resalta nuevo presidente EuroC\u00e1mara-RD incremento 27% comercio con Uni\u00f3n Europea"},"content":{"rendered":"<div>\n<p><strong>Santo Domingo, Rep. Dom. <\/strong>julio de 2023.<strong>\u2013<\/strong>\u00a0El nuevo presidente de la EuroC\u00e1mara de Comercio de la Rep\u00fablica Dominicana (Euroc\u00e1mara), Jean Marco Pou, destac\u00f3 que el pa\u00eds y la Uni\u00f3n Europea (UE) mantienen una s\u00f3lida relaci\u00f3n econ\u00f3mica, cuyo intercambio comercial alcanz\u00f3 en el 2022 la cifra hist\u00f3rica de 4.137 millones de euros, lo que reflej\u00f3 un incremento del 27% con respecto al a\u00f1o anterior.<\/p>\n<figure class=\"wp-block-image size-large\"><img data-attachment-id=\"31301\" data-permalink=\"https:\/\/elmundodelosnegocios.com.do\/v1\/index.php\/2023\/07\/31\/resalta-nuevo-presidente-eurocamara-rd-incremento-27-comercio-con-union-europea\/foto-2-la-embajadora-katja-afheldt-y-el-nuevo-pte-de-eurocamara-jean-pou-y-otros-directivos\/\" data-orig-file=\"https:\/\/i0.wp.com\/elmundodelosnegocios.com.do\/v1\/wp-content\/uploads\/2023\/07\/Foto-2-La-embajadora-Katja-Afheldt-y-el-nuevo-Pte.-de-Eurocamara-Jean-Pou-y-otros-directivos..jpeg?fit=1032%2C774&amp;ssl=1\" data-orig-size=\"1032,774\" data-comments-opened=\"0\" data-image-meta='{\"aperture\":\"1.5\",\"credit\":\"\",\"camera\":\"iPhone 13 Pro\",\"caption\":\"\",\"created_timestamp\":\"1689768067\",\"copyright\":\"\",\"focal_length\":\"5.7\",\"iso\":\"125\",\"shutter_speed\":\"0.016666666666667\",\"title\":\"\",\"orientation\":\"1\"}' data-image-title=\"Foto-2-La-embajadora-Katja-Afheldt-y-el-nuevo-Pte.-de-Eurocamara-Jean-Pou-y-otros-directivos.\" data-image-description=\"&lt;p&gt;La embajadora Katja Afheldt y el nuevo Pte. de Euroc\u00e1mara, Jean Pou y otros directivos.&lt;\/p&gt;\n\" data-image-caption=\"&lt;p&gt;La embajadora Katja Afheldt y el nuevo Pte. de Euroc\u00e1mara, Jean Pou y otros directivos.&lt;\/p&gt;\n\" data-medium-file=\"https:\/\/i0.wp.com\/elmundodelosnegocios.com.do\/v1\/wp-content\/uploads\/2023\/07\/Foto-2-La-embajadora-Katja-Afheldt-y-el-nuevo-Pte.-de-Eurocamara-Jean-Pou-y-otros-directivos..jpeg?fit=300%2C225&amp;ssl=1\" data-large-file=\"https:\/\/i0.wp.com\/elmundodelosnegocios.com.do\/v1\/wp-content\/uploads\/2023\/07\/Foto-2-La-embajadora-Katja-Afheldt-y-el-nuevo-Pte.-de-Eurocamara-Jean-Pou-y-otros-directivos..jpeg?fit=1024%2C768&amp;ssl=1\" decoding=\"async\" loading=\"lazy\" width=\"1024\" height=\"768\" src=\"https:\/\/i0.wp.com\/elmundodelosnegocios.com.do\/v1\/wp-content\/uploads\/2023\/07\/Foto-2-La-embajadora-Katja-Afheldt-y-el-nuevo-Pte.-de-Eurocamara-Jean-Pou-y-otros-directivos.-1024x768.jpeg?resize=1024,768&amp;ssl=1\" alt=\"\" class=\"wp-image-31301\" srcset=\"https:\/\/i0.wp.com\/elmundodelosnegocios.com.do\/v1\/wp-content\/uploads\/2023\/07\/Foto-2-La-embajadora-Katja-Afheldt-y-el-nuevo-Pte.-de-Eurocamara-Jean-Pou-y-otros-directivos..jpeg?resize=1024%2C768&amp;ssl=1 1024w, https:\/\/i0.wp.com\/elmundodelosnegocios.com.do\/v1\/wp-content\/uploads\/2023\/07\/Foto-2-La-embajadora-Katja-Afheldt-y-el-nuevo-Pte.-de-Eurocamara-Jean-Pou-y-otros-directivos..jpeg?resize=300%2C225&amp;ssl=1 300w, https:\/\/i0.wp.com\/elmundodelosnegocios.com.do\/v1\/wp-content\/uploads\/2023\/07\/Foto-2-La-embajadora-Katja-Afheldt-y-el-nuevo-Pte.-de-Eurocamara-Jean-Pou-y-otros-directivos..jpeg?resize=768%2C576&amp;ssl=1 768w, https:\/\/i0.wp.com\/elmundodelosnegocios.com.do\/v1\/wp-content\/uploads\/2023\/07\/Foto-2-La-embajadora-Katja-Afheldt-y-el-nuevo-Pte.-de-Eurocamara-Jean-Pou-y-otros-directivos..jpeg?w=1032&amp;ssl=1 1032w\" sizes=\"auto, (max-width: 1024px) 100vw, 1024px\" data-recalc-dims=\"1\"><figcaption class=\"wp-element-caption\">La embajadora Katja Afheldt y el nuevo Pte. de Euroc\u00e1mara, Jean Pou y otros directivos.<\/figcaption><\/figure>\n<p>Las exportaciones de la UE en Rep\u00fablica Dominicana el pasado a\u00f1o fueron de 2.720 millones euros, mientras que del pa\u00eds hacia ese destino alcanzaron un monto de 1.419 millones euros, lo que representa tambi\u00e9n un nuevo m\u00e1ximo hist\u00f3rico, revel\u00f3 Pou cuando era juramentado como presidente de la EuroC\u00e1mara-RD para el per\u00edodo 2023-2024, en representaci\u00f3n de la C\u00e1mara de Comercio, Industria y Turismo Dom\u00ednico-Belga (Belcham-RD).<\/p>\n<p>La actividad se llev\u00f3 a cabo durante la Asamblea General Ordinaria de Euroc\u00e1mara, celebrada en la sede de la C\u00e1mara Oficial de Comercio de Espa\u00f1a en la Rep\u00fablica Dominicana, en Santo Domingo.<\/p>\n<p>La nueva junta directiva est\u00e1 conformada, adem\u00e1s, por la C\u00e1mara Oficial de Comercio de Espa\u00f1a en Rep\u00fablica Dominicana (Camacoes), como vicepresidenta, representada por Marta Ors; C\u00e1mara de Comercio e Industria Franco-Dominicana (Ccifd), secretaria, representada por Thomas Plisson; y C\u00e1mara de Comercio Dom\u00ednico-Italiana (Ccdi), tesorero, representada por Massimiliano Wax.<\/p>\n<p>Tienen las funciones de vocales la C\u00e1mara de Comercio, Industria y Turismo Dominico-Portugesa (Ccitdp), representada por Fernando Almeida; y la C\u00e1mara de Comercio Dominico-Alemana (Ccda), representada por Fabio Guzm\u00e1n Saladin.<\/p>\n<p>La asamblea cont\u00f3 con la presencia de la embajadora de la Uni\u00f3n Europea en la Rep\u00fablica Dominicana y presidenta honoraria de la EuroC\u00e1mara-RD, Katja Afheldt, quien resalt\u00f3 que el pa\u00eds es un aliado privilegiado y que se destaca por ser el principal socio comercial en la regi\u00f3n, manteniendo excelentes v\u00ednculos diplom\u00e1ticos desde el 1989.<\/p>\n<p>La diplom\u00e1tica europea defini\u00f3 como excelente la labor realizada por la junta directiva pasada y resalt\u00f3 que el fortalecimiento de las relaciones de negocios y culturales entre la Rep\u00fablica Dominicana y la Uni\u00f3n Europea es una de las prioridades de la delegaci\u00f3n que preside.<\/p>\n<p>Asimismo, destac\u00f3 las palabras de la presidenta de la Comisi\u00f3n Europea, Ursula von der Leyen, sobre la importancia de Rep\u00fablica Dominicana como principal socio comercial de la UE en el Caribe.<\/p>\n<p><strong>Sobre el comercio con la Uni\u00f3n Europea<\/strong><\/p>\n<p>El nuevo presidente de la EuroC\u00e1mara, Jean Marco Pou, indic\u00f3 que entre los productos m\u00e1s exportados desde la Uni\u00f3n Europea a la Rep\u00fablica Dominicana se encuentran maquinarias, dispositivos mec\u00e1nicos, combustibles, aceites minerales y sus derivados, joyer\u00eda, productos farmac\u00e9uticos, leche en polvo y productos l\u00e1cteos.<\/p>\n<p>Mientras que los productos que el pa\u00eds exporta a la UE incluyen bananos, aguacates, cacao, tabaco, ron, equipos e insumos m\u00e9dicos y fundiciones de metales como el ferron\u00edquel, entre otros.<\/p>\n<p>\u201cHay que destacar que la Rep\u00fablica Dominicana es el principal suministrador de productos org\u00e1nicos a la UE, especialmente de banano y cacao\u201d, dijo Pou.<\/p>\n<p>Se\u00f1al\u00f3 que el marco de las relaciones econ\u00f3mico-comerciales es el Acuerdo de Asociaci\u00f3n Econ\u00f3mica entre la Uni\u00f3n Europea y el Cariforo (EPA por sus siglas en ingl\u00e9s), firmado en 2008 y del cual Rep\u00fablica Dominicana es parte. Destac\u00f3 que, desde la entrada en vigor de dicho acuerdo, el intercambio comercial ha experimentado un crecimiento del 231%.<\/p>\n<p><strong>Sobre la EuroC\u00e1mara de Comercio de la Rep\u00fablica Dominicana<\/strong><\/p>\n<p>La EuroC\u00e1mara de Comercio de la Rep\u00fablica Dominicana es una organizaci\u00f3n sin fines de lucro compuesta por las C\u00e1maras de Comercio Europeas binacionales en el pa\u00eds.<\/p>\n<p>Agrupa a m\u00e1s de 800 empresas nacionales y de origen europeo que operan en diferentes sectores econ\u00f3micos, su objetivo principal es estimular, desarrollar y facilitar el comercio y la inversi\u00f3n entre la Rep\u00fablica Dominicana y los pa\u00edses miembros de la Uni\u00f3n Europea.<\/p>\n<p>Est\u00e1 compuesta por seis C\u00e1maras de Comercio, que representan a Alemania, B\u00e9lgica, Espa\u00f1a, Francia, Italia y Portugal.<\/p>\n<\/div>\n","protected":false},"excerpt":{"rendered":"<p>Santo Domingo, Rep. Dom. julio de 2023.\u2013\u00a0El nuevo presidente de la EuroC\u00e1mara de Comercio de la Rep\u00fablica Dominicana (Euroc\u00e1mara), Jean Marco Pou, destac\u00f3 que el pa\u00eds y la Uni\u00f3n Europea&hellip; <\/p>\n","protected":false},"author":2,"featured_media":4192,"comment_status":"closed","ping_status":"closed","sticky":false,"template":"","format":"standard","meta":{"fifu_image_url":"https:\/\/i0.wp.com\/elmundodelosnegocios.com.do\/v1\/wp-content\/uploads\/2023\/07\/Foto-2-La-embajadora-Katja-Afheldt-y-el-nuevo-Pte.-de-Eurocamara-Jean-Pou-y-otros-directivos.-1024x768.jpeg?resize=1024,768&ssl=1","fifu_image_alt":"Resalta nuevo presidente EuroC\u00e1mara-RD incremento 27% comercio con Uni\u00f3n Europea","footnotes":""},"categories":[63],"tags":[],"class_list":["post-4191","post","type-post","status-publish","format-standard","has-post-thumbnail","hentry","category-actualidad"],"_links":{"self":[{"href":"https:\/\/elmundodelapolitica.com\/v1\/wp-json\/wp\/v2\/posts\/4191","targetHints":{"allow":["GET"]}}],"collection":[{"href":"https:\/\/elmundodelapolitica.com\/v1\/wp-json\/wp\/v2\/posts"}],"about":[{"href":"https:\/\/elmundodelapolitica.com\/v1\/wp-json\/wp\/v2\/types\/post"}],"author":[{"embeddable":true,"href":"https:\/\/elmundodelapolitica.com\/v1\/wp-json\/wp\/v2\/users\/2"}],"replies":[{"embeddable":true,"href":"https:\/\/elmundodelapolitica.com\/v1\/wp-json\/wp\/v2\/comments?post=4191"}],"version-history":[{"count":0,"href":"https:\/\/elmundodelapolitica.com\/v1\/wp-json\/wp\/v2\/posts\/4191\/revisions"}],"wp:featuredmedia":[{"embeddable":true,"href":"https:\/\/elmundodelapolitica.com\/v1\/wp-json\/wp\/v2\/media\/4192"}],"wp:attachment":[{"href":"https:\/\/elmundodelapolitica.com\/v1\/wp-json\/wp\/v2\/media?parent=4191"}],"wp:term":[{"taxonomy":"category","embeddable":true,"href":"https:\/\/elmundodelapolitica.com\/v1\/wp-json\/wp\/v2\/categories?post=4191"},{"taxonomy":"post_tag","embeddable":true,"href":"https:\/\/elmundodelapolitica.com\/v1\/wp-json\/wp\/v2\/tags?post=4191"}],"curies":[{"name":"wp","href":"https:\/\/api.w.org\/{rel}","templated":true}]}}