{"id":4172,"date":"2023-07-30T18:00:50","date_gmt":"2023-07-30T22:00:50","guid":{"rendered":"https:\/\/elmundodelapolitica.com\/v1\/?p=4172"},"modified":"2023-07-30T18:00:52","modified_gmt":"2023-07-30T22:00:52","slug":"leonel-promete-mas-ayuda-a-las-iglesias-solo-dios-es-perfecto","status":"publish","type":"post","link":"https:\/\/elmundodelapolitica.com\/v1\/leonel-promete-mas-ayuda-a-las-iglesias-solo-dios-es-perfecto\/","title":{"rendered":"Leonel promete m\u00e1s ayuda a las iglesias; \u00abs\u00f3lo Dios es perfecto\u00bb"},"content":{"rendered":"\n<p>SANTO DOMINGO.- El precandidato presidencial del partido Fuerza del Pueblo (FP) Leonel Fern\u00e1ndez, manifest\u00f3 que la vida es una mezcla de luces y sombras, y que \u00ablo \u00fanico perfecto es Dios\u00bb.<\/p>\n\n\n\n<p>Durante su participaci\u00f3n en un encuentro con cientos de pastores evang\u00e9licos, con motivo de la celebraci\u00f3n del 60 aniversario de la Batalla de la Fe, se\u00f1al\u00f3 que al igual que esta entidad religiosa \u00abnosotros tambi\u00e9n libramos batallas por un mejor futuro en la Rep\u00fablica Dominicana\u201d.<\/p>\n\n\n\n<p><strong>RECONOCIMIENTO&nbsp;<\/strong><\/p>\n\n\n\n<p>En la actividad el exmandatario recibi\u00f3 un reconocimiento por los esfuerzos realizados durante sus gestiones gubernamentales para apoyar a las iglesias cristianas.<\/p>\n\n\n\n<p>Fern\u00e1ndez agradeci\u00f3 la distinci\u00f3n y asegur\u00f3 que en un nuevo gobierno suyo dar\u00eda m\u00e1s apoyo a las iglesias. Dijo que eso \u201cqueda pendiente en una eventual agenda de futuro, si as\u00ed Dios lo quiere\u201d.<\/p>\n\n\n\n<figure class=\"wp-block-image\" id=\"attachment_890715\"><a href=\"https:\/\/almomento.net\/wp-content\/uploads\/2023\/07\/WhatsApp-Image-2023-07-29-at-10.52.36-AM.jpeg\"><img decoding=\"async\" src=\"https:\/\/almomento.net\/wp-content\/uploads\/2023\/07\/WhatsApp-Image-2023-07-29-at-10.52.36-AM.jpeg\" alt=\"\" class=\"wp-image-890715\"\/><\/a><figcaption class=\"wp-element-caption\">Leonel encabez\u00f3 el acto en el que<br>participaron cientos de pastores evang\u00e9licos.<\/figcaption><\/figure>\n\n\n\n<p>El pastor Ezequiel Molina hijo ley\u00f3 una placa de reconocimiento que fue entregada al exmanfdatario: \u201cEn conmemoraci\u00f3n de nuestro 60 aniversario, agradecemos al gobierno del presidente Leonel Fern\u00e1ndez, por su apoyo determinante a nuestra labor evangelizadora. Gracias por ayudarnos a llevar esperanza a trav\u00e9s del evangelio\u201d.<\/p>\n\n\n\n<p>El presidente de la Fuerza del Pueblo&nbsp; expres\u00f3 que.&nbsp; al escuchar las palabras de los ministros, en especial las del pastor Molina Rosario. pudo notar que, \u201cpara llegar a este sitial han tenido que librar grandes batallas, grandes confrontaciones, conflictos, obst\u00e1culos, que han sido todos vencidos por esa fe inconmovible que tiene usted y que tienen todos los feligreses en Dios\u201d.<\/p>\n","protected":false},"excerpt":{"rendered":"<p>SANTO DOMINGO.- El precandidato presidencial del partido Fuerza del Pueblo (FP) Leonel Fern\u00e1ndez, manifest\u00f3 que la vida es una mezcla de luces y sombras, y que \u00ablo \u00fanico perfecto es&hellip; <\/p>\n","protected":false},"author":2,"featured_media":4173,"comment_status":"open","ping_status":"open","sticky":false,"template":"","format":"standard","meta":{"fifu_image_url":"","fifu_image_alt":"","footnotes":""},"categories":[9],"tags":[],"class_list":["post-4172","post","type-post","status-publish","format-standard","has-post-thumbnail","hentry","category-elecciones"],"_links":{"self":[{"href":"https:\/\/elmundodelapolitica.com\/v1\/wp-json\/wp\/v2\/posts\/4172","targetHints":{"allow":["GET"]}}],"collection":[{"href":"https:\/\/elmundodelapolitica.com\/v1\/wp-json\/wp\/v2\/posts"}],"about":[{"href":"https:\/\/elmundodelapolitica.com\/v1\/wp-json\/wp\/v2\/types\/post"}],"author":[{"embeddable":true,"href":"https:\/\/elmundodelapolitica.com\/v1\/wp-json\/wp\/v2\/users\/2"}],"replies":[{"embeddable":true,"href":"https:\/\/elmundodelapolitica.com\/v1\/wp-json\/wp\/v2\/comments?post=4172"}],"version-history":[{"count":1,"href":"https:\/\/elmundodelapolitica.com\/v1\/wp-json\/wp\/v2\/posts\/4172\/revisions"}],"predecessor-version":[{"id":4174,"href":"https:\/\/elmundodelapolitica.com\/v1\/wp-json\/wp\/v2\/posts\/4172\/revisions\/4174"}],"wp:featuredmedia":[{"embeddable":true,"href":"https:\/\/elmundodelapolitica.com\/v1\/wp-json\/wp\/v2\/media\/4173"}],"wp:attachment":[{"href":"https:\/\/elmundodelapolitica.com\/v1\/wp-json\/wp\/v2\/media?parent=4172"}],"wp:term":[{"taxonomy":"category","embeddable":true,"href":"https:\/\/elmundodelapolitica.com\/v1\/wp-json\/wp\/v2\/categories?post=4172"},{"taxonomy":"post_tag","embeddable":true,"href":"https:\/\/elmundodelapolitica.com\/v1\/wp-json\/wp\/v2\/tags?post=4172"}],"curies":[{"name":"wp","href":"https:\/\/api.w.org\/{rel}","templated":true}]}}