{"id":4166,"date":"2023-07-30T17:56:32","date_gmt":"2023-07-30T21:56:32","guid":{"rendered":"https:\/\/elmundodelapolitica.com\/v1\/?p=4166"},"modified":"2023-07-30T17:56:34","modified_gmt":"2023-07-30T21:56:34","slug":"leonel-dice-gobierno-de-prm-es-bulto-allante-y-movimiento","status":"publish","type":"post","link":"https:\/\/elmundodelapolitica.com\/v1\/leonel-dice-gobierno-de-prm-es-bulto-allante-y-movimiento\/","title":{"rendered":"Leonel dice gobierno de PRM es \u00abbulto, allante y movimiento\u00bb"},"content":{"rendered":"\n<p>HIGUEY.- El precandidato presidencial del partido Fuerza del Pueblo, Leonel Fern\u00e1ndez, volvi\u00f3 a criticar lo que llam\u00f3 \u00abimprovisaci\u00f3n y falta de planificaci\u00f3n\u00bb del presente gobierno.<\/p>\n\n\n\n<p>\u201cEl puente de la Otra Banda, en esta provincia La Altagracia, tiene un a\u00f1o fuera de servicio y no lo arreglan, se\u00f1al de ineficiencia y falta de planificaci\u00f3n de este gobierno\u201d, afirm\u00f3 Fern\u00e1ndez durante un acto aqu\u00ed en el cual juramento a nuevos integrantes de su partido.<\/p>\n\n\n\n<p>Agreg\u00f3 que \u00abeste es un gobierno de bulto, allante y movimiento; mucha espuma y poco chocolate; insensato e incapaz; por eso deben ir arreglando sus maletas, porque en el 2024 se van\u201d.<\/p>\n\n\n\n<p>Asimimo, critic\u00f3 el alto \u00edndice de pobreza predominante en La Altagracia, a pesar de generar tantas riquezas por concepto del turismo. \u201cPunta Cana recibe turistas de, Francia, Alemania, Estados Unidos, en gran cantidad; esto produce riqueza que La Altagracia disfruta muy poco\u201d, acot\u00f3 el aspirante a dirigir nuevamente los destinos del pa\u00eds.<\/p>\n\n\n\n<p>Afirm\u00f3 que \u00abhoy que en esta provincia se sell\u00f3 la victoria de la FP, tanto en la boleta municipal, como en la congresual y presidencial de los comicios del 2024\u00bb.<\/p>\n\n\n\n<p>\u201cDel partido de gobierno est\u00e1n renunciando en masas para juramentarse. Vienen a un partido de la oposici\u00f3n como la Fuerza del Pueblo, el cambio se convirti\u00f3 en un retroceso\u201d, manifest\u00f3<\/p>\n\n\n\n<p>Durante su estad\u00eda en La Altagracia, Fern\u00e1ndez tambi\u00e9n sostuvo encuentros con comunicadores u dirigentes comunitarios y visit\u00f3 al obispo de la di\u00f3cesis de La Altagracia, monse\u00f1or Jes\u00fas Castro Marte.<\/p>\n\n\n\n<p>El diputado Hamlet Melo, presente en el encuentro, dijo que el centro de ense\u00f1anza del idioma ingl\u00e9s en Ver\u00f3n, hace tiempo que est\u00e1 cerrado.<\/p>\n\n\n\n<p>Durante el encuentro con comunicadores, Leonel Fern\u00e1ndez estuvo acompa\u00f1ado del senador Virgilio Cedano y Ligia Amada Melo, coordinadora regional de la FP, entre otros dirigentes importantes de su partido.<\/p>\n","protected":false},"excerpt":{"rendered":"<p>HIGUEY.- El precandidato presidencial del partido Fuerza del Pueblo, Leonel Fern\u00e1ndez, volvi\u00f3 a criticar lo que llam\u00f3 \u00abimprovisaci\u00f3n y falta de planificaci\u00f3n\u00bb del presente gobierno. \u201cEl puente de la Otra&hellip; <\/p>\n","protected":false},"author":2,"featured_media":4167,"comment_status":"open","ping_status":"open","sticky":false,"template":"","format":"standard","meta":{"fifu_image_url":"","fifu_image_alt":"","footnotes":""},"categories":[5],"tags":[],"class_list":["post-4166","post","type-post","status-publish","format-standard","has-post-thumbnail","hentry","category-partidos"],"_links":{"self":[{"href":"https:\/\/elmundodelapolitica.com\/v1\/wp-json\/wp\/v2\/posts\/4166","targetHints":{"allow":["GET"]}}],"collection":[{"href":"https:\/\/elmundodelapolitica.com\/v1\/wp-json\/wp\/v2\/posts"}],"about":[{"href":"https:\/\/elmundodelapolitica.com\/v1\/wp-json\/wp\/v2\/types\/post"}],"author":[{"embeddable":true,"href":"https:\/\/elmundodelapolitica.com\/v1\/wp-json\/wp\/v2\/users\/2"}],"replies":[{"embeddable":true,"href":"https:\/\/elmundodelapolitica.com\/v1\/wp-json\/wp\/v2\/comments?post=4166"}],"version-history":[{"count":1,"href":"https:\/\/elmundodelapolitica.com\/v1\/wp-json\/wp\/v2\/posts\/4166\/revisions"}],"predecessor-version":[{"id":4168,"href":"https:\/\/elmundodelapolitica.com\/v1\/wp-json\/wp\/v2\/posts\/4166\/revisions\/4168"}],"wp:featuredmedia":[{"embeddable":true,"href":"https:\/\/elmundodelapolitica.com\/v1\/wp-json\/wp\/v2\/media\/4167"}],"wp:attachment":[{"href":"https:\/\/elmundodelapolitica.com\/v1\/wp-json\/wp\/v2\/media?parent=4166"}],"wp:term":[{"taxonomy":"category","embeddable":true,"href":"https:\/\/elmundodelapolitica.com\/v1\/wp-json\/wp\/v2\/categories?post=4166"},{"taxonomy":"post_tag","embeddable":true,"href":"https:\/\/elmundodelapolitica.com\/v1\/wp-json\/wp\/v2\/tags?post=4166"}],"curies":[{"name":"wp","href":"https:\/\/api.w.org\/{rel}","templated":true}]}}