{"id":416,"date":"2022-06-13T23:33:16","date_gmt":"2022-06-14T03:33:16","guid":{"rendered":"http:\/\/www.elmundodelapolitica.com\/v2\/?p=25490"},"modified":"2022-06-13T23:33:16","modified_gmt":"2022-06-14T03:33:16","slug":"anuncian-nuevos-beneficios-militares-pasan-a-retiro","status":"publish","type":"post","link":"https:\/\/elmundodelapolitica.com\/v1\/anuncian-nuevos-beneficios-militares-pasan-a-retiro\/","title":{"rendered":"Anuncian nuevos beneficios militares pasan a retiro"},"content":{"rendered":"\n<p><strong>SANTO DOMINGO, R.D.-&nbsp;<\/strong>La Junta de Retiro y fondos de Pensiones de las Fuerzas Armadas, del Ministerio de Defensa (MIDE), inform\u00f3 que los militares que no hayan ocupado funciones de Direcci\u00f3n y Subdirecci\u00f3n al momento de retirarse, recibir\u00e1n una compensaci\u00f3n econ\u00f3mica que se sumar\u00e1 al sueldo que le corresponde por el rango.<\/p>\n\n\n\n<p>Una nota informativa indica que los nuevos beneficios se otorgan cumpliendo instrucciones del Presidente de la Rep\u00fablica, Luis Abinader Corona, como parte de sus acciones destinadas a mejorar la vida de los militares y sus familias.<\/p>\n\n\n\n<p>El MIDE emiti\u00f3 la resoluci\u00f3n No. 22604, el 31 de mayo pasado, que autoriza a la Junta de Retiro y Fondo de Pensiones, a otorgar este beneficio a oficiales con los rangos de Generales de Brigada, Coronel y Teniente Coronel, y su equivalente en la Armada, \u201cque no hayan ocupado funciones de Director y Subdirector al momento de su retiro\u201d para les sea sumado al sueldo del rango, \u201cla compensaci\u00f3n econ\u00f3mica adicional, siempre y cuando hayan cotizado a los planes de retiro por un per\u00edodo m\u00ednimo de 12 meses\u201d.<\/p>\n\n\n\n<p>Los nuevos beneficios para los militares retirados incluyen tambi\u00e9n los rangos de Mayor, Capit\u00e1n, Primer y Segundo Teniente, con su equivalente en la Armada. Tambi\u00e9n a los Subtenientes III, II y I, y a los Sargento Mayor, Sargento, Cabo y Raso.<\/p>\n\n\n\n<p>Por ejemplo, indica la nota, un General de Brigada o Contralmirante con sueldo de RD$46,487.03 recibir\u00e1 una compensaci\u00f3n de RD$25,000.00 pesos, por lo que al momento de retirarse recibir\u00e1 una pensi\u00f3n de RD$71,487.03.<\/p>\n\n\n\n<p>En el caso de un Coronel o Capit\u00e1n de Nav\u00edo con sueldo de RD$38,187.54 recibir\u00e1 una compensaci\u00f3n de RD$16,000.00, y al momento de su retiro tendr\u00e1 una pensi\u00f3n de RD$54,187.54. Adem\u00e1s, un Cabo con sueldo de RD$17,052.71, llegada la hora de su retiro recibir\u00e1 una compensaci\u00f3n de RD$4,400.00 para disfrutar de una pensi\u00f3n de RD$21,452.71.<\/p>\n","protected":false},"excerpt":{"rendered":"<p>SANTO DOMINGO, R.D.-&nbsp;La Junta de Retiro y fondos de Pensiones de las Fuerzas Armadas, del Ministerio de Defensa (MIDE), inform\u00f3 que los militares que no hayan ocupado funciones de Direcci\u00f3n&hellip; <\/p>\n","protected":false},"author":2,"featured_media":417,"comment_status":"closed","ping_status":"open","sticky":false,"template":"","format":"standard","meta":{"fifu_image_url":"","fifu_image_alt":"","footnotes":""},"categories":[16],"tags":[],"class_list":["post-416","post","type-post","status-publish","format-standard","has-post-thumbnail","hentry","category-seguridad"],"_links":{"self":[{"href":"https:\/\/elmundodelapolitica.com\/v1\/wp-json\/wp\/v2\/posts\/416","targetHints":{"allow":["GET"]}}],"collection":[{"href":"https:\/\/elmundodelapolitica.com\/v1\/wp-json\/wp\/v2\/posts"}],"about":[{"href":"https:\/\/elmundodelapolitica.com\/v1\/wp-json\/wp\/v2\/types\/post"}],"author":[{"embeddable":true,"href":"https:\/\/elmundodelapolitica.com\/v1\/wp-json\/wp\/v2\/users\/2"}],"replies":[{"embeddable":true,"href":"https:\/\/elmundodelapolitica.com\/v1\/wp-json\/wp\/v2\/comments?post=416"}],"version-history":[{"count":0,"href":"https:\/\/elmundodelapolitica.com\/v1\/wp-json\/wp\/v2\/posts\/416\/revisions"}],"wp:featuredmedia":[{"embeddable":true,"href":"https:\/\/elmundodelapolitica.com\/v1\/wp-json\/wp\/v2\/media\/417"}],"wp:attachment":[{"href":"https:\/\/elmundodelapolitica.com\/v1\/wp-json\/wp\/v2\/media?parent=416"}],"wp:term":[{"taxonomy":"category","embeddable":true,"href":"https:\/\/elmundodelapolitica.com\/v1\/wp-json\/wp\/v2\/categories?post=416"},{"taxonomy":"post_tag","embeddable":true,"href":"https:\/\/elmundodelapolitica.com\/v1\/wp-json\/wp\/v2\/tags?post=416"}],"curies":[{"name":"wp","href":"https:\/\/api.w.org\/{rel}","templated":true}]}}