{"id":4148,"date":"2023-07-28T14:21:37","date_gmt":"2023-07-28T18:21:37","guid":{"rendered":"https:\/\/elmundodelapolitica.com\/v1\/?p=4148"},"modified":"2023-07-28T14:21:37","modified_gmt":"2023-07-28T18:21:37","slug":"invierte-santo-domingo-motors-rd800-millones-nueva-sede-regional-santiago","status":"publish","type":"post","link":"https:\/\/elmundodelapolitica.com\/v1\/invierte-santo-domingo-motors-rd800-millones-nueva-sede-regional-santiago\/","title":{"rendered":"Invierte Santo Domingo Motors RD$800 millones nueva sede regional Santiago"},"content":{"rendered":"<div>\n<p><em><strong>La empresa automotriz apuesta a la zona Norte con esta edificaci\u00f3n que generar\u00e1 cerca de 550 empleos directos e indirectos.<\/strong><\/em><\/p>\n<p><strong>Santiago, Rep. Dom.-<\/strong>\u00a0Con una inversi\u00f3n de 800 millones de pesos y la generaci\u00f3n de cerca de 550 empleos directos e indirectos, la empresa automotriz Santo Domingo Motors inaugur\u00f3 anoche en esta ciudad una moderna sucursal en el kil\u00f3metro 5 de la autopista Duarte, que servir\u00e1 de sede regional en el Cibao de sus operaciones administrativas, ventas y talleres.<\/p>\n<figure class=\"wp-block-image size-full\"><img data-attachment-id=\"31225\" data-permalink=\"https:\/\/elmundodelosnegocios.com.do\/v1\/index.php\/2023\/07\/28\/invierte-santo-domingo-motors-rd800-millones-nueva-sede-regional-santiago\/dsc5870-2\/\" data-orig-file=\"https:\/\/i0.wp.com\/elmundodelosnegocios.com.do\/v1\/wp-content\/uploads\/2023\/07\/DSC5870-2.jpg?fit=1000%2C667&amp;ssl=1\" data-orig-size=\"1000,667\" data-comments-opened=\"0\" data-image-meta='{\"aperture\":\"1.4\",\"credit\":\"miguel barrettt\",\"camera\":\"Canon EOS R6\",\"caption\":\"??????????????????????????????????????????????????????????????????????????????????????????????????????????????????????????????????????????????????????????????????????????????????????????????????????????????????????????????????????????????????????????????????\",\"created_timestamp\":\"1690502231\",\"copyright\":\"\",\"focal_length\":\"35\",\"iso\":\"250\",\"shutter_speed\":\"0.01\",\"title\":\"\",\"orientation\":\"1\"}' data-image-title=\"DSC5870-2\" data-image-description=\"&lt;p&gt;Cortan la cinta inaugural de la sucursal, Miguel Barletta, presidente del consejo de administraci\u00f3n de Santo Domingo Motors; An\u00edbal Rodr\u00edguez, presidente de esa empresa y los hermanos Alexis y Justine Anselin Barletta, miembros del consejo de administraci\u00f3n.&lt;\/p&gt;\n\" data-image-caption=\"&lt;p&gt;Cortan la cinta inaugural de la sucursal, Miguel Barletta, presidente del consejo de administraci\u00f3n de Santo Domingo Motors; An\u00edbal Rodr\u00edguez, presidente de esa empresa y los hermanos Alexis y Justine Anselin Barletta, miembros del consejo de administraci\u00f3n.&lt;\/p&gt;\n\" data-medium-file=\"https:\/\/i0.wp.com\/elmundodelosnegocios.com.do\/v1\/wp-content\/uploads\/2023\/07\/DSC5870-2.jpg?fit=300%2C200&amp;ssl=1\" data-large-file=\"https:\/\/i0.wp.com\/elmundodelosnegocios.com.do\/v1\/wp-content\/uploads\/2023\/07\/DSC5870-2.jpg?fit=1000%2C667&amp;ssl=1\" decoding=\"async\" loading=\"lazy\" width=\"1000\" height=\"667\" src=\"https:\/\/i0.wp.com\/elmundodelosnegocios.com.do\/v1\/wp-content\/uploads\/2023\/07\/DSC5870-2.jpg?resize=1000,667&amp;ssl=1\" alt=\"\" class=\"wp-image-31225\" srcset=\"https:\/\/i0.wp.com\/elmundodelosnegocios.com.do\/v1\/wp-content\/uploads\/2023\/07\/DSC5870-2.jpg?w=1000&amp;ssl=1 1000w, https:\/\/i0.wp.com\/elmundodelosnegocios.com.do\/v1\/wp-content\/uploads\/2023\/07\/DSC5870-2.jpg?resize=300%2C200&amp;ssl=1 300w, https:\/\/i0.wp.com\/elmundodelosnegocios.com.do\/v1\/wp-content\/uploads\/2023\/07\/DSC5870-2.jpg?resize=768%2C512&amp;ssl=1 768w\" sizes=\"auto, (max-width: 1000px) 100vw, 1000px\" data-recalc-dims=\"1\"><figcaption class=\"wp-element-caption\">Cortan la cinta inaugural de la sucursal, Miguel Barletta, presidente del consejo de administraci\u00f3n de Santo Domingo Motors; An\u00edbal Rodr\u00edguez, presidente de esa empresa y los hermanos Alexis y Justine Anselin Barletta, miembros del consejo de administraci\u00f3n.<\/figcaption><\/figure>\n<p>La apertura se llev\u00f3 a cabo en un acto que cont\u00f3 con las palabras centrales de An\u00edbal Rodr\u00edguez, presidente de Santo Domingo Motors, y estuvo encabezado por Miguel Barletta, presidente de su consejo de administraci\u00f3n; Alexis y Justine Anselin Barletta, miembros del consejo de administraci\u00f3n; Otto Justo, director de ventas directas de la empresa automotriz, y Carlos S\u00e1nchez, gerente de la nueva sucursal.<\/p>\n<figure class=\"wp-block-image size-large\"><img data-attachment-id=\"31226\" data-permalink=\"https:\/\/elmundodelosnegocios.com.do\/v1\/index.php\/2023\/07\/28\/invierte-santo-domingo-motors-rd800-millones-nueva-sede-regional-santiago\/dsc5871-1\/\" data-orig-file=\"https:\/\/i0.wp.com\/elmundodelosnegocios.com.do\/v1\/wp-content\/uploads\/2023\/07\/DSC5871-1-scaled.jpg?fit=2560%2C1707&amp;ssl=1\" data-orig-size=\"2560,1707\" data-comments-opened=\"0\" data-image-meta='{\"aperture\":\"2.8\",\"credit\":\"miguel barrettt\",\"camera\":\"Canon EOS R6\",\"caption\":\"El presidente de Santo Domingo Motors, Anu00edbal Rodru00edguez, pronuncia las palabras centrales del acto.\",\"created_timestamp\":\"1690501757\",\"copyright\":\"\",\"focal_length\":\"67\",\"iso\":\"640\",\"shutter_speed\":\"0.008\",\"title\":\"\",\"orientation\":\"1\"}' data-image-title=\"DSC5871-1\" data-image-description=\"\" data-image-caption=\"&lt;p&gt;El presidente de Santo Domingo Motors, An\u00edbal Rodr\u00edguez, pronuncia las palabras centrales del acto.&lt;\/p&gt;\n\" data-medium-file=\"https:\/\/i0.wp.com\/elmundodelosnegocios.com.do\/v1\/wp-content\/uploads\/2023\/07\/DSC5871-1-scaled.jpg?fit=300%2C200&amp;ssl=1\" data-large-file=\"https:\/\/i0.wp.com\/elmundodelosnegocios.com.do\/v1\/wp-content\/uploads\/2023\/07\/DSC5871-1-scaled.jpg?fit=1024%2C683&amp;ssl=1\" decoding=\"async\" loading=\"lazy\" width=\"1024\" height=\"683\" src=\"https:\/\/i0.wp.com\/elmundodelosnegocios.com.do\/v1\/wp-content\/uploads\/2023\/07\/DSC5871-1-1024x683.jpg?resize=1024,683&amp;ssl=1\" alt=\"\" class=\"wp-image-31226\" srcset=\"https:\/\/i0.wp.com\/elmundodelosnegocios.com.do\/v1\/wp-content\/uploads\/2023\/07\/DSC5871-1-scaled.jpg?resize=1024%2C683&amp;ssl=1 1024w, https:\/\/i0.wp.com\/elmundodelosnegocios.com.do\/v1\/wp-content\/uploads\/2023\/07\/DSC5871-1-scaled.jpg?resize=300%2C200&amp;ssl=1 300w, https:\/\/i0.wp.com\/elmundodelosnegocios.com.do\/v1\/wp-content\/uploads\/2023\/07\/DSC5871-1-scaled.jpg?resize=768%2C512&amp;ssl=1 768w, https:\/\/i0.wp.com\/elmundodelosnegocios.com.do\/v1\/wp-content\/uploads\/2023\/07\/DSC5871-1-scaled.jpg?resize=1536%2C1024&amp;ssl=1 1536w, https:\/\/i0.wp.com\/elmundodelosnegocios.com.do\/v1\/wp-content\/uploads\/2023\/07\/DSC5871-1-scaled.jpg?resize=2048%2C1365&amp;ssl=1 2048w, https:\/\/i0.wp.com\/elmundodelosnegocios.com.do\/v1\/wp-content\/uploads\/2023\/07\/DSC5871-1-scaled.jpg?w=2220 2220w\" sizes=\"auto, (max-width: 1024px) 100vw, 1024px\" data-recalc-dims=\"1\"><figcaption class=\"wp-element-caption\">El presidente de Santo Domingo Motors, An\u00edbal Rodr\u00edguez, pronuncia las palabras centrales del acto.<\/figcaption><\/figure>\n<p>Se dieron cita, adem\u00e1s, autoridades civiles y militares de la zona Norte, otros ejecutivos y colaboradores de la compa\u00f1\u00eda, empresarios, personalidades del sector automotriz e invitados especiales.<\/p>\n<p>El presidente de Santo Domingo Motors, An\u00edbal Rodr\u00edguez, resalt\u00f3 que \u201cnos sentimos honrados y comprometidos a seguir aportando al progreso de nuestro pa\u00eds, promoviendo la movilidad sostenible, la innovaci\u00f3n y el desarrollo econ\u00f3mico mediante la generaci\u00f3n empleos y la dinamizaci\u00f3n de un sector tan relevante para la econom\u00eda nacional, como lo es el de importaci\u00f3n y ventas de veh\u00edculos nuevos\u201d.<\/p>\n<p>Explic\u00f3 que Santo Domingo Motors est\u00e1 orientada a la innovaci\u00f3n y la vanguardia del sector automotriz, enfocada en brindar la mejor experiencia con el compromiso de la excelencia e integridad que les permite forjar relaciones duraderas y significativas con sus clientes.<\/p>\n<p>Rodr\u00edguez se\u00f1al\u00f3 que esta sucursal es mucho m\u00e1s que un edificio de vanguardia y tecnolog\u00eda, es el resultado del trabajo en equipo y del compromiso con sus valores fundamentales, es un espacio que ofrece productos de clase mundial y el mejor servicio postventa del mercado, honrando siempre el prop\u00f3sito de facilitar y mejorar la movilidad de las personas.<\/p>\n<p>La infraestructura tiene una dimensi\u00f3n de 12,300 metros cuadrados, con tres salones independientes destinados a la exhibici\u00f3n y ventas de los veh\u00edculos de las marcas que distribuye Santo Domingo Motors en el pa\u00eds.<\/p>\n<p><strong>Sobre Santo Domingo Motors<\/strong><\/p>\n<p>Santo Domingo Motors Company, S.A. es una empresa privada fundada en 1920. Representa una amplia gama de marcas reconocidas mundialmente por su calidad, incluyendo Nissan, Chevrolet, Suzuki, Infiniti, Cadillac y Yamaha. Asimismo, cuenta con una s\u00f3lida red de dealers para poner sus marcas a disposici\u00f3n de clientes por todo el territorio nacional. Tambi\u00e9n ofrece otros servicios que incluyen la asesor\u00eda en financiamientos y seguros para la compra de veh\u00edculos.<\/p>\n<\/div>\n","protected":false},"excerpt":{"rendered":"<p>La empresa automotriz apuesta a la zona Norte con esta edificaci\u00f3n que generar\u00e1 cerca de 550 empleos directos e indirectos. Santiago, Rep. Dom.-\u00a0Con una inversi\u00f3n de 800 millones de pesos&hellip; <\/p>\n","protected":false},"author":2,"featured_media":4149,"comment_status":"closed","ping_status":"closed","sticky":false,"template":"","format":"standard","meta":{"fifu_image_url":"https:\/\/i0.wp.com\/elmundodelosnegocios.com.do\/v1\/wp-content\/uploads\/2023\/07\/DSC5870-2.jpg?resize=1000,667&ssl=1","fifu_image_alt":"Invierte Santo Domingo Motors RD$800 millones nueva sede regional Santiago","footnotes":""},"categories":[63],"tags":[],"class_list":["post-4148","post","type-post","status-publish","format-standard","has-post-thumbnail","hentry","category-actualidad"],"_links":{"self":[{"href":"https:\/\/elmundodelapolitica.com\/v1\/wp-json\/wp\/v2\/posts\/4148","targetHints":{"allow":["GET"]}}],"collection":[{"href":"https:\/\/elmundodelapolitica.com\/v1\/wp-json\/wp\/v2\/posts"}],"about":[{"href":"https:\/\/elmundodelapolitica.com\/v1\/wp-json\/wp\/v2\/types\/post"}],"author":[{"embeddable":true,"href":"https:\/\/elmundodelapolitica.com\/v1\/wp-json\/wp\/v2\/users\/2"}],"replies":[{"embeddable":true,"href":"https:\/\/elmundodelapolitica.com\/v1\/wp-json\/wp\/v2\/comments?post=4148"}],"version-history":[{"count":0,"href":"https:\/\/elmundodelapolitica.com\/v1\/wp-json\/wp\/v2\/posts\/4148\/revisions"}],"wp:featuredmedia":[{"embeddable":true,"href":"https:\/\/elmundodelapolitica.com\/v1\/wp-json\/wp\/v2\/media\/4149"}],"wp:attachment":[{"href":"https:\/\/elmundodelapolitica.com\/v1\/wp-json\/wp\/v2\/media?parent=4148"}],"wp:term":[{"taxonomy":"category","embeddable":true,"href":"https:\/\/elmundodelapolitica.com\/v1\/wp-json\/wp\/v2\/categories?post=4148"},{"taxonomy":"post_tag","embeddable":true,"href":"https:\/\/elmundodelapolitica.com\/v1\/wp-json\/wp\/v2\/tags?post=4148"}],"curies":[{"name":"wp","href":"https:\/\/api.w.org\/{rel}","templated":true}]}}