{"id":4146,"date":"2023-07-28T14:07:39","date_gmt":"2023-07-28T18:07:39","guid":{"rendered":"https:\/\/elmundodelapolitica.com\/v1\/?p=4146"},"modified":"2023-07-28T14:07:39","modified_gmt":"2023-07-28T18:07:39","slug":"acuerdan-promover-proyectos-inmobiliarios-en-la-rd","status":"publish","type":"post","link":"https:\/\/elmundodelapolitica.com\/v1\/acuerdan-promover-proyectos-inmobiliarios-en-la-rd\/","title":{"rendered":"Acuerdan promover proyectos inmobiliarios en la RD"},"content":{"rendered":"<div>\n<p><strong>The Simple Rent y Grupo Pedralbes inician operaciones con desarrollo en Santo Domingo<\/strong><\/p>\n<p><strong>Santo Domingo.-<\/strong>\u00a0The Simple Rent\u00a0firma inmobiliaria promotora y la constructora Pedralbes,\u00a0han firmado una alianza para promover proyectos residenciales en Rep\u00fablica Dominicana.\u00a0 En el caso de The Simple Rent, aporta\u00a0su conocimiento de m\u00e1s de 25 a\u00f1os dentro del sector inmobiliario y en la gesti\u00f3n de proyectos Build to Rent y m\u00e1s de 200 franquicias inmobiliarias en el territorio espa\u00f1ol. De su parte, Grupo Pedralbes su experiencia en el mercado local, con proyectos avalados por su calidad y estructura.<\/p>\n<div class=\"wp-block-image\">\n<figure class=\"aligncenter size-large\"><img data-attachment-id=\"31222\" data-permalink=\"https:\/\/elmundodelosnegocios.com.do\/v1\/index.php\/2023\/07\/28\/acuerdan-promover-proyectos-inmobiliarios-en-la-rd\/1-7-4\/\" data-orig-file=\"https:\/\/i0.wp.com\/elmundodelosnegocios.com.do\/v1\/wp-content\/uploads\/2023\/07\/1-7.jpeg?fit=2156%2C1536&amp;ssl=1\" data-orig-size=\"2156,1536\" data-comments-opened=\"0\" data-image-meta='{\"aperture\":\"4\",\"credit\":\"\",\"camera\":\"NIKON D750\",\"caption\":\"\",\"created_timestamp\":\"0\",\"copyright\":\"\",\"focal_length\":\"26\",\"iso\":\"320\",\"shutter_speed\":\"0.01\",\"title\":\"\",\"orientation\":\"1\"}' data-image-title=\"1-7\" data-image-description=\"\" data-image-caption=\"\" data-medium-file=\"https:\/\/i0.wp.com\/elmundodelosnegocios.com.do\/v1\/wp-content\/uploads\/2023\/07\/1-7.jpeg?fit=300%2C214&amp;ssl=1\" data-large-file=\"https:\/\/i0.wp.com\/elmundodelosnegocios.com.do\/v1\/wp-content\/uploads\/2023\/07\/1-7.jpeg?fit=1024%2C730&amp;ssl=1\" decoding=\"async\" loading=\"lazy\" width=\"1024\" height=\"730\" src=\"https:\/\/i0.wp.com\/elmundodelosnegocios.com.do\/v1\/wp-content\/uploads\/2023\/07\/1-7-1024x730.jpeg?resize=1024,730&amp;ssl=1\" alt=\"\" class=\"wp-image-31222\" srcset=\"https:\/\/i0.wp.com\/elmundodelosnegocios.com.do\/v1\/wp-content\/uploads\/2023\/07\/1-7.jpeg?resize=1024%2C730&amp;ssl=1 1024w, https:\/\/i0.wp.com\/elmundodelosnegocios.com.do\/v1\/wp-content\/uploads\/2023\/07\/1-7.jpeg?resize=300%2C214&amp;ssl=1 300w, https:\/\/i0.wp.com\/elmundodelosnegocios.com.do\/v1\/wp-content\/uploads\/2023\/07\/1-7.jpeg?resize=768%2C547&amp;ssl=1 768w, https:\/\/i0.wp.com\/elmundodelosnegocios.com.do\/v1\/wp-content\/uploads\/2023\/07\/1-7.jpeg?resize=1536%2C1094&amp;ssl=1 1536w, https:\/\/i0.wp.com\/elmundodelosnegocios.com.do\/v1\/wp-content\/uploads\/2023\/07\/1-7.jpeg?resize=2048%2C1459&amp;ssl=1 2048w\" sizes=\"auto, (max-width: 1024px) 100vw, 1024px\" data-recalc-dims=\"1\"><\/figure>\n<\/div>\n<p>\u201cNuestra gran diferencia es que evolucionamos el concepto de Real Estate. Somos expertos en la gesti\u00f3n patrimonial inmobiliaria gracias a la confianza de m\u00e1s de 90.000 propietarios en Espa\u00f1a. Ahora llevamos nuestro enfoque hacia Latinoam\u00e9rica y en especial, hacia Rep\u00fablica Dominicana\u201d, se\u00f1ala\u00a0Sonia Campuzano, CEO de The Simple Rent.<\/p>\n<div class=\"wp-block-image\">\n<figure class=\"aligncenter size-large\"><img data-attachment-id=\"31221\" data-permalink=\"https:\/\/elmundodelosnegocios.com.do\/v1\/index.php\/2023\/07\/28\/acuerdan-promover-proyectos-inmobiliarios-en-la-rd\/dsc5870-1\/\" data-orig-file=\"https:\/\/i0.wp.com\/elmundodelosnegocios.com.do\/v1\/wp-content\/uploads\/2023\/07\/DSC5870-1.jpg?fit=1144%2C760&amp;ssl=1\" data-orig-size=\"1144,760\" data-comments-opened=\"0\" data-image-meta='{\"aperture\":\"2.8\",\"credit\":\"\",\"camera\":\"NIKON D90\",\"caption\":\"\",\"created_timestamp\":\"1462789218\",\"copyright\":\"\",\"focal_length\":\"24\",\"iso\":\"0\",\"shutter_speed\":\"0.0125\",\"title\":\"\",\"orientation\":\"1\"}' data-image-title=\"DSC5870-1\" data-image-description=\"\" data-image-caption=\"\" data-medium-file=\"https:\/\/i0.wp.com\/elmundodelosnegocios.com.do\/v1\/wp-content\/uploads\/2023\/07\/DSC5870-1.jpg?fit=300%2C199&amp;ssl=1\" data-large-file=\"https:\/\/i0.wp.com\/elmundodelosnegocios.com.do\/v1\/wp-content\/uploads\/2023\/07\/DSC5870-1.jpg?fit=1024%2C680&amp;ssl=1\" decoding=\"async\" loading=\"lazy\" width=\"1024\" height=\"680\" src=\"https:\/\/i0.wp.com\/elmundodelosnegocios.com.do\/v1\/wp-content\/uploads\/2023\/07\/DSC5870-1-1024x680.jpg?resize=1024,680&amp;ssl=1\" alt=\"\" class=\"wp-image-31221\" srcset=\"https:\/\/i0.wp.com\/elmundodelosnegocios.com.do\/v1\/wp-content\/uploads\/2023\/07\/DSC5870-1.jpg?resize=1024%2C680&amp;ssl=1 1024w, https:\/\/i0.wp.com\/elmundodelosnegocios.com.do\/v1\/wp-content\/uploads\/2023\/07\/DSC5870-1.jpg?resize=300%2C199&amp;ssl=1 300w, https:\/\/i0.wp.com\/elmundodelosnegocios.com.do\/v1\/wp-content\/uploads\/2023\/07\/DSC5870-1.jpg?resize=768%2C510&amp;ssl=1 768w, https:\/\/i0.wp.com\/elmundodelosnegocios.com.do\/v1\/wp-content\/uploads\/2023\/07\/DSC5870-1.jpg?w=1144&amp;ssl=1 1144w\" sizes=\"auto, (max-width: 1024px) 100vw, 1024px\" data-recalc-dims=\"1\"><\/figure>\n<\/div>\n<p>\u201cEn Grupo Pedralbes confiamos en que esta alianza sea la puerta de muchos proyectos juntos, en donde podamos poner en valor parte de nuestro ADN, la efectividad en los tiempos de ejecuci\u00f3n, la calidad de las obras y garant\u00eda eficaz en cada proyecto\u201d, explica\u00a0Carlos Paulino, CFO de Grupo Pedralbes.<\/p>\n<p>El primer proyecto conjunto que trabajar\u00e1n juntas las dos constructoras es Uniko, una torre nacida bajo el concepto de lujo ubicado en el sector La Julia de Santo Domingo.<\/p>\n<p>\u201cUniko se posiciona como un nuevo concepto,\u00a0para construir atm\u00f3sferas y experiencias altamente sensoriales y grandes experienciales a trav\u00e9s de la luz,\u00a0en el que 60 exclusivas viviendas se distribuir\u00e1n en un total de seis niveles.\u201d, explica Campuzano.<\/p>\n<p>\u201cGrupo Pedralbes est\u00e1 muy en sinton\u00eda con las necesidades del comprador local, por eso, el incluir las \u00e1reas de Coworking, Clubhouse, Gimnasio y Piscina con vistas al mar en el rooftop, entre otras, para ofrecer una experiencia incre\u00edble\u201d, se\u00f1ala Paulino.<\/p>\n<\/div>\n","protected":false},"excerpt":{"rendered":"<p>The Simple Rent y Grupo Pedralbes inician operaciones con desarrollo en Santo Domingo Santo Domingo.-\u00a0The Simple Rent\u00a0firma inmobiliaria promotora y la constructora Pedralbes,\u00a0han firmado una alianza para promover proyectos residenciales&hellip; <\/p>\n","protected":false},"author":2,"featured_media":4147,"comment_status":"closed","ping_status":"closed","sticky":false,"template":"","format":"standard","meta":{"fifu_image_url":"https:\/\/i0.wp.com\/elmundodelosnegocios.com.do\/v1\/wp-content\/uploads\/2023\/07\/1-7-1024x730.jpeg?resize=1024,730&ssl=1","fifu_image_alt":"Acuerdan promover proyectos inmobiliarios en la RD","footnotes":""},"categories":[63],"tags":[],"class_list":["post-4146","post","type-post","status-publish","format-standard","has-post-thumbnail","hentry","category-actualidad"],"_links":{"self":[{"href":"https:\/\/elmundodelapolitica.com\/v1\/wp-json\/wp\/v2\/posts\/4146","targetHints":{"allow":["GET"]}}],"collection":[{"href":"https:\/\/elmundodelapolitica.com\/v1\/wp-json\/wp\/v2\/posts"}],"about":[{"href":"https:\/\/elmundodelapolitica.com\/v1\/wp-json\/wp\/v2\/types\/post"}],"author":[{"embeddable":true,"href":"https:\/\/elmundodelapolitica.com\/v1\/wp-json\/wp\/v2\/users\/2"}],"replies":[{"embeddable":true,"href":"https:\/\/elmundodelapolitica.com\/v1\/wp-json\/wp\/v2\/comments?post=4146"}],"version-history":[{"count":0,"href":"https:\/\/elmundodelapolitica.com\/v1\/wp-json\/wp\/v2\/posts\/4146\/revisions"}],"wp:featuredmedia":[{"embeddable":true,"href":"https:\/\/elmundodelapolitica.com\/v1\/wp-json\/wp\/v2\/media\/4147"}],"wp:attachment":[{"href":"https:\/\/elmundodelapolitica.com\/v1\/wp-json\/wp\/v2\/media?parent=4146"}],"wp:term":[{"taxonomy":"category","embeddable":true,"href":"https:\/\/elmundodelapolitica.com\/v1\/wp-json\/wp\/v2\/categories?post=4146"},{"taxonomy":"post_tag","embeddable":true,"href":"https:\/\/elmundodelapolitica.com\/v1\/wp-json\/wp\/v2\/tags?post=4146"}],"curies":[{"name":"wp","href":"https:\/\/api.w.org\/{rel}","templated":true}]}}