{"id":4138,"date":"2023-07-28T01:08:37","date_gmt":"2023-07-28T05:08:37","guid":{"rendered":"https:\/\/elmundodelapolitica.com\/v1\/?p=4138"},"modified":"2023-07-28T01:08:37","modified_gmt":"2023-07-28T05:08:37","slug":"arajet-anuncia-una-nueva-ruta-a-montreal-a-una-tarifa-inicial-de-usd155","status":"publish","type":"post","link":"https:\/\/elmundodelapolitica.com\/v1\/arajet-anuncia-una-nueva-ruta-a-montreal-a-una-tarifa-inicial-de-usd155\/","title":{"rendered":"Arajet anuncia una nueva ruta a Montreal a una tarifa inicial de USD155"},"content":{"rendered":"<p>SANTO DOMINGO, Rep\u00fablica Dominicana&#8211;(BUSINESS WIRE)&#8211;Arajet, la aerol\u00ednea de tarifas bajas del Caribe, anunci\u00f3 hoy el lanzamiento de su segunda ruta a Canad\u00e1, con vuelos directos desde y hacia Santo Domingo y Montreal.<br \/>\nLa nueva ruta iniciar\u00e1 operaciones el 7 de noviembre de 2023 y operar\u00e1 4 d\u00edas a la semana con una tarifa inicial de $155 USD (solo ida, impuestos incluidos). En futuro, se planifica incluir m\u00e1s conexiones a otros destinos en Norte, Centro, Sudam\u00e9rica y el Caribe.<br \/>\n\u201cArajet mantiene su compromiso con el crecimiento y la expansi\u00f3n de nuestro hub. Ahora, en particular nos enfocamos en Canad\u00e1, el segundo pa\u00eds de origen de los turistas a la Rep\u00fablica Dominicana, y con una di\u00e1spora de m\u00e1s de 50 mil dominicanos que ahora cuentan con una aerol\u00ednea nacional para visitar sus amigos y familiares\", dijo V\u00edctor Pacheco M\u00e9ndez, director general y fundador de Arajet. \u201cLos ciudadanos de Montreal y Santo Domingo cuentan, por primera vez, con una aerol\u00ednea que ofrece vuelos directos al mejor precio del mercado. Esto generar\u00e1 mayores beneficios para ambos pa\u00edses, ya que fortalecer\u00e1 el intercambio comercial y cultural, as\u00ed como el turismo\u201d.<br \/>\n\u201cArajet invita a todos los canadienses a disfrutar de las hermosas playas dominicanas y alienta a los dominicanos a disfrutar de la diversidad cultural que ofrece Quebec, con eventos de recreaci\u00f3n deportiva como los juegos de hockey, el esqu\u00ed en la nieve, las carreras de F\u00f3rmula 1 y mucho m\u00e1s\u201d, agreg\u00f3 Pacheco.<br \/>\nActualmente, Arajet ofrece vuelos directos a 20 destinos en 14 pa\u00edses, convirtiendo a Rep\u00fablica Dominicana en el nuevo hub de bajo precio del continente. La aerol\u00ednea cuenta con una nueva flota de aviones Boeing 737 MAX 8 respetuosos con el medio ambiente que reducen la contaminaci\u00f3n s\u00f3nica hasta en un 40 %.<br \/>\nLas nuevas rutas de vuelo Santo Domingo (SDQ) \u2013 (YUL) est\u00e1n disponibles mediante promoci\u00f3n solo en www.arajet.com.<br \/>\nAcerca de Arajet<br \/>\nArajet , la primera aerol\u00ednea de tarifas bajas en la regi\u00f3n del Caribe, comenz\u00f3 a operar en septiembre de 2022 desde su base en el Aeropuerto de Las Am\u00e9ricas en Santo Domingo, bajo su certificado de operador a\u00e9reo (AOC) de la Rep\u00fablica Dominicana. Arajet opera una nueva flota de aviones Boeing 737MAX-8 que ofrecen viajes seguros y asequibles desde y hacia la Rep\u00fablica Dominicana a varios destinos en Am\u00e9rica del Norte, Central y del Sur, y la regi\u00f3n del Caribe. Para obtener m\u00e1s informaci\u00f3n, visite www.Arajet.com.<br \/>\nEl texto original en el idioma fuente de este comunicado es la versi\u00f3n oficial autorizada. Las traducciones solo se suministran como adaptaci\u00f3n y deben cotejarse con el texto en el idioma fuente, que es la \u00fanica versi\u00f3n del texto que tendr\u00e1 un efecto legal. Contacts<br \/>\nManuel.luna@arajet.com +1-829-764-5862<\/p>\n","protected":false},"excerpt":{"rendered":"<div>\n<p>SANTO DOMINGO, Rep\u00fablica Dominicana&#8211;(BUSINESS WIRE)&#8211;Arajet, la aerol\u00ednea de tarifas bajas del Caribe, anunci\u00f3 hoy el lanzamiento de su segunda ruta a Canad\u00e1, con vuelos directos desde y hacia Santo Domingo y Montreal.<\/p>\n<p><a href=\"https:\/\/mms.businesswire.com\/media\/20230727875094\/es\/1851662\/5\/Cabarete_2.jpg\"><img decoding=\"async\" src=\"https:\/\/mms.businesswire.com\/media\/20230727919291\/en\/1851662\/21\/Cabarete_2.jpg\"><\/a><br \/><a href=\"https:\/\/mms.businesswire.com\/media\/20230727875094\/es\/1851662\/5\/Cabarete_2.jpg\"><img decoding=\"async\" src=\"https:\/\/mms.businesswire.com\/media\/20230727875094\/es\/1851662\/22\/Cabarete_2.jpg\"><\/a><br \/><a href=\"https:\/\/mms.businesswire.com\/media\/20230727875094\/es\/1851635\/4\/Arajet_Logo.jpg\"><img decoding=\"async\" src=\"https:\/\/mms.businesswire.com\/media\/20230727919291\/en\/1851635\/21\/Arajet_Logo.jpg\"><\/a><br \/><a href=\"https:\/\/mms.businesswire.com\/media\/20230727875094\/es\/1851635\/4\/Arajet_Logo.jpg\"><img decoding=\"async\" src=\"https:\/\/mms.businesswire.com\/media\/20230727875094\/es\/1851635\/22\/Arajet_Logo.jpg\"><\/a><\/p>\n<p>\nLa nueva ruta iniciar\u00e1 operaciones el 7 de noviembre de 2023 y operar\u00e1 4 d\u00edas a la semana con una tarifa inicial de $155 USD (solo ida, impuestos incluidos). En futuro, se planifica incluir m\u00e1s conexiones a otros destinos en Norte, Centro, Sudam\u00e9rica y el Caribe.<\/p>\n<p>\n\u201c<!-- no quote -->Arajet mantiene su compromiso con el crecimiento y la expansi\u00f3n de nuestro hub. Ahora, en particular nos enfocamos en Canad\u00e1, el segundo pa\u00eds de origen de los turistas a la Rep\u00fablica Dominicana, y con una di\u00e1spora de m\u00e1s de 50 mil dominicanos que ahora cuentan con una aerol\u00ednea nacional para visitar sus amigos y familiares\", dijo V\u00edctor Pacheco M\u00e9ndez, director general y fundador de Arajet. \u201c<!-- no quote -->Los ciudadanos de Montreal y Santo Domingo cuentan, por primera vez, con una aerol\u00ednea que ofrece vuelos directos al mejor precio del mercado. Esto generar\u00e1 mayores beneficios para ambos pa\u00edses, ya que fortalecer\u00e1 el intercambio comercial y cultural, as\u00ed como el turismo\u201d.<\/p>\n<p>\n\u201c<!-- no quote -->Arajet invita a todos los canadienses a disfrutar de las hermosas playas dominicanas y alienta a los dominicanos a disfrutar de la diversidad cultural que ofrece Quebec, con eventos de recreaci\u00f3n deportiva como los juegos de hockey, el esqu\u00ed en la nieve, las carreras de F\u00f3rmula 1 y mucho m\u00e1s\u201d, agreg\u00f3 Pacheco.<\/p>\n<p>\nActualmente, Arajet ofrece vuelos directos a 20 destinos en 14 pa\u00edses, convirtiendo a Rep\u00fablica Dominicana en el nuevo hub de bajo precio del continente. La aerol\u00ednea cuenta con una nueva flota de aviones Boeing 737 MAX 8 respetuosos con el medio ambiente que reducen la contaminaci\u00f3n s\u00f3nica hasta en un 40 %.<\/p>\n<p>\nLas nuevas rutas de vuelo Santo Domingo (SDQ) \u2013 (YUL) est\u00e1n disponibles mediante promoci\u00f3n solo en <a target=\"_blank\" href=\"https:\/\/cts.businesswire.com\/ct\/CT?id=smartlink&amp;url=http%3A%2F%2Fwww.arajet.com&amp;esheet=53487235&amp;newsitemid=20230727875094&amp;lan=es-AR&amp;anchor=www.arajet.com&amp;index=1&amp;md5=95fc01e01d831bf36cdea729ef30f342\" rel=\"nofollow noopener\">www.arajet.com<\/a>.<\/p>\n<p>\n<b><span class=\"bwuline\">Acerca de Arajet<\/span><\/b><\/p>\n<p>\nArajet<b> <\/b>, la primera aerol\u00ednea de tarifas bajas en la regi\u00f3n del Caribe, comenz\u00f3 a operar en septiembre de 2022 desde su base en el Aeropuerto de Las Am\u00e9ricas en Santo Domingo, bajo su certificado de operador a\u00e9reo (AOC) de la Rep\u00fablica Dominicana. Arajet opera una nueva flota de aviones Boeing 737MAX-8 que ofrecen viajes seguros y asequibles desde y hacia la Rep\u00fablica Dominicana a varios destinos en Am\u00e9rica del Norte, Central y del Sur, y la regi\u00f3n del Caribe. Para obtener m\u00e1s informaci\u00f3n, visite <a target=\"_blank\" href=\"https:\/\/cts.businesswire.com\/ct\/CT?id=smartlink&amp;url=http%3A%2F%2Fwww.Arajet.com&amp;esheet=53487235&amp;newsitemid=20230727875094&amp;lan=es-AR&amp;anchor=www.Arajet.com&amp;index=2&amp;md5=4e7c58dc86756a0615e1113140ad3a92\" rel=\"nofollow noopener\">www.Arajet.com<\/a>.<\/p>\n<p>\nEl texto original en el idioma fuente de este comunicado es la versi\u00f3n oficial autorizada. Las traducciones solo se suministran como adaptaci\u00f3n y deben cotejarse con el texto en el idioma fuente, que es la \u00fanica versi\u00f3n del texto que tendr\u00e1 un efecto legal.<\/p>\n<p> <b>Contacts<\/b> <\/p>\n<p>\n<a target=\"_blank\" href=\"mailto:Manuel.luna@arajet.com\" rel=\"nofollow noopener\">Manuel.luna@arajet.com<\/a> +1-829-764-5862<\/p>\n<\/div>\n","protected":false},"author":2,"featured_media":4139,"comment_status":"closed","ping_status":"closed","sticky":false,"template":"","format":"standard","meta":{"fifu_image_url":"https:\/\/mms.businesswire.com\/media\/20230727919291\/en\/1851662\/21\/Cabarete_2.jpg","fifu_image_alt":"Arajet anuncia una nueva ruta a Montreal a una tarifa inicial de USD155","footnotes":""},"categories":[44],"tags":[],"class_list":["post-4138","post","type-post","status-publish","format-standard","has-post-thumbnail","hentry","category-business-wire"],"_links":{"self":[{"href":"https:\/\/elmundodelapolitica.com\/v1\/wp-json\/wp\/v2\/posts\/4138","targetHints":{"allow":["GET"]}}],"collection":[{"href":"https:\/\/elmundodelapolitica.com\/v1\/wp-json\/wp\/v2\/posts"}],"about":[{"href":"https:\/\/elmundodelapolitica.com\/v1\/wp-json\/wp\/v2\/types\/post"}],"author":[{"embeddable":true,"href":"https:\/\/elmundodelapolitica.com\/v1\/wp-json\/wp\/v2\/users\/2"}],"replies":[{"embeddable":true,"href":"https:\/\/elmundodelapolitica.com\/v1\/wp-json\/wp\/v2\/comments?post=4138"}],"version-history":[{"count":0,"href":"https:\/\/elmundodelapolitica.com\/v1\/wp-json\/wp\/v2\/posts\/4138\/revisions"}],"wp:featuredmedia":[{"embeddable":true,"href":"https:\/\/elmundodelapolitica.com\/v1\/wp-json\/wp\/v2\/media\/4139"}],"wp:attachment":[{"href":"https:\/\/elmundodelapolitica.com\/v1\/wp-json\/wp\/v2\/media?parent=4138"}],"wp:term":[{"taxonomy":"category","embeddable":true,"href":"https:\/\/elmundodelapolitica.com\/v1\/wp-json\/wp\/v2\/categories?post=4138"},{"taxonomy":"post_tag","embeddable":true,"href":"https:\/\/elmundodelapolitica.com\/v1\/wp-json\/wp\/v2\/tags?post=4138"}],"curies":[{"name":"wp","href":"https:\/\/api.w.org\/{rel}","templated":true}]}}