{"id":4136,"date":"2023-07-28T01:07:35","date_gmt":"2023-07-28T05:07:35","guid":{"rendered":"https:\/\/elmundodelapolitica.com\/v1\/?p=4136"},"modified":"2023-07-28T01:07:35","modified_gmt":"2023-07-28T05:07:35","slug":"peru-moda-deco-2023-abre-sus-puertas-al-mundo-para-promover-una-industria-mas-sostenible","status":"publish","type":"post","link":"https:\/\/elmundodelapolitica.com\/v1\/peru-moda-deco-2023-abre-sus-puertas-al-mundo-para-promover-una-industria-mas-sostenible\/","title":{"rendered":"Per\u00fa Moda Deco 2023 abre sus puertas al mundo para promover una industria m\u00e1s sostenible"},"content":{"rendered":"<p>LIMA, Per\u00fa&#8211;(BUSINESS WIRE)&#8211;Per\u00fa Moda Deco celebra su 25\u00b0 aniversario, con una edici\u00f3n especial llevada a cabo los d\u00edas 19 y 20 de octubre del 2023, bajo el concepto In harmony with the world.<br \/>\nEl evento comercial m\u00e1s destacado de la industria de la vestimenta y decoraci\u00f3n del Per\u00fa, ha sido un escaparate excepcional desde sus inicios, para dar a conocer al mundo lo mejor de la oferta exportable peruana de prendas de algod\u00f3n, alpaca y prendas para beb\u00e9s y ni\u00f1os, as\u00ed como calzados, joyer\u00eda y productos de decoraci\u00f3n y regalo.<br \/>\nComo todos los a\u00f1os, Per\u00fa Moda Deco abre sus puertas a todos los profesionales del sector a nivel mundial, interesados en descubrir la diversidad y calidad de la oferta de la industria peruana, y establecer contactos comerciales de valor en un entorno lleno de innovaci\u00f3n, cultura y tendencias. En esta edici\u00f3n, participar\u00e1n 200 empresas de las distintas regiones del pa\u00eds sudamericano.<br \/>\nPer\u00fa Moda Deco cumple 25 a\u00f1os resaltando la riqueza y sostenibilidad de los recursos naturales peruanos, promoviendo prendas y productos elaborados con materiales originarios como la fibra de algod\u00f3n y de alpaca, \u00e9sta \u00faltima procedente de las regiones del sur del pa\u00eds como Arequipa, Cusco y Puno.<br \/>\nEl evento organizado por PROMPER\u00da, agencia de promoci\u00f3n de las exportaciones del pa\u00eds, contar\u00e1 con diversos componentes que invitan a la colaboraci\u00f3n y construcci\u00f3n conjunta de una propuesta m\u00e1s comprometida con el medio ambiente y el cambio social. A trav\u00e9s de conferencias internacionales, ruedas de negocios, activaciones y espacios de networking, los participantes podr\u00e1n sumergirse en la propuesta de Peru Moda Deco.<br \/>\nEsta plataforma es una muestra del respeto y valoraci\u00f3n hacia las t\u00e9cnicas ancestrales que, combinadas con la innovaci\u00f3n y la creatividad, presentan propuestas vanguardistas acorde a las tendencias comerciales del mercado, llegando a generar piezas con gran acabado y cuidado en los detalles.<br \/>\nMediante este tipo de actividades, Per\u00fa promueve acciones que permitan crear una industria con conciencia, donde la naturaleza y los actores de la cadena productiva puedan convivir en armon\u00eda.<br \/>\nPara registrarse en Per\u00fa Moda Deco 2023, pueden contactar con la Oficina Comercial de PROMPER\u00da en su pa\u00eds y\/o ingresar aqu\u00ed: https:\/\/eventospromperu.org.pe\/event\/perumoda2023 Contacts<br \/>\njcornejo@promperuext.pe<\/p>\n","protected":false},"excerpt":{"rendered":"<div>\n<p>LIMA, Per\u00fa&#8211;(BUSINESS WIRE)&#8211;Per\u00fa Moda Deco celebra su 25\u00b0 aniversario, con una edici\u00f3n especial llevada a cabo los d\u00edas 19 y 20 de octubre del 2023, bajo el concepto <i>In harmony with the world<\/i>.<\/p>\n<p><a href=\"https:\/\/mms.businesswire.com\/media\/20230727372488\/es\/1852726\/5\/ModaPeru_50_preview.jpg\"><img decoding=\"async\" src=\"https:\/\/mms.businesswire.com\/media\/20230727372488\/es\/1852726\/21\/ModaPeru_50_preview.jpg\"><\/a><br \/><a href=\"https:\/\/mms.businesswire.com\/media\/20230727372488\/es\/1852726\/5\/ModaPeru_50_preview.jpg\"><img decoding=\"async\" src=\"https:\/\/mms.businesswire.com\/media\/20230727372488\/es\/1852726\/22\/ModaPeru_50_preview.jpg\"><\/a><br \/><a href=\"https:\/\/mms.businesswire.com\/media\/20230727372488\/es\/1852691\/4\/Marca_Per%C3%BA_-_fondoblanco.jpg\"><img decoding=\"async\" src=\"https:\/\/mms.businesswire.com\/media\/20230727372488\/es\/1852691\/21\/Marca_Per%C3%BA_-_fondoblanco.jpg\"><\/a><br \/><a href=\"https:\/\/mms.businesswire.com\/media\/20230727372488\/es\/1852691\/4\/Marca_Per%C3%BA_-_fondoblanco.jpg\"><img decoding=\"async\" src=\"https:\/\/mms.businesswire.com\/media\/20230727372488\/es\/1852691\/22\/Marca_Per%C3%BA_-_fondoblanco.jpg\"><\/a><\/p>\n<p>\nEl evento comercial m\u00e1s destacado de la industria de la vestimenta y decoraci\u00f3n del Per\u00fa, ha sido un escaparate excepcional desde sus inicios, para dar a conocer al mundo lo mejor de la oferta exportable peruana de prendas de algod\u00f3n, alpaca y prendas para beb\u00e9s y ni\u00f1os, as\u00ed como calzados, joyer\u00eda y productos de decoraci\u00f3n y regalo.<\/p>\n<p>\nComo todos los a\u00f1os, Per\u00fa Moda Deco abre sus puertas a todos los profesionales del sector a nivel mundial, interesados en descubrir la diversidad y calidad de la oferta de la industria peruana, y establecer contactos comerciales de valor en un entorno lleno de innovaci\u00f3n, cultura y tendencias. En esta edici\u00f3n, participar\u00e1n 200 empresas de las distintas regiones del pa\u00eds sudamericano.<\/p>\n<p>\nPer\u00fa Moda Deco cumple 25 a\u00f1os resaltando la riqueza y sostenibilidad de los recursos naturales peruanos, promoviendo prendas y productos elaborados con materiales originarios como la fibra de algod\u00f3n y de alpaca, \u00e9sta \u00faltima procedente de las regiones del sur del pa\u00eds como Arequipa, Cusco y Puno.<\/p>\n<p>\nEl evento organizado por PROMPER\u00da, agencia de promoci\u00f3n de las exportaciones del pa\u00eds, contar\u00e1 con diversos componentes que invitan a la colaboraci\u00f3n y construcci\u00f3n conjunta de una propuesta m\u00e1s comprometida con el medio ambiente y el cambio social. A trav\u00e9s de conferencias internacionales, ruedas de negocios, activaciones y espacios de networking, los participantes podr\u00e1n sumergirse en la propuesta de Peru Moda Deco.<\/p>\n<p>\nEsta plataforma es una muestra del respeto y valoraci\u00f3n hacia las t\u00e9cnicas ancestrales que, combinadas con la innovaci\u00f3n y la creatividad, presentan propuestas vanguardistas acorde a las tendencias comerciales del mercado, llegando a generar piezas con gran acabado y cuidado en los detalles.<\/p>\n<p>\nMediante este tipo de actividades, Per\u00fa promueve acciones que permitan crear una industria con conciencia, donde la naturaleza y los actores de la cadena productiva puedan convivir en armon\u00eda.<\/p>\n<p>\nPara registrarse en Per\u00fa Moda Deco 2023, pueden contactar con la Oficina Comercial de PROMPER\u00da en su pa\u00eds y\/o ingresar aqu\u00ed: <a target=\"_blank\" href=\"https:\/\/cts.businesswire.com\/ct\/CT?id=smartlink&amp;url=https%3A%2F%2Feventospromperu.org.pe%2Fevent%2Fperumoda2023&amp;esheet=53488946&amp;newsitemid=20230727372488&amp;lan=es-AR&amp;anchor=https%3A%2F%2Feventospromperu.org.pe%2Fevent%2Fperumoda2023&amp;index=1&amp;md5=f7b0ff89080fd946d2f084d8596d9fe7\" rel=\"nofollow noopener\">https:\/\/eventospromperu.org.pe\/event\/perumoda2023<\/a><\/p>\n<p> <b>Contacts<\/b> <\/p>\n<p>\n<a target=\"_blank\" href=\"mailto:jcornejo@promperuext.pe\" rel=\"nofollow noopener\">jcornejo@promperuext.pe<\/a><\/p>\n<\/div>\n","protected":false},"author":2,"featured_media":4137,"comment_status":"closed","ping_status":"closed","sticky":false,"template":"","format":"standard","meta":{"fifu_image_url":"https:\/\/mms.businesswire.com\/media\/20230727372488\/es\/1852726\/21\/ModaPeru_50_preview.jpg","fifu_image_alt":"Per\u00fa Moda Deco 2023 abre sus puertas al mundo para promover una industria m\u00e1s sostenible","footnotes":""},"categories":[44],"tags":[],"class_list":["post-4136","post","type-post","status-publish","format-standard","has-post-thumbnail","hentry","category-business-wire"],"_links":{"self":[{"href":"https:\/\/elmundodelapolitica.com\/v1\/wp-json\/wp\/v2\/posts\/4136","targetHints":{"allow":["GET"]}}],"collection":[{"href":"https:\/\/elmundodelapolitica.com\/v1\/wp-json\/wp\/v2\/posts"}],"about":[{"href":"https:\/\/elmundodelapolitica.com\/v1\/wp-json\/wp\/v2\/types\/post"}],"author":[{"embeddable":true,"href":"https:\/\/elmundodelapolitica.com\/v1\/wp-json\/wp\/v2\/users\/2"}],"replies":[{"embeddable":true,"href":"https:\/\/elmundodelapolitica.com\/v1\/wp-json\/wp\/v2\/comments?post=4136"}],"version-history":[{"count":0,"href":"https:\/\/elmundodelapolitica.com\/v1\/wp-json\/wp\/v2\/posts\/4136\/revisions"}],"wp:featuredmedia":[{"embeddable":true,"href":"https:\/\/elmundodelapolitica.com\/v1\/wp-json\/wp\/v2\/media\/4137"}],"wp:attachment":[{"href":"https:\/\/elmundodelapolitica.com\/v1\/wp-json\/wp\/v2\/media?parent=4136"}],"wp:term":[{"taxonomy":"category","embeddable":true,"href":"https:\/\/elmundodelapolitica.com\/v1\/wp-json\/wp\/v2\/categories?post=4136"},{"taxonomy":"post_tag","embeddable":true,"href":"https:\/\/elmundodelapolitica.com\/v1\/wp-json\/wp\/v2\/tags?post=4136"}],"curies":[{"name":"wp","href":"https:\/\/api.w.org\/{rel}","templated":true}]}}