{"id":4123,"date":"2023-07-27T11:47:57","date_gmt":"2023-07-27T15:47:57","guid":{"rendered":"https:\/\/elmundodelapolitica.com\/v1\/?p=4123"},"modified":"2023-07-27T11:47:57","modified_gmt":"2023-07-27T15:47:57","slug":"micm-aplica-estrategias-para-lograr-nuevos-mercados-aprovechando-nearshoring-pide-aporta-a-crecimiento-rd","status":"publish","type":"post","link":"https:\/\/elmundodelapolitica.com\/v1\/micm-aplica-estrategias-para-lograr-nuevos-mercados-aprovechando-nearshoring-pide-aporta-a-crecimiento-rd\/","title":{"rendered":"MICM aplica estrategias para lograr nuevos mercados aprovechando Nearshoring; pide aporta a crecimiento RD"},"content":{"rendered":"<div>\n<p><strong>SANTO DOMINGO.-<\/strong>\u00a0El gobierno del presidente Luis Abinader junto al Ministerio de Industria, Comercio y Mipymes (MICM), trabajan en la implementaci\u00f3n de acciones para abrir nuevos mercados para que se exporten los productos dominicanos, se aprovechar el Nearshoring, y que esos sectores de influencia aporten al crecimiento del pa\u00eds, sostuvo el ministro V\u00edctor Ito Bison\u00f3.<\/p>\n<div class=\"wp-block-image\">\n<figure class=\"aligncenter size-large\"><img data-attachment-id=\"31190\" data-permalink=\"https:\/\/elmundodelosnegocios.com.do\/v1\/index.php\/2023\/07\/27\/micm-aplica-estrategias-para-lograr-nuevos-mercados-aprovechando-nearshoring-pide-aporta-a-crecimiento-rd\/01-scaled-4\/\" data-orig-file=\"https:\/\/i0.wp.com\/elmundodelosnegocios.com.do\/v1\/wp-content\/uploads\/2023\/07\/01-scaled-4.jpg?fit=1987%2C1181&amp;ssl=1\" data-orig-size=\"1987,1181\" data-comments-opened=\"0\" data-image-meta='{\"aperture\":\"0\",\"credit\":\"\",\"camera\":\"\",\"caption\":\"\",\"created_timestamp\":\"0\",\"copyright\":\"\",\"focal_length\":\"0\",\"iso\":\"0\",\"shutter_speed\":\"0\",\"title\":\"\",\"orientation\":\"0\"}' data-image-title=\"01-scaled-4\" data-image-description=\"\" data-image-caption=\"\" data-medium-file=\"https:\/\/i0.wp.com\/elmundodelosnegocios.com.do\/v1\/wp-content\/uploads\/2023\/07\/01-scaled-4.jpg?fit=300%2C178&amp;ssl=1\" data-large-file=\"https:\/\/i0.wp.com\/elmundodelosnegocios.com.do\/v1\/wp-content\/uploads\/2023\/07\/01-scaled-4.jpg?fit=1024%2C609&amp;ssl=1\" decoding=\"async\" loading=\"lazy\" width=\"1024\" height=\"609\" src=\"https:\/\/i0.wp.com\/elmundodelosnegocios.com.do\/v1\/wp-content\/uploads\/2023\/07\/01-scaled-4-1024x609.jpg?resize=1024,609&amp;ssl=1\" alt=\"\" class=\"wp-image-31190\" srcset=\"https:\/\/i0.wp.com\/elmundodelosnegocios.com.do\/v1\/wp-content\/uploads\/2023\/07\/01-scaled-4.jpg?resize=1024%2C609&amp;ssl=1 1024w, https:\/\/i0.wp.com\/elmundodelosnegocios.com.do\/v1\/wp-content\/uploads\/2023\/07\/01-scaled-4.jpg?resize=300%2C178&amp;ssl=1 300w, https:\/\/i0.wp.com\/elmundodelosnegocios.com.do\/v1\/wp-content\/uploads\/2023\/07\/01-scaled-4.jpg?resize=768%2C456&amp;ssl=1 768w, https:\/\/i0.wp.com\/elmundodelosnegocios.com.do\/v1\/wp-content\/uploads\/2023\/07\/01-scaled-4.jpg?resize=1536%2C913&amp;ssl=1 1536w, https:\/\/i0.wp.com\/elmundodelosnegocios.com.do\/v1\/wp-content\/uploads\/2023\/07\/01-scaled-4.jpg?w=1987&amp;ssl=1 1987w\" sizes=\"auto, (max-width: 1024px) 100vw, 1024px\" data-recalc-dims=\"1\"><\/figure>\n<\/div>\n<p>Bison\u00f3 habl\u00f3 en ese tenor durante la entrega del Premio Empresa Exportadora a Centroam\u00e9rica Lafise-Adoexpo 2023, dedicado a reconocer, destacar el esfuerzo de las empresas exportadoras dominicanas a nichos centroamericanos, y que fortalecen las cadenas de valor regional.<\/p>\n<figure class=\"wp-block-image\"><img decoding=\"async\" src=\"https:\/\/i0.wp.com\/micm.gob.do\/wp-content\/uploads\/2023\/07\/MICM-aplica-estrategias-para-lograr-nuevos-mercados-02.jpg?w=1110&amp;ssl=1\" alt=\"\" class=\"wp-image-4969\" data-recalc-dims=\"1\"><\/figure>\n<p>La entrega del Premio Empresa Exportadora a Centroam\u00e9rica del Banco Lafise-Adoexpo 2023, cuarta versi\u00f3n, correspondi\u00f3 a Procesadora San Mart\u00edn de Porres, que recibi\u00f3 su presidente, Juan N\u00fa\u00f1ez Collado, por destacarse 47 a\u00f1os en el comercio de productos derivados del coco, granos enlatados y frutas tropicales para el mercado centroamericano.<\/p>\n<p>El acto ser realiz\u00f3 en el restaurante Cava Alta, donde adem\u00e1s se hizo menci\u00f3n especial a la empresa Plastifar, por su trayectoria exportando a pa\u00edses como Costa Rica, El Salvador, Panam\u00e1, Guatemala, Honduras y Nicaragua. El galard\u00f3n lo recibi\u00f3 su vicepresidente, Alejandro Farach Cruz.<\/p>\n<p>Entregaron los premios Edgar del Toro, gerente general del Banco Lafise, El\u00edzabeth Mena, de Adoexpo; el ministro V\u00edctor (Ito) Bison\u00f3, del MICM, y, Biviana Riveiro, directora ejecutiva del Centro de Exportaci\u00f3n e Inversi\u00f3n de la Rep\u00fablica Dominicana, (Prodominicana).<\/p>\n<p>Bison\u00f3 subray\u00f3 que \u201cdesde el gobierno del presidente Luis Abinader se han implementado diversas estrategias para diversificar los mercados de exportaci\u00f3n, aprovechar el nearshoring y convertir nuestro pa\u00eds en el Hub log\u00edstico de la regi\u00f3n del Caribe\u201d.<\/p>\n<p>Expuso el titular del MICM que en 2022, la Rep\u00fablica Dominicana export\u00f3 la cifra r\u00e9cord de 12,388 millones de d\u00f3lares, de los cuales 304 millones (el 3% de las exportaciones totales), fueron a Centroam\u00e9rica (Guatemala, Honduras, Nicaragua, Costa Rica y Panam\u00e1).<\/p>\n<p>Dijo el funcionario que uno de roles del MICM es administrar los acuerdos comerciales suscritos con los socios del pa\u00eds con Centroam\u00e9rica que son DR-Cafta, Tratado de Libre Comercio RD-Centroam\u00e9rica, y el alcance parcial con Panam\u00e1.<\/p>\n<p>\u201cNuestro equipo est\u00e1 con las puertas abiertas para cualquier inquietud sobre obst\u00e1culos t\u00e9cnicos al comercio, importantes para recibir las ventajas de los aranceles preferenciales acordados; as\u00ed como para otra inquietud sobre normativas de acceso a mercados que puedan tener en sus empresas\u201d, expuso el ministro Ito Bison\u00f3.<\/p>\n<p>Bison\u00f3 puso a disposici\u00f3n al MICM y su equipo, para cualesquiera necesidades en materia de acceso a mercados internacionales y correcta aplicaci\u00f3n de acuerdos comerciales; transformaci\u00f3n digital; aplicaci\u00f3n de la metodolog\u00eda \u201cProducci\u00f3n M\u00e1s Limpia y Uso Eficiente de los Recursos\u201d; implementaci\u00f3n del Sistema de Gesti\u00f3n Ambiental 3Rs (reducir, reutilizar y reciclar); econom\u00eda circular; y para obtener certificaciones de calidad.<\/p>\n<figure class=\"wp-block-image\"><img data-attachment-id=\"4970\" data-permalink=\"https:\/\/elmundodelosnegocios.com.do\/v1\/index.php\/2021\/04\/21\/las-mascarillas-nos-han-hecho-crecer-un-400\/attachment\/0\/\" data-orig-file=\"https:\/\/i0.wp.com\/elmundodelosnegocios.com.do\/v1\/wp-content\/uploads\/2021\/04\/0-42.jpg?fit=640%2C480&amp;ssl=1\" data-orig-size=\"640,480\" data-comments-opened=\"1\" data-image-meta='{\"aperture\":\"0\",\"credit\":\"\",\"camera\":\"\",\"caption\":\"\",\"created_timestamp\":\"0\",\"copyright\":\"\",\"focal_length\":\"0\",\"iso\":\"0\",\"shutter_speed\":\"0\",\"title\":\"\",\"orientation\":\"0\"}' data-image-title=\"0\" data-image-description=\"\" data-image-caption=\"\" data-medium-file=\"https:\/\/i0.wp.com\/elmundodelosnegocios.com.do\/v1\/wp-content\/uploads\/2021\/04\/0-42.jpg?fit=300%2C225&amp;ssl=1\" data-large-file=\"https:\/\/i0.wp.com\/elmundodelosnegocios.com.do\/v1\/wp-content\/uploads\/2021\/04\/0-42.jpg?fit=640%2C480&amp;ssl=1\" decoding=\"async\" src=\"https:\/\/i0.wp.com\/micm.gob.do\/wp-content\/uploads\/2023\/07\/MICM-aplica-estrategias-para-lograr-nuevos-mercados-03.jpg?w=1110&amp;ssl=1\" alt=\"\" class=\"wp-image-4970\" data-recalc-dims=\"1\"><\/figure>\n<p><strong>Mena de Adoexpo<\/strong><\/p>\n<p>La presidenta de la Asociaci\u00f3n Dominicana de Exportadores (Adoexpo), Elizabeth Mena, destac\u00f3 que en el primer semestre del 2023 las exportaciones a Centroam\u00e9rica registraron un valor total de US$124,568,796, y consider\u00f3 como muy significativo el crecimiento al pasar en el 2021 de un monto de US$291,582,458 al 2022 por unos US$310,731,415, lo que representa un incremento de un 6.6 por ciento.<\/p>\n<p>A la actividad asistieron los miembros de la junta directiva de Adoexpo, ejecutivos del Banco Lafise, miembros del cuerpo diplom\u00e1tico acreditado en el pa\u00eds, representantes de entidades gubernamentales, del sector privado, exportadores e invitados especiales.<\/p>\n<p>La presidenta de Adoexpo manifest\u00f3 que \u201cm\u00e1s que un reconocimiento es un est\u00edmulo para que siga avanzando en su misi\u00f3n de promover la calidad, la innovaci\u00f3n y el crecimiento econ\u00f3mico a trav\u00e9s de las exportaciones, al mismo tiempo, instar a otras empresas a seguir su ejemplo y a contribuir al desarrollo del pa\u00eds mediante la expansi\u00f3n de sus horizontes comerciales\u201d.<\/p>\n<p>A\u00f1adi\u00f3 que \u201cdesde el a\u00f1o 2018, Adoexpo y Lafise han unido esfuerzos para reconocer a las empresas exportadoras que demuestran una destacada labor en la promoci\u00f3n de los productos y servicios dominicanos en esta regi\u00f3n, estos premios no solo celebran el \u00e9xito empresarial, sino tambi\u00e9n la contribuci\u00f3n significativa al crecimiento econ\u00f3mico y la proyecci\u00f3n internacional de la Rep\u00fablica Dominicana\u201d.<\/p>\n<p>El gerente general de Banco Lafise, Edgar del Toro, al hablar resalt\u00f3 que \u201cobservamos que cada vez m\u00e1s empresas dominicanas se suman a la b\u00fasqueda de oportunidades, sinergias y presencia en los pa\u00edses de Centroam\u00e9rica, y es aqu\u00ed donde pongo al servicio, toda la experiencia y conocimiento de mercadeo del equipo de Banco Lafise, que nos permitan apoyarles en sus estrategias, para generar puentes viables entre mercados con una oferta de valor a la medida de sus necesidades\u201d.<\/p>\n<\/div>\n","protected":false},"excerpt":{"rendered":"<p>SANTO DOMINGO.-\u00a0El gobierno del presidente Luis Abinader junto al Ministerio de Industria, Comercio y Mipymes (MICM), trabajan en la implementaci\u00f3n de acciones para abrir nuevos mercados para que se exporten&hellip; <\/p>\n","protected":false},"author":2,"featured_media":4124,"comment_status":"closed","ping_status":"closed","sticky":false,"template":"","format":"standard","meta":{"fifu_image_url":"https:\/\/i0.wp.com\/elmundodelosnegocios.com.do\/v1\/wp-content\/uploads\/2023\/07\/01-scaled-4-1024x609.jpg?resize=1024,609&ssl=1","fifu_image_alt":"MICM aplica estrategias para lograr nuevos mercados aprovechando Nearshoring; pide aporta a crecimiento RD","footnotes":""},"categories":[63],"tags":[],"class_list":["post-4123","post","type-post","status-publish","format-standard","has-post-thumbnail","hentry","category-actualidad"],"_links":{"self":[{"href":"https:\/\/elmundodelapolitica.com\/v1\/wp-json\/wp\/v2\/posts\/4123","targetHints":{"allow":["GET"]}}],"collection":[{"href":"https:\/\/elmundodelapolitica.com\/v1\/wp-json\/wp\/v2\/posts"}],"about":[{"href":"https:\/\/elmundodelapolitica.com\/v1\/wp-json\/wp\/v2\/types\/post"}],"author":[{"embeddable":true,"href":"https:\/\/elmundodelapolitica.com\/v1\/wp-json\/wp\/v2\/users\/2"}],"replies":[{"embeddable":true,"href":"https:\/\/elmundodelapolitica.com\/v1\/wp-json\/wp\/v2\/comments?post=4123"}],"version-history":[{"count":0,"href":"https:\/\/elmundodelapolitica.com\/v1\/wp-json\/wp\/v2\/posts\/4123\/revisions"}],"wp:featuredmedia":[{"embeddable":true,"href":"https:\/\/elmundodelapolitica.com\/v1\/wp-json\/wp\/v2\/media\/4124"}],"wp:attachment":[{"href":"https:\/\/elmundodelapolitica.com\/v1\/wp-json\/wp\/v2\/media?parent=4123"}],"wp:term":[{"taxonomy":"category","embeddable":true,"href":"https:\/\/elmundodelapolitica.com\/v1\/wp-json\/wp\/v2\/categories?post=4123"},{"taxonomy":"post_tag","embeddable":true,"href":"https:\/\/elmundodelapolitica.com\/v1\/wp-json\/wp\/v2\/tags?post=4123"}],"curies":[{"name":"wp","href":"https:\/\/api.w.org\/{rel}","templated":true}]}}