{"id":4100,"date":"2023-07-26T14:47:16","date_gmt":"2023-07-26T18:47:16","guid":{"rendered":"https:\/\/elmundodelapolitica.com\/v1\/?p=4100"},"modified":"2023-07-26T14:47:16","modified_gmt":"2023-07-26T18:47:16","slug":"superintendencia-de-pensiones-y-unapec-presentan-la-primera-especialidad-en-planes-y-fondos-de-pensiones","status":"publish","type":"post","link":"https:\/\/elmundodelapolitica.com\/v1\/superintendencia-de-pensiones-y-unapec-presentan-la-primera-especialidad-en-planes-y-fondos-de-pensiones\/","title":{"rendered":"Superintendencia de Pensiones y UNAPEC presentan la primera especialidad en Planes y Fondos de Pensiones"},"content":{"rendered":"<div>\n<p>Santo Domingo. \u2013 La Superintendencia de Pensiones\u00a0<strong>(SIPEN)<\/strong>\u00a0y la Universidad APEC\u00a0<strong>(UNAPEC)<\/strong>\u00a0llevaron a cabo el lanzamiento de la\u00a0<strong>especialidad en Planes y Fondos de Pensiones<\/strong>, con el objetivo de formar egresados que incursionen en la\u00a0<strong>administraci\u00f3n y gesti\u00f3n de los sistemas previsionales en los diferentes niveles organizacionales.<\/strong><\/p>\n<div class=\"wp-block-image\">\n<figure class=\"aligncenter size-large\"><img data-attachment-id=\"31160\" data-permalink=\"https:\/\/elmundodelosnegocios.com.do\/v1\/index.php\/2023\/07\/26\/superintendencia-de-pensiones-y-unapec-presentan-la-primera-especialidad-en-planes-y-fondos-de-pensiones\/dsc5872-2\/\" data-orig-file=\"https:\/\/i0.wp.com\/elmundodelosnegocios.com.do\/v1\/wp-content\/uploads\/2023\/07\/DSC5872-2.jpg?fit=1100%2C619&amp;ssl=1\" data-orig-size=\"1100,619\" data-comments-opened=\"0\" data-image-meta='{\"aperture\":\"0\",\"credit\":\"\",\"camera\":\"\",\"caption\":\"\",\"created_timestamp\":\"0\",\"copyright\":\"\",\"focal_length\":\"0\",\"iso\":\"0\",\"shutter_speed\":\"0\",\"title\":\"\",\"orientation\":\"0\"}' data-image-title=\"DSC5872-2\" data-image-description=\"\" data-image-caption=\"\" data-medium-file=\"https:\/\/i0.wp.com\/elmundodelosnegocios.com.do\/v1\/wp-content\/uploads\/2023\/07\/DSC5872-2.jpg?fit=300%2C169&amp;ssl=1\" data-large-file=\"https:\/\/i0.wp.com\/elmundodelosnegocios.com.do\/v1\/wp-content\/uploads\/2023\/07\/DSC5872-2.jpg?fit=1024%2C576&amp;ssl=1\" decoding=\"async\" loading=\"lazy\" width=\"1024\" height=\"576\" src=\"https:\/\/i0.wp.com\/elmundodelosnegocios.com.do\/v1\/wp-content\/uploads\/2023\/07\/DSC5872-2-1024x576.jpg?resize=1024,576&amp;ssl=1\" alt=\"\" class=\"wp-image-31160\" srcset=\"https:\/\/i0.wp.com\/elmundodelosnegocios.com.do\/v1\/wp-content\/uploads\/2023\/07\/DSC5872-2.jpg?resize=1024%2C576&amp;ssl=1 1024w, https:\/\/i0.wp.com\/elmundodelosnegocios.com.do\/v1\/wp-content\/uploads\/2023\/07\/DSC5872-2.jpg?resize=300%2C169&amp;ssl=1 300w, https:\/\/i0.wp.com\/elmundodelosnegocios.com.do\/v1\/wp-content\/uploads\/2023\/07\/DSC5872-2.jpg?resize=768%2C432&amp;ssl=1 768w, https:\/\/i0.wp.com\/elmundodelosnegocios.com.do\/v1\/wp-content\/uploads\/2023\/07\/DSC5872-2.jpg?w=1100&amp;ssl=1 1100w\" sizes=\"auto, (max-width: 1024px) 100vw, 1024px\" data-recalc-dims=\"1\"><\/figure>\n<\/div>\n<p>Durante un acto encabezado por el rector de la Universidad APEC,\u00a0<strong>Dr. Franklin Holgu\u00edn Hach\u00e9, y el Licdo. Francisco A. Torres<\/strong>, superintendente de Pensiones, se present\u00f3 una\u00a0<strong>oferta curricular<\/strong><strong>que propone elevar el nivel acad\u00e9mico de los profesionales del Sistema Dominicano de Pensiones<\/strong>.<\/p>\n<p>En la actividad, realizada en el Auditorio Dr. Leonel Rodr\u00edguez Rib de la casa de altos estudios, estuvieron presentes el\u00a0<strong>superintendente de Bancos<\/strong>, Alejandro Fern\u00e1ndez W.; Lucas Gait\u00e1n Leal, presidente de\u00a0<strong>Unipago<\/strong>; Felipo Ciccone, presidente de\u00a0<strong>AFP Atl\u00e1ntico<\/strong>; Alvin Mart\u00ednez, vicepresidente de\u00a0<strong>AFP Siembra<\/strong>; Juan Jos\u00e9 Melo,\u00a0<em>chief country officer\u00a0<\/em>de\u00a0<strong>JMMB<\/strong>\u00a0en Rep\u00fablica Dominicana; general de brigada M\u00e1ximo Rodr\u00edguez D\u2019Oleo, director del\u00a0<strong>Comit\u00e9 de Retiro de la Polic\u00eda Nacional<\/strong>; Luis Valdez, director de la\u00a0<strong>DGII<\/strong>, y representantes de la Asociaci\u00f3n Dominicana de Administradoras de Fondos de Pensiones\u00a0<strong>(ADAFP)<\/strong>, de la\u00a0<strong>Superintendencia de Valores<\/strong>\u00a0y del Consejo Nacional de la Seguridad Social\u00a0<strong>(CNSS)<\/strong>.<\/p>\n<p>Las palabras de bienvenida estuvieron a cargo del\u00a0<strong>Ing. Jos\u00e9 Antonio Gil<\/strong>, decano de la Facultad de Ciencias Econ\u00f3micas y Empresariales, quien destac\u00f3 la importancia y satisfacci\u00f3n que supone para la UNAPEC el poder dar apertura a este nuevo y completo programa, en procura de dar\u00a0<strong>formaci\u00f3n integral de hombres y mujeres<\/strong>\u00a0para que sean conscientes de su\u00a0<strong>responsabilidad en busca del desarrollo de la sociedad dominicana y global<\/strong>.<\/p>\n<p>El superintendente Torres, en su discurso de apertura, agradeci\u00f3 a las autoridades del\u00a0<strong>Sistema Dominicano de Seguridad Social y<\/strong>\u00a0a los miembros del Consejo Directivo de la Universidad\u00a0<strong>APEC<\/strong>, quienes han trabajado\u00a0<strong>codo a codo con la SIPEN<\/strong>\u00a0para que la Rep\u00fablica Dominicana cuente con la primera oferta acad\u00e9mica de posgrado especializada en pensiones.<\/p>\n<p>En su discurso, el Licdo. Torres abord\u00f3 la importancia de la\u00a0<strong>educaci\u00f3n previsional y su relevancia en los sistemas de pensiones<\/strong>\u00a0y c\u00f3mo desde la Superintendencia se adopt\u00f3 una hoja de ruta hacia la\u00a0<strong>educaci\u00f3n y el empoderamiento de los afiliados\u00a0<\/strong>al Sistema Dominicano de Pensiones.<\/p>\n<p>Los participantes de esta especialidad virtual contar\u00e1n con una\u00a0<strong>formaci\u00f3n de alto nivel acad\u00e9mico-profesional<\/strong>\u00a0en el campo de la seguridad social y de los fondos de pensiones, el cual tendr\u00e1 una duraci\u00f3n de un a\u00f1o y un cuatrimestre.<\/p>\n<p>La especialidad en Planes y Fondos de Pensiones es una gran oportunidad para liderar el camino hacia una\u00a0<strong>sociedad m\u00e1s informada y preparada para enfrentar los desaf\u00edos de la jubilaci\u00f3n.<\/strong><\/p>\n<\/div>\n","protected":false},"excerpt":{"rendered":"<p>Santo Domingo. \u2013 La Superintendencia de Pensiones\u00a0(SIPEN)\u00a0y la Universidad APEC\u00a0(UNAPEC)\u00a0llevaron a cabo el lanzamiento de la\u00a0especialidad en Planes y Fondos de Pensiones, con el objetivo de formar egresados que incursionen&hellip; <\/p>\n","protected":false},"author":2,"featured_media":4101,"comment_status":"closed","ping_status":"closed","sticky":false,"template":"","format":"standard","meta":{"fifu_image_url":"https:\/\/i0.wp.com\/elmundodelosnegocios.com.do\/v1\/wp-content\/uploads\/2023\/07\/DSC5872-2-1024x576.jpg?resize=1024,576&ssl=1","fifu_image_alt":"Superintendencia de Pensiones y UNAPEC presentan la primera especialidad en Planes y Fondos de Pensiones","footnotes":""},"categories":[63],"tags":[],"class_list":["post-4100","post","type-post","status-publish","format-standard","has-post-thumbnail","hentry","category-actualidad"],"_links":{"self":[{"href":"https:\/\/elmundodelapolitica.com\/v1\/wp-json\/wp\/v2\/posts\/4100","targetHints":{"allow":["GET"]}}],"collection":[{"href":"https:\/\/elmundodelapolitica.com\/v1\/wp-json\/wp\/v2\/posts"}],"about":[{"href":"https:\/\/elmundodelapolitica.com\/v1\/wp-json\/wp\/v2\/types\/post"}],"author":[{"embeddable":true,"href":"https:\/\/elmundodelapolitica.com\/v1\/wp-json\/wp\/v2\/users\/2"}],"replies":[{"embeddable":true,"href":"https:\/\/elmundodelapolitica.com\/v1\/wp-json\/wp\/v2\/comments?post=4100"}],"version-history":[{"count":0,"href":"https:\/\/elmundodelapolitica.com\/v1\/wp-json\/wp\/v2\/posts\/4100\/revisions"}],"wp:featuredmedia":[{"embeddable":true,"href":"https:\/\/elmundodelapolitica.com\/v1\/wp-json\/wp\/v2\/media\/4101"}],"wp:attachment":[{"href":"https:\/\/elmundodelapolitica.com\/v1\/wp-json\/wp\/v2\/media?parent=4100"}],"wp:term":[{"taxonomy":"category","embeddable":true,"href":"https:\/\/elmundodelapolitica.com\/v1\/wp-json\/wp\/v2\/categories?post=4100"},{"taxonomy":"post_tag","embeddable":true,"href":"https:\/\/elmundodelapolitica.com\/v1\/wp-json\/wp\/v2\/tags?post=4100"}],"curies":[{"name":"wp","href":"https:\/\/api.w.org\/{rel}","templated":true}]}}