{"id":4085,"date":"2023-07-25T14:05:56","date_gmt":"2023-07-25T18:05:56","guid":{"rendered":"https:\/\/elmundodelapolitica.com\/v1\/?p=4085"},"modified":"2023-07-25T14:05:56","modified_gmt":"2023-07-25T18:05:56","slug":"banco-popular-celebro-encuentros-banca-360-con-clientes-empresariales","status":"publish","type":"post","link":"https:\/\/elmundodelapolitica.com\/v1\/banco-popular-celebro-encuentros-banca-360-con-clientes-empresariales\/","title":{"rendered":"Banco Popular celebr\u00f3 encuentros Banca 360\u00b0 con clientes empresariales"},"content":{"rendered":"<div>\n<p>Cont\u00f3 con representantes de 500 empresas de Santo Domingo y Santiago<\/p>\n<p>Santo Domingo, D.N. \u2013 El Banco Popular Dominicano llev\u00f3 a cabo sus tradicionales encuentros de Banca 360\u00b0, dirigidos a sus clientes empresariales de la zona norte y Santo Domingo, que forman parte de este modelo de atenci\u00f3n integral, con soluciones financieras especializadas y la gu\u00eda de expertos.<\/p>\n<div class=\"wp-block-image\">\n<figure class=\"aligncenter size-full\"><img loading=\"lazy\" data-attachment-id=\"31142\" data-permalink=\"https:\/\/elmundodelosnegocios.com.do\/v1\/index.php\/2023\/07\/25\/banco-popular-celebro-encuentros-banca-360-con-clientes-empresariales\/4-banca-360-01-bpd\/\" data-orig-file=\"https:\/\/i0.wp.com\/elmundodelosnegocios.com.do\/v1\/wp-content\/uploads\/2023\/07\/4-Banca-360-01-BPD.jpg?fit=850%2C450&amp;ssl=1\" data-orig-size=\"850,450\" data-comments-opened=\"0\" data-image-meta='{\"aperture\":\"0\",\"credit\":\"\",\"camera\":\"\",\"caption\":\"\",\"created_timestamp\":\"0\",\"copyright\":\"\",\"focal_length\":\"0\",\"iso\":\"0\",\"shutter_speed\":\"0\",\"title\":\"\",\"orientation\":\"0\"}' data-image-title=\"4-Banca-360-01-BPD\" data-image-description=\"\" data-image-caption=\"\" data-medium-file=\"https:\/\/i0.wp.com\/elmundodelosnegocios.com.do\/v1\/wp-content\/uploads\/2023\/07\/4-Banca-360-01-BPD.jpg?fit=300%2C159&amp;ssl=1\" data-large-file=\"https:\/\/i0.wp.com\/elmundodelosnegocios.com.do\/v1\/wp-content\/uploads\/2023\/07\/4-Banca-360-01-BPD.jpg?fit=850%2C450&amp;ssl=1\" decoding=\"async\" width=\"850\" height=\"450\" src=\"https:\/\/i0.wp.com\/elmundodelosnegocios.com.do\/v1\/wp-content\/uploads\/2023\/07\/4-Banca-360-01-BPD.jpg?resize=850,450&amp;ssl=1\" alt=\"\" class=\"wp-image-31142\" srcset=\"https:\/\/i0.wp.com\/elmundodelosnegocios.com.do\/v1\/wp-content\/uploads\/2023\/07\/4-Banca-360-01-BPD.jpg?w=850&amp;ssl=1 850w, https:\/\/i0.wp.com\/elmundodelosnegocios.com.do\/v1\/wp-content\/uploads\/2023\/07\/4-Banca-360-01-BPD.jpg?resize=300%2C159&amp;ssl=1 300w, https:\/\/i0.wp.com\/elmundodelosnegocios.com.do\/v1\/wp-content\/uploads\/2023\/07\/4-Banca-360-01-BPD.jpg?resize=768%2C407&amp;ssl=1 768w\" sizes=\"auto, (max-width: 850px) 100vw, 850px\" data-recalc-dims=\"1\"><\/figure>\n<\/div>\n<p>Los eventos, que estrecharon lazos entre los ejecutivos de Banco Popular y alrededor de 500 clientes empresariales de los segmentos Corporativo, Banca de Empresas, Pymes Grandes, Institucional y Turismo, ofrecieron una conferencia magistral para ayudar a los negocios a navegar en un panorama evolutivo y lleno de desaf\u00edos.<\/p>\n<div class=\"wp-block-image\">\n<figure class=\"aligncenter size-full\"><img data-attachment-id=\"31143\" data-permalink=\"https:\/\/elmundodelosnegocios.com.do\/v1\/index.php\/2023\/07\/25\/banco-popular-celebro-encuentros-banca-360-con-clientes-empresariales\/3-dsc00230-bpd\/\" data-orig-file=\"https:\/\/i0.wp.com\/elmundodelosnegocios.com.do\/v1\/wp-content\/uploads\/2023\/07\/3-DSC00230-BPD.jpg?fit=850%2C450&amp;ssl=1\" data-orig-size=\"850,450\" data-comments-opened=\"0\" data-image-meta='{\"aperture\":\"0\",\"credit\":\"\",\"camera\":\"\",\"caption\":\"\",\"created_timestamp\":\"0\",\"copyright\":\"\",\"focal_length\":\"0\",\"iso\":\"0\",\"shutter_speed\":\"0\",\"title\":\"\",\"orientation\":\"0\"}' data-image-title=\"3-DSC00230-BPD\" data-image-description=\"\" data-image-caption=\"\" data-medium-file=\"https:\/\/i0.wp.com\/elmundodelosnegocios.com.do\/v1\/wp-content\/uploads\/2023\/07\/3-DSC00230-BPD.jpg?fit=300%2C159&amp;ssl=1\" data-large-file=\"https:\/\/i0.wp.com\/elmundodelosnegocios.com.do\/v1\/wp-content\/uploads\/2023\/07\/3-DSC00230-BPD.jpg?fit=850%2C450&amp;ssl=1\" decoding=\"async\" loading=\"lazy\" width=\"850\" height=\"450\" src=\"https:\/\/i0.wp.com\/elmundodelosnegocios.com.do\/v1\/wp-content\/uploads\/2023\/07\/3-DSC00230-BPD.jpg?resize=850,450&amp;ssl=1\" alt=\"\" class=\"wp-image-31143\" srcset=\"https:\/\/i0.wp.com\/elmundodelosnegocios.com.do\/v1\/wp-content\/uploads\/2023\/07\/3-DSC00230-BPD.jpg?w=850&amp;ssl=1 850w, https:\/\/i0.wp.com\/elmundodelosnegocios.com.do\/v1\/wp-content\/uploads\/2023\/07\/3-DSC00230-BPD.jpg?resize=300%2C159&amp;ssl=1 300w, https:\/\/i0.wp.com\/elmundodelosnegocios.com.do\/v1\/wp-content\/uploads\/2023\/07\/3-DSC00230-BPD.jpg?resize=768%2C407&amp;ssl=1 768w\" sizes=\"auto, (max-width: 850px) 100vw, 850px\" data-recalc-dims=\"1\"><\/figure>\n<\/div>\n<p>En este sentido, durante sus palabras previas, el vicepresidente ejecutivo de Negocios Empresariales y de Inversi\u00f3n del Popular, se\u00f1or Luis Esp\u00ednola, resalt\u00f3 la importancia de estos encuentros, que exponen a los clientes la necesidad de \u201cexplorar los desaf\u00edos y las oportunidades que enfrentamos como l\u00edderes corporativos en un mundo en constante evoluci\u00f3n, donde el cambio es lo que define nuestro tiempo\u00bb.<\/p>\n<p>Agradeci\u00f3 a los asistentes la confianza depositada en la organizaci\u00f3n financiera y les reiter\u00f3 el compromiso de que continuar\u00e1 trabajando como catalizadora del desarrollo sostenible de la naci\u00f3n, en los \u00e1mbitos social, econ\u00f3mico y medioambiental.<\/p>\n<p>Liderazgo estrat\u00e9gico<\/p>\n<p>La conferencia central de estos encuentros de Banca 360\u00b0 estuvo a cargo del se\u00f1or Jes\u00fas V. Izquierdo, presidente ejecutivo de The World Gate Group, bajo el t\u00edtulo \u201cLa era del mundo fusi\u00f3n: nuevos pilares estrat\u00e9gicos para el \u00e9xito de la empresa familiar\u00bb.<\/p>\n<p>El conferencista brind\u00f3 a los clientes empresariales del Popular un marco de an\u00e1lisis y herramientas pr\u00e1cticas para aprovechar las oportunidades, superar los desaf\u00edos del entorno y fortalecer el liderazgo estrat\u00e9gico de las empresas.<\/p>\n<p>\u201cHoy en d\u00eda nuevos desaf\u00edos se presentan para mantener un crecimiento patrimonial saludable y preservar el legado a largo plazo. Por eso surge la necesidad de adaptar y fortalecer la estructura organizativa para garantizar la eficiencia, la innovaci\u00f3n continua y la capacidad de respuesta a los cambios del entorno, a medida que la empresa crece y evoluciona, enfrent\u00e1ndose a nuevos retos\u00bb, expres\u00f3 el se\u00f1or Izquierdo.<\/p>\n<p>Modelo especializado de atenci\u00f3n y de servicios<\/p>\n<p>Precisamente, el modelo de atenci\u00f3n Banca 360\u00b0 del Popular cuenta con un equipo de especialistas en negocios, capacitados para ofrecer a los clientes empresariales y corporaciones un portafolio integrado de soluciones y productos financieros especializados, as\u00ed como un servicio de atenci\u00f3n exclusiva a trav\u00e9s del Centro de Servicio Empresarial, una plataforma de contenido que se complementa con un portal web, boletines recurrentes, conferencias, talleres y videos de los Xpertos Popular, donde se destacan temas de alto impacto empresarial.<\/p>\n<\/div>\n","protected":false},"excerpt":{"rendered":"<p>Cont\u00f3 con representantes de 500 empresas de Santo Domingo y Santiago Santo Domingo, D.N. \u2013 El Banco Popular Dominicano llev\u00f3 a cabo sus tradicionales encuentros de Banca 360\u00b0, dirigidos a&hellip; <\/p>\n","protected":false},"author":2,"featured_media":4086,"comment_status":"closed","ping_status":"closed","sticky":false,"template":"","format":"standard","meta":{"fifu_image_url":"https:\/\/i0.wp.com\/elmundodelosnegocios.com.do\/v1\/wp-content\/uploads\/2023\/07\/4-Banca-360-01-BPD.jpg?resize=850,450&ssl=1","fifu_image_alt":"Banco Popular celebr\u00f3 encuentros Banca 360\u00b0 con clientes empresariales","footnotes":""},"categories":[63],"tags":[],"class_list":["post-4085","post","type-post","status-publish","format-standard","has-post-thumbnail","hentry","category-actualidad"],"_links":{"self":[{"href":"https:\/\/elmundodelapolitica.com\/v1\/wp-json\/wp\/v2\/posts\/4085","targetHints":{"allow":["GET"]}}],"collection":[{"href":"https:\/\/elmundodelapolitica.com\/v1\/wp-json\/wp\/v2\/posts"}],"about":[{"href":"https:\/\/elmundodelapolitica.com\/v1\/wp-json\/wp\/v2\/types\/post"}],"author":[{"embeddable":true,"href":"https:\/\/elmundodelapolitica.com\/v1\/wp-json\/wp\/v2\/users\/2"}],"replies":[{"embeddable":true,"href":"https:\/\/elmundodelapolitica.com\/v1\/wp-json\/wp\/v2\/comments?post=4085"}],"version-history":[{"count":0,"href":"https:\/\/elmundodelapolitica.com\/v1\/wp-json\/wp\/v2\/posts\/4085\/revisions"}],"wp:featuredmedia":[{"embeddable":true,"href":"https:\/\/elmundodelapolitica.com\/v1\/wp-json\/wp\/v2\/media\/4086"}],"wp:attachment":[{"href":"https:\/\/elmundodelapolitica.com\/v1\/wp-json\/wp\/v2\/media?parent=4085"}],"wp:term":[{"taxonomy":"category","embeddable":true,"href":"https:\/\/elmundodelapolitica.com\/v1\/wp-json\/wp\/v2\/categories?post=4085"},{"taxonomy":"post_tag","embeddable":true,"href":"https:\/\/elmundodelapolitica.com\/v1\/wp-json\/wp\/v2\/tags?post=4085"}],"curies":[{"name":"wp","href":"https:\/\/api.w.org\/{rel}","templated":true}]}}