{"id":4083,"date":"2023-07-25T10:59:24","date_gmt":"2023-07-25T14:59:24","guid":{"rendered":"https:\/\/elmundodelapolitica.com\/v1\/?p=4083"},"modified":"2023-07-25T10:59:24","modified_gmt":"2023-07-25T14:59:24","slug":"republica-dominicana-avanza-por-coercion-asociativa-con-respaldo-gobierno-y-micm","status":"publish","type":"post","link":"https:\/\/elmundodelapolitica.com\/v1\/republica-dominicana-avanza-por-coercion-asociativa-con-respaldo-gobierno-y-micm\/","title":{"rendered":"Republica Dominicana avanza por coerci\u00f3n asociativa con respaldo Gobierno y MICM"},"content":{"rendered":"<div>\n<p><strong>SANTO DOMINGO. \u2013<\/strong>\u00a0La Rep\u00fablica Dominicana avanza con pasos firmes debido al gran respaldo del Gobierno a trav\u00e9s del Ministerio de Industria, Comercio y Mipymes (MICM), al esp\u00edritu asociativo, la colaboraci\u00f3n y la coerci\u00f3n para lograr mantener proyectos en com\u00fan, sostuvo el viceministro de Comercio Interno de esa cartera.<\/p>\n<div class=\"wp-block-image\">\n<figure class=\"aligncenter size-full is-resized\"><img loading=\"lazy\" data-attachment-id=\"31139\" data-permalink=\"https:\/\/elmundodelosnegocios.com.do\/v1\/index.php\/2023\/07\/25\/republica-dominicana-avanza-por-coercion-asociativa-con-respaldo-gobierno-y-micm\/01-scaled-3\/\" data-orig-file=\"https:\/\/i0.wp.com\/elmundodelosnegocios.com.do\/v1\/wp-content\/uploads\/2023\/07\/01-scaled-3.jpg?fit=800%2C404&amp;ssl=1\" data-orig-size=\"800,404\" data-comments-opened=\"0\" data-image-meta='{\"aperture\":\"0\",\"credit\":\"\",\"camera\":\"\",\"caption\":\"\",\"created_timestamp\":\"0\",\"copyright\":\"\",\"focal_length\":\"0\",\"iso\":\"0\",\"shutter_speed\":\"0\",\"title\":\"\",\"orientation\":\"0\"}' data-image-title=\"01-scaled-3\" data-image-description=\"\" data-image-caption=\"\" data-medium-file=\"https:\/\/i0.wp.com\/elmundodelosnegocios.com.do\/v1\/wp-content\/uploads\/2023\/07\/01-scaled-3.jpg?fit=300%2C152&amp;ssl=1\" data-large-file=\"https:\/\/i0.wp.com\/elmundodelosnegocios.com.do\/v1\/wp-content\/uploads\/2023\/07\/01-scaled-3.jpg?fit=800%2C404&amp;ssl=1\" decoding=\"async\" src=\"https:\/\/i0.wp.com\/elmundodelosnegocios.com.do\/v1\/wp-content\/uploads\/2023\/07\/01-scaled-3.jpg?resize=840,424&amp;ssl=1\" alt=\"\" class=\"wp-image-31139\" width=\"840\" height=\"424\" srcset=\"https:\/\/i0.wp.com\/elmundodelosnegocios.com.do\/v1\/wp-content\/uploads\/2023\/07\/01-scaled-3.jpg?w=800&amp;ssl=1 800w, https:\/\/i0.wp.com\/elmundodelosnegocios.com.do\/v1\/wp-content\/uploads\/2023\/07\/01-scaled-3.jpg?resize=300%2C152&amp;ssl=1 300w, https:\/\/i0.wp.com\/elmundodelosnegocios.com.do\/v1\/wp-content\/uploads\/2023\/07\/01-scaled-3.jpg?resize=768%2C388&amp;ssl=1 768w\" sizes=\"auto, (max-width: 840px) 100vw, 840px\" data-recalc-dims=\"1\"><\/figure>\n<\/div>\n<p>P\u00e9rez Ferm\u00edn hablo sobre el tema tras juramentar, en representaci\u00f3n del ministro V\u00edctor Bison\u00f3, la nueva directiva de Centroc\u00e1mara de Comercio de la Rep\u00fablica Dominicana (Centroc\u00e1mara-RD), para el per\u00edodo 2023-2025.<\/p>\n<p>Resalt\u00f3 que la societividad es uno de los valores m\u00e1s apreciado en la sociedad, por tanto, inst\u00f3 a los nuevos directivos a continuar adelante impulsando el desarrollo en el pa\u00eds y el exterior.<\/p>\n<div class=\"wp-block-image\">\n<figure class=\"aligncenter size-large is-resized\"><img decoding=\"async\" loading=\"lazy\" src=\"https:\/\/i0.wp.com\/micm.gob.do\/wp-content\/uploads\/2023\/07\/Viceministro-Perez-Fermin-asegura-RD-avanza-02-768x498.jpg?resize=834,541&amp;ssl=1\" alt=\"\" width=\"834\" height=\"541\" data-recalc-dims=\"1\"><\/figure>\n<\/div>\n<p>P\u00e9rez Ferm\u00edn felicit\u00f3, en nombre del gobierno del presidente Luis Abinader y del ministro Bison\u00f3, a la nueva directiva, y dijo que el MICM est\u00e1 abierto para colaborar cuando se trate de proyectos que impulsen el desarrollo del comercio y la industria en el pa\u00eds.<\/p>\n<p><strong>Homenaje p\u00f3stumo a V\u00edctor M\u00e9ndez Capell\u00e1n<\/strong><\/p>\n<p>Centroc\u00e1mara, durante el acto de juramentaci\u00f3n, tambi\u00e9n celebr\u00f3 el s\u00e9ptimo aniversario de su fundaci\u00f3n y su junta directiva realiz\u00f3 un reconocimiento p\u00f3stumo a Don V\u00edctor M\u00e9ndez Capell\u00e1n, fundador de la entidad, y cuya distinci\u00f3n fue recibida por su hijo V\u00edctor Virgilio M\u00e9ndez Saba.<\/p>\n<figure class=\"wp-block-image\"><img decoding=\"async\" src=\"https:\/\/i0.wp.com\/micm.gob.do\/wp-content\/uploads\/2023\/07\/Viceministro-Perez-Fermin-asegura-RD-avanza-03.jpg?w=1110&amp;ssl=1\" alt=\"\" class=\"wp-image-4953\" data-recalc-dims=\"1\"><\/figure>\n<p>La directiva de Centroc\u00e1mara est\u00e1 integrada por su presidenta Kathy Grull\u00f3n Aybar; Luisa Abinader, tesorera y directora de proyectos; V\u00edctor Virgilio M\u00e9ndez, Polibio Valenzuela, Ricardo Bonetti, Cristhian Reynoso, Juan Ventura (Tito), Claudia Cueli, Opinio \u00c1lvarez, Porfirio Antonio Dur\u00e1n, Willy Cabera y Robert Morales, vicepresidentes.<\/p>\n<p>Tambi\u00e9n integran la directiva, Jennifer Est\u00e9vez Amado, secretaria\/directora ejecutiva; Sarah In\u00e9s Moreno Garc\u00eda, vicesecretaria; Yoelyn Carolina Marr\u00f3n \u00c1lvarez, vicetesorera; y los vocales son Edmundo Gil, Rodr\u00edguez Mustaf\u00e1, C\u00e9sar Alejando Aybar Batista y Jos\u00e9 Gautreau.<\/p>\n<\/div>\n","protected":false},"excerpt":{"rendered":"<p>SANTO DOMINGO. \u2013\u00a0La Rep\u00fablica Dominicana avanza con pasos firmes debido al gran respaldo del Gobierno a trav\u00e9s del Ministerio de Industria, Comercio y Mipymes (MICM), al esp\u00edritu asociativo, la colaboraci\u00f3n&hellip; <\/p>\n","protected":false},"author":2,"featured_media":4084,"comment_status":"closed","ping_status":"closed","sticky":false,"template":"","format":"standard","meta":{"fifu_image_url":"https:\/\/i0.wp.com\/elmundodelosnegocios.com.do\/v1\/wp-content\/uploads\/2023\/07\/01-scaled-3.jpg?resize=840,424&ssl=1","fifu_image_alt":"Republica Dominicana avanza por coerci\u00f3n asociativa con respaldo Gobierno y MICM","footnotes":""},"categories":[63],"tags":[],"class_list":["post-4083","post","type-post","status-publish","format-standard","has-post-thumbnail","hentry","category-actualidad"],"_links":{"self":[{"href":"https:\/\/elmundodelapolitica.com\/v1\/wp-json\/wp\/v2\/posts\/4083","targetHints":{"allow":["GET"]}}],"collection":[{"href":"https:\/\/elmundodelapolitica.com\/v1\/wp-json\/wp\/v2\/posts"}],"about":[{"href":"https:\/\/elmundodelapolitica.com\/v1\/wp-json\/wp\/v2\/types\/post"}],"author":[{"embeddable":true,"href":"https:\/\/elmundodelapolitica.com\/v1\/wp-json\/wp\/v2\/users\/2"}],"replies":[{"embeddable":true,"href":"https:\/\/elmundodelapolitica.com\/v1\/wp-json\/wp\/v2\/comments?post=4083"}],"version-history":[{"count":0,"href":"https:\/\/elmundodelapolitica.com\/v1\/wp-json\/wp\/v2\/posts\/4083\/revisions"}],"wp:featuredmedia":[{"embeddable":true,"href":"https:\/\/elmundodelapolitica.com\/v1\/wp-json\/wp\/v2\/media\/4084"}],"wp:attachment":[{"href":"https:\/\/elmundodelapolitica.com\/v1\/wp-json\/wp\/v2\/media?parent=4083"}],"wp:term":[{"taxonomy":"category","embeddable":true,"href":"https:\/\/elmundodelapolitica.com\/v1\/wp-json\/wp\/v2\/categories?post=4083"},{"taxonomy":"post_tag","embeddable":true,"href":"https:\/\/elmundodelapolitica.com\/v1\/wp-json\/wp\/v2\/tags?post=4083"}],"curies":[{"name":"wp","href":"https:\/\/api.w.org\/{rel}","templated":true}]}}