{"id":4079,"date":"2023-07-25T10:50:54","date_gmt":"2023-07-25T14:50:54","guid":{"rendered":"https:\/\/elmundodelapolitica.com\/v1\/?p=4079"},"modified":"2023-07-25T10:50:54","modified_gmt":"2023-07-25T14:50:54","slug":"infotep-y-daeh-se-unen-para-capacitar-a-mas-de-3000-tecnicos-del-sector-sanitario","status":"publish","type":"post","link":"https:\/\/elmundodelapolitica.com\/v1\/infotep-y-daeh-se-unen-para-capacitar-a-mas-de-3000-tecnicos-del-sector-sanitario\/","title":{"rendered":"INFOTEP y DAEH se unen para capacitar a m\u00e1s de 3000 t\u00e9cnicos del sector sanitario"},"content":{"rendered":"<div>\n<p>Santo Domingo. \u2013 El Instituto Nacional de Formaci\u00f3n T\u00e9cnico Profesional<strong>\u00a0(INFOTEP),<\/strong>\u00a0recibi\u00f3, de parte de la Direcci\u00f3n de Servicios de Atenci\u00f3n a Emergencias Extrahospitalarias\u00a0<strong>(DAEH),<\/strong>\u00a0<strong>seis unidades de ambulancias<\/strong>\u00a0que ser\u00e1n convertidas en\u00a0<strong>Talleres de Entrenamiento y Simulaci\u00f3n<\/strong>\u00a0para capacitar a\u00a0<strong>3,197 servidores del sector sanitario<\/strong>, en todo el territorio dominicano.<\/p>\n<div class=\"wp-block-image\">\n<figure class=\"aligncenter size-large\"><img data-attachment-id=\"31133\" data-permalink=\"https:\/\/elmundodelosnegocios.com.do\/v1\/index.php\/2023\/07\/25\/infotep-y-daeh-se-unen-para-capacitar-a-mas-de-3000-tecnicos-del-sector-sanitario\/1-5-8\/\" data-orig-file=\"https:\/\/i0.wp.com\/elmundodelosnegocios.com.do\/v1\/wp-content\/uploads\/2023\/07\/1-5.jpeg?fit=1300%2C731&amp;ssl=1\" data-orig-size=\"1300,731\" data-comments-opened=\"0\" data-image-meta='{\"aperture\":\"0\",\"credit\":\"\",\"camera\":\"\",\"caption\":\"\",\"created_timestamp\":\"0\",\"copyright\":\"\",\"focal_length\":\"0\",\"iso\":\"0\",\"shutter_speed\":\"0\",\"title\":\"\",\"orientation\":\"0\"}' data-image-title=\"1-5\" data-image-description=\"\" data-image-caption=\"\" data-medium-file=\"https:\/\/i0.wp.com\/elmundodelosnegocios.com.do\/v1\/wp-content\/uploads\/2023\/07\/1-5.jpeg?fit=300%2C169&amp;ssl=1\" data-large-file=\"https:\/\/i0.wp.com\/elmundodelosnegocios.com.do\/v1\/wp-content\/uploads\/2023\/07\/1-5.jpeg?fit=1024%2C576&amp;ssl=1\" decoding=\"async\" loading=\"lazy\" width=\"1024\" height=\"576\" src=\"https:\/\/i0.wp.com\/elmundodelosnegocios.com.do\/v1\/wp-content\/uploads\/2023\/07\/1-5-1024x576.jpeg?resize=1024,576&amp;ssl=1\" alt=\"\" class=\"wp-image-31133\" srcset=\"https:\/\/i0.wp.com\/elmundodelosnegocios.com.do\/v1\/wp-content\/uploads\/2023\/07\/1-5.jpeg?resize=1024%2C576&amp;ssl=1 1024w, https:\/\/i0.wp.com\/elmundodelosnegocios.com.do\/v1\/wp-content\/uploads\/2023\/07\/1-5.jpeg?resize=300%2C169&amp;ssl=1 300w, https:\/\/i0.wp.com\/elmundodelosnegocios.com.do\/v1\/wp-content\/uploads\/2023\/07\/1-5.jpeg?resize=768%2C432&amp;ssl=1 768w, https:\/\/i0.wp.com\/elmundodelosnegocios.com.do\/v1\/wp-content\/uploads\/2023\/07\/1-5.jpeg?w=1300&amp;ssl=1 1300w\" sizes=\"auto, (max-width: 1024px) 100vw, 1024px\" data-recalc-dims=\"1\"><\/figure>\n<\/div>\n<p><strong>El director general del INFOTEP, Rafael Santos Bad\u00eda<\/strong>, indic\u00f3 que mediante este programa de capacitaci\u00f3n se validar\u00e1n y certificar\u00e1n los conocimientos de\u00a0<strong>1,631 servidores activos<\/strong>\u00a0y ser\u00e1n capacitados\u00a0<strong>1,566 nuevos<\/strong>, para ofrecer servicios de\u00a0<strong>asistencia sanitaria de calidad a los usuarios que lo requieran<\/strong>.<\/p>\n<p><em>\u201cTodos reconocemos la importancia de la primera atenci\u00f3n humana en los eventos de salud; los primeros rostros, manos y palabras para el paciente que requiere ser transportado a un centro de atenci\u00f3n de salud. De aqu\u00ed se desprende la importancia de este valioso proyecto para el bienestar de la ciudadan\u00eda\u201d,\u00a0<\/em>expres\u00f3 Santos Bad\u00eda.<\/p>\n<p>El director de Servicios de Atenci\u00f3n a Emergencias Extrahospitalaria, mayor general retirado,\u00a0<strong>Juan Manuel M\u00e9ndez<\/strong>, destac\u00f3 la\u00a0<strong>relevancia estrat\u00e9gica del inicio de este programa de capacitaci\u00f3n<\/strong>\u00a0para el sistema de salud y afirm\u00f3 que facilitar\u00e1 una\u00a0<strong>mejora de la calidad de vida<\/strong>\u00a0de ese recurso humano que es parte de la\u00a0<strong>tripulaci\u00f3n de una ambulancia.<\/strong><\/p>\n<figure class=\"wp-block-image\"><img decoding=\"async\" src=\"https:\/\/i0.wp.com\/presidencia.gob.do\/sites\/default\/files\/inline-images\/Equipamiento de las unidades.jpeg?w=1110&amp;ssl=1\" alt=\"\" data-recalc-dims=\"1\"><\/figure>\n<p><em>\u201cCon este cambio de visi\u00f3n, y en reconocimiento al trabajo tan importante de los servidores de transporte sanitario, lograremos la tecnificaci\u00f3n de su trabajo y, con ello, la posibilidad de mejorar sus ingresos\u201d<\/em>, expres\u00f3 M\u00e9ndez.<\/p>\n<p>Los servidores del transporte sanitario tambi\u00e9n ser\u00e1n capacitados en<strong>\u00a0habilidades blandas,<\/strong>\u00a0que fortalezcan\u00a0<strong>sus relaciones con los usuarios del servicio.<\/strong><\/p>\n<p>El director de la DAEH hizo entrega de las seis ambulancias que ser\u00e1n utilizadas como laboratorios modulares de simulaci\u00f3n, los cuales se prepararon en unidades que est\u00e1n fuera de operaci\u00f3n luego del\u00a0<strong>cumplimiento de su vida<\/strong>\u00a0<strong>\u00fatil<\/strong>, reparadas por el INFOTEP.<\/p>\n<p>Esas unidades ser\u00e1n ubicadas en las diferentes Direcciones Regionales del INFOTEP, en todo el territorio nacional.<\/p>\n<\/div>\n","protected":false},"excerpt":{"rendered":"<p>Santo Domingo. \u2013 El Instituto Nacional de Formaci\u00f3n T\u00e9cnico Profesional\u00a0(INFOTEP),\u00a0recibi\u00f3, de parte de la Direcci\u00f3n de Servicios de Atenci\u00f3n a Emergencias Extrahospitalarias\u00a0(DAEH),\u00a0seis unidades de ambulancias\u00a0que ser\u00e1n convertidas en\u00a0Talleres de Entrenamiento&hellip; <\/p>\n","protected":false},"author":2,"featured_media":4080,"comment_status":"closed","ping_status":"closed","sticky":false,"template":"","format":"standard","meta":{"fifu_image_url":"https:\/\/i0.wp.com\/elmundodelosnegocios.com.do\/v1\/wp-content\/uploads\/2023\/07\/1-5-1024x576.jpeg?resize=1024,576&ssl=1","fifu_image_alt":"INFOTEP y DAEH se unen para capacitar a m\u00e1s de 3000 t\u00e9cnicos del sector sanitario","footnotes":""},"categories":[63],"tags":[],"class_list":["post-4079","post","type-post","status-publish","format-standard","has-post-thumbnail","hentry","category-actualidad"],"_links":{"self":[{"href":"https:\/\/elmundodelapolitica.com\/v1\/wp-json\/wp\/v2\/posts\/4079","targetHints":{"allow":["GET"]}}],"collection":[{"href":"https:\/\/elmundodelapolitica.com\/v1\/wp-json\/wp\/v2\/posts"}],"about":[{"href":"https:\/\/elmundodelapolitica.com\/v1\/wp-json\/wp\/v2\/types\/post"}],"author":[{"embeddable":true,"href":"https:\/\/elmundodelapolitica.com\/v1\/wp-json\/wp\/v2\/users\/2"}],"replies":[{"embeddable":true,"href":"https:\/\/elmundodelapolitica.com\/v1\/wp-json\/wp\/v2\/comments?post=4079"}],"version-history":[{"count":0,"href":"https:\/\/elmundodelapolitica.com\/v1\/wp-json\/wp\/v2\/posts\/4079\/revisions"}],"wp:featuredmedia":[{"embeddable":true,"href":"https:\/\/elmundodelapolitica.com\/v1\/wp-json\/wp\/v2\/media\/4080"}],"wp:attachment":[{"href":"https:\/\/elmundodelapolitica.com\/v1\/wp-json\/wp\/v2\/media?parent=4079"}],"wp:term":[{"taxonomy":"category","embeddable":true,"href":"https:\/\/elmundodelapolitica.com\/v1\/wp-json\/wp\/v2\/categories?post=4079"},{"taxonomy":"post_tag","embeddable":true,"href":"https:\/\/elmundodelapolitica.com\/v1\/wp-json\/wp\/v2\/tags?post=4079"}],"curies":[{"name":"wp","href":"https:\/\/api.w.org\/{rel}","templated":true}]}}