{"id":4060,"date":"2023-07-23T16:22:14","date_gmt":"2023-07-23T20:22:14","guid":{"rendered":"https:\/\/elmundodelapolitica.com\/v1\/?p=4060"},"modified":"2023-07-23T16:22:14","modified_gmt":"2023-07-23T20:22:14","slug":"republica-dominicana-sera-el-pais-anfitrion-de-la-298o-reunion-del-cmca","status":"publish","type":"post","link":"https:\/\/elmundodelapolitica.com\/v1\/republica-dominicana-sera-el-pais-anfitrion-de-la-298o-reunion-del-cmca\/","title":{"rendered":"Rep\u00fablica Dominicana ser\u00e1 el pa\u00eds anfitri\u00f3n de la 298\u00ba Reuni\u00f3n del CMCA"},"content":{"rendered":"<div>\n<p>Santo Domingo, Rep\u00fablica Dominicana. La Rep\u00fablica Dominicana ser\u00e1 el pa\u00eds anfitri\u00f3n de la 298\u00ba Reuni\u00f3n del Consejo Monetario Centroamericano (CMCA), a ser celebrada en el Secrets Royal Beach Punta Cana, provincia La Altagracia, durante los d\u00edas 27 y 28 de julio del presente mes, la cual ser\u00e1 presidida por H\u00e9ctor Valdez Albizu, en su calidad de presidente del CMCA y gobernador del Banco Central de la Rep\u00fablica Dominicana (BCRD).<\/p>\n<div class=\"wp-block-image\">\n<figure class=\"aligncenter size-large\"><img loading=\"lazy\" data-attachment-id=\"31104\" data-permalink=\"https:\/\/elmundodelosnegocios.com.do\/v1\/index.php\/2023\/07\/23\/republica-dominicana-sera-el-pais-anfitrion-de-la-298o-reunion-del-cmca\/01-2-14\/\" data-orig-file=\"https:\/\/i0.wp.com\/elmundodelosnegocios.com.do\/v1\/wp-content\/uploads\/2023\/07\/01-2.jpg?fit=1252%2C818&amp;ssl=1\" data-orig-size=\"1252,818\" data-comments-opened=\"0\" data-image-meta='{\"aperture\":\"0\",\"credit\":\"\",\"camera\":\"\",\"caption\":\"\",\"created_timestamp\":\"0\",\"copyright\":\"\",\"focal_length\":\"0\",\"iso\":\"0\",\"shutter_speed\":\"0\",\"title\":\"\",\"orientation\":\"0\"}' data-image-title=\"01-2\" data-image-description=\"\" data-image-caption=\"\" data-medium-file=\"https:\/\/i0.wp.com\/elmundodelosnegocios.com.do\/v1\/wp-content\/uploads\/2023\/07\/01-2.jpg?fit=300%2C196&amp;ssl=1\" data-large-file=\"https:\/\/i0.wp.com\/elmundodelosnegocios.com.do\/v1\/wp-content\/uploads\/2023\/07\/01-2.jpg?fit=1024%2C669&amp;ssl=1\" decoding=\"async\" width=\"1024\" height=\"669\" src=\"https:\/\/i0.wp.com\/elmundodelosnegocios.com.do\/v1\/wp-content\/uploads\/2023\/07\/01-2-1024x669.jpg?resize=1024,669&amp;ssl=1\" alt=\"\" class=\"wp-image-31104\" srcset=\"https:\/\/i0.wp.com\/elmundodelosnegocios.com.do\/v1\/wp-content\/uploads\/2023\/07\/01-2.jpg?resize=1024%2C669&amp;ssl=1 1024w, https:\/\/i0.wp.com\/elmundodelosnegocios.com.do\/v1\/wp-content\/uploads\/2023\/07\/01-2.jpg?resize=300%2C196&amp;ssl=1 300w, https:\/\/i0.wp.com\/elmundodelosnegocios.com.do\/v1\/wp-content\/uploads\/2023\/07\/01-2.jpg?resize=768%2C502&amp;ssl=1 768w, https:\/\/i0.wp.com\/elmundodelosnegocios.com.do\/v1\/wp-content\/uploads\/2023\/07\/01-2.jpg?w=1252&amp;ssl=1 1252w\" sizes=\"auto, (max-width: 1024px) 100vw, 1024px\" data-recalc-dims=\"1\"><\/figure>\n<\/div>\n<p>En el evento se dar\u00e1n cita los presidentes y gobernadores de los bancos centrales de Costa Rica, El Salvador, Guatemala, Honduras y Nicaragua; asimismo, se contar\u00e1 con la participaci\u00f3n del secretario ejecutivo del CMCA, Odalis Francisco Marte Alevante, y expertos de organismos internacionales como el Fondo Monetario Internacional (FMI) y el Banco Interamericano de Desarrollo (BID).<\/p>\n<p>En el marco de las reuniones, cada banco central y los expertos del FMI tendr\u00e1n la oportunidad de exponer el contexto macroecon\u00f3mico vigente y sus perspectivas para este 2023. En ese sentido, el evento constituye un espacio de reflexi\u00f3n acerca del entorno internacional y sus posibles implicaciones en el contexto macroecon\u00f3mico, para sostener un intercambio de experiencias y acciones a ser emprendidas a fin de mantener la estabilidad de precios y el crecimiento econ\u00f3mico de la regi\u00f3n.<\/p>\n<p>Esta 298\u00ba reuni\u00f3n del CMCA reunir\u00e1 a importantes funcionarios del FMI, como son los se\u00f1ores: Afonso Bevilaqua, representante del FMI para Brasil, Cabo Verde, Rep\u00fablica Dominicana, Ecuador, Guyana, Hait\u00ed, Nicaragua, Panam\u00e1, Surinam, Timor-Leste y Trinidad y Tobago; Metodij Hadzi-Vaskov, representante residente regional para Centroam\u00e9rica, Panam\u00e1 y la Rep\u00fablica Dominicana; y Alfonso Guerra de Luna, representante para Espa\u00f1a, M\u00e9xico, Venezuela, Colombia, Costa Rica, El Salvador, Guatemala y Honduras. Tambi\u00e9n estar\u00e1 presente el se\u00f1or Arnoldo L\u00f3pez Marmolejo, economista principal del Departamento de Pa\u00edses de Centroam\u00e9rica, Hait\u00ed, M\u00e9xico, Panam\u00e1 y Rep\u00fablica Dominicana del Banco Interamericano de Desarrollo.<\/p>\n<\/div>\n","protected":false},"excerpt":{"rendered":"<p>Santo Domingo, Rep\u00fablica Dominicana. La Rep\u00fablica Dominicana ser\u00e1 el pa\u00eds anfitri\u00f3n de la 298\u00ba Reuni\u00f3n del Consejo Monetario Centroamericano (CMCA), a ser celebrada en el Secrets Royal Beach Punta Cana,&hellip; <\/p>\n","protected":false},"author":2,"featured_media":4061,"comment_status":"closed","ping_status":"closed","sticky":false,"template":"","format":"standard","meta":{"fifu_image_url":"https:\/\/i0.wp.com\/elmundodelosnegocios.com.do\/v1\/wp-content\/uploads\/2023\/07\/01-2-1024x669.jpg?resize=1024,669&ssl=1","fifu_image_alt":"Rep\u00fablica Dominicana ser\u00e1 el pa\u00eds anfitri\u00f3n de la 298\u00ba Reuni\u00f3n del CMCA","footnotes":""},"categories":[63],"tags":[],"class_list":["post-4060","post","type-post","status-publish","format-standard","has-post-thumbnail","hentry","category-actualidad"],"_links":{"self":[{"href":"https:\/\/elmundodelapolitica.com\/v1\/wp-json\/wp\/v2\/posts\/4060","targetHints":{"allow":["GET"]}}],"collection":[{"href":"https:\/\/elmundodelapolitica.com\/v1\/wp-json\/wp\/v2\/posts"}],"about":[{"href":"https:\/\/elmundodelapolitica.com\/v1\/wp-json\/wp\/v2\/types\/post"}],"author":[{"embeddable":true,"href":"https:\/\/elmundodelapolitica.com\/v1\/wp-json\/wp\/v2\/users\/2"}],"replies":[{"embeddable":true,"href":"https:\/\/elmundodelapolitica.com\/v1\/wp-json\/wp\/v2\/comments?post=4060"}],"version-history":[{"count":0,"href":"https:\/\/elmundodelapolitica.com\/v1\/wp-json\/wp\/v2\/posts\/4060\/revisions"}],"wp:featuredmedia":[{"embeddable":true,"href":"https:\/\/elmundodelapolitica.com\/v1\/wp-json\/wp\/v2\/media\/4061"}],"wp:attachment":[{"href":"https:\/\/elmundodelapolitica.com\/v1\/wp-json\/wp\/v2\/media?parent=4060"}],"wp:term":[{"taxonomy":"category","embeddable":true,"href":"https:\/\/elmundodelapolitica.com\/v1\/wp-json\/wp\/v2\/categories?post=4060"},{"taxonomy":"post_tag","embeddable":true,"href":"https:\/\/elmundodelapolitica.com\/v1\/wp-json\/wp\/v2\/tags?post=4060"}],"curies":[{"name":"wp","href":"https:\/\/api.w.org\/{rel}","templated":true}]}}