{"id":406,"date":"2022-06-17T12:20:07","date_gmt":"2022-06-17T16:20:07","guid":{"rendered":"http:\/\/www.elmundodelapolitica.com\/v2\/?p=25505"},"modified":"2022-09-26T11:54:44","modified_gmt":"2022-09-26T15:54:44","slug":"fuerza-del-pueblo-solicita-a-autoridades-postergar-aumento-de-la-tarifa-electrica-2","status":"publish","type":"post","link":"https:\/\/elmundodelapolitica.com\/v1\/fuerza-del-pueblo-solicita-a-autoridades-postergar-aumento-de-la-tarifa-electrica-2\/","title":{"rendered":"Leonardo Grisanty imparte taller de Redes a j\u00f3venes integran Fuerza del Pueblo 4.0"},"content":{"rendered":"\n<p>Leonardo Grisanty imparte taller de Redes Sociales y Comunicaci\u00f3n Digital: Fuerza del Pueblo 4.0 dirigido a j\u00f3venes del Distrito Nacional y Santo Domingo Norte.<\/p>\n\n\n\n<p>-En una segunda fase incluir\u00e1 a los integrantes del Sector Externo.<\/p>\n\n\n\n<p>Leonardo Grisanty, miembro de la Direcci\u00f3n Central y vicesecretario de Comunicaci\u00f3n del Partido Fuerza del Pueblo, dej\u00f3 iniciado ayer, el \u201cTaller de Redes Sociales: Fuerza del Pueblo 4.0, Defensa del Legado y Promoci\u00f3n de las Ideas del presidente Leonel Fern\u00e1ndez\u201d, dirigido a los j\u00f3venes y no tan j\u00f3venes de la organizaci\u00f3n pol\u00edtica.<\/p>\n\n\n\n<p>El prop\u00f3sito del mismo es sumar voluntades de los compa\u00f1eros y compa\u00f1eros, a nivel nacional, para que unidos \u201clogremos lo que tanto anhela la sociedad dominicana en estos momentos y es un gobierno que lleve a nuestro pa\u00eds a lograr la paz social y mejores condiciones de vida\u201d.<\/p>\n\n\n\n<p>El integrante de la Direcci\u00f3n Central y vicesecretario de Comunicaci\u00f3n del Partido Fuerza del Pueblo, destac\u00f3 que el taller fue impartido a los j\u00f3venes y no tan j\u00f3venes de las tres circunscripciones del Distrito Nacional y Santo Domingo Norte.<\/p>\n\n\n\n<p>Grisanty explic\u00f3 que esta es una primera fase y que el taller ser\u00e1 impartido, tambi\u00e9n, en las 32 provincias del pa\u00eds, adem\u00e1s del Gran Santo Domingo.<\/p>\n\n\n\n<p>Agreg\u00f3 que, en una segunda fase, estar\u00e1 dirigido al Sector Externo, en el que el destacado dirigente funge, adem\u00e1s, como subcoordinador del Sector Externo con Leonel.<\/p>\n\n\n\n<p>Estos talleres son parte de un compromiso que hizo el pasado 12 de mayo cuando fue juramentado en la Fuerza del Pueblo por el presidente de esa organizaci\u00f3n pol\u00edtica el doctor Leonel Fern\u00e1ndez<\/p>\n\n\n\n<p>\u201cEsperamos que los dirigentes, simpatizantes y compa\u00f1eros se integren a esta iniciativa, que con la cual contribuimos a agigantar los pasos hacia el desarrollo y la comunicaci\u00f3n, ya que este taller es referente de la comunicaci\u00f3n pol\u00edtica y digital\u201d, precis\u00f3 Leonardo Grisanty.<\/p>\n\n\n\n<p>Leonardo Grisanty, miembro de la Direcci\u00f3n Central y vicesecretario de Comunicaci\u00f3n del Partido Fuerza del Pueblo, dej\u00f3 iniciado ayer, el \u201cTaller de Redes Sociales: Fuerza del Pueblo 4.0, Defensa del Legado y Promoci\u00f3n de las Ideas del presidente Leonel Fern\u00e1ndez\u201d, dirigido a los j\u00f3venes y no tan j\u00f3venes de la organizaci\u00f3n pol\u00edtica.<\/p>\n\n\n\n<p>El prop\u00f3sito del mismo es sumar voluntades de los compa\u00f1eros y compa\u00f1eros, a nivel nacional, para que unidos \u201clogremos lo que tanto anhela la sociedad dominicana en estos momentos y es un gobierno que lleve a nuestro pa\u00eds a lograr la paz social y mejores condiciones de vida\u201d.<\/p>\n\n\n\n<p>El integrante de la Direcci\u00f3n Central y vicesecretario de Comunicaci\u00f3n del Partido Fuerza del Pueblo, destac\u00f3 que el taller fue impartido a los j\u00f3venes y no tan j\u00f3venes de las tres circunscripciones del Distrito Nacional y Santo Domingo Norte.<\/p>\n\n\n\n<p>Grisanty explic\u00f3 que esta es una primera fase y que el taller ser\u00e1 impartido, tambi\u00e9n, en las 32 provincias del pa\u00eds, adem\u00e1s del Gran Santo Domingo.<\/p>\n\n\n\n<p>Agreg\u00f3 que, en una segunda fase, estar\u00e1 dirigido al Sector Externo, en el que el destacado dirigente funge, adem\u00e1s, como subcoordinador del Sector Externo con Leonel.<\/p>\n\n\n\n<p>Estos talleres son parte de un compromiso que hizo el pasado 12 de mayo cuando fue juramentado en la Fuerza del Pueblo por el presidente de esa organizaci\u00f3n pol\u00edtica el doctor Leonel Fern\u00e1ndez<\/p>\n\n\n\n<p>\u201cEsperamos que los dirigentes, simpatizantes y compa\u00f1eros se integren a esta iniciativa, que con la cual contribuimos a agigantar los pasos hacia el desarrollo y la comunicaci\u00f3n, ya que este taller es referente de la comunicaci\u00f3n pol\u00edtica y digital\u201d, precis\u00f3 Leonardo Grisanty.<\/p>\n","protected":false},"excerpt":{"rendered":"<p>Leonardo Grisanty imparte taller de Redes Sociales y Comunicaci\u00f3n Digital: Fuerza del Pueblo 4.0 dirigido a j\u00f3venes del Distrito Nacional y Santo Domingo Norte. -En una segunda fase incluir\u00e1 a&hellip; <\/p>\n","protected":false},"author":2,"featured_media":407,"comment_status":"closed","ping_status":"open","sticky":false,"template":"","format":"standard","meta":{"fifu_image_url":"","fifu_image_alt":"","footnotes":""},"categories":[10,57],"tags":[],"class_list":["post-406","post","type-post","status-publish","format-standard","has-post-thumbnail","hentry","category-marketing-politico","category-noticias-destacadas"],"_links":{"self":[{"href":"https:\/\/elmundodelapolitica.com\/v1\/wp-json\/wp\/v2\/posts\/406","targetHints":{"allow":["GET"]}}],"collection":[{"href":"https:\/\/elmundodelapolitica.com\/v1\/wp-json\/wp\/v2\/posts"}],"about":[{"href":"https:\/\/elmundodelapolitica.com\/v1\/wp-json\/wp\/v2\/types\/post"}],"author":[{"embeddable":true,"href":"https:\/\/elmundodelapolitica.com\/v1\/wp-json\/wp\/v2\/users\/2"}],"replies":[{"embeddable":true,"href":"https:\/\/elmundodelapolitica.com\/v1\/wp-json\/wp\/v2\/comments?post=406"}],"version-history":[{"count":1,"href":"https:\/\/elmundodelapolitica.com\/v1\/wp-json\/wp\/v2\/posts\/406\/revisions"}],"predecessor-version":[{"id":473,"href":"https:\/\/elmundodelapolitica.com\/v1\/wp-json\/wp\/v2\/posts\/406\/revisions\/473"}],"wp:featuredmedia":[{"embeddable":true,"href":"https:\/\/elmundodelapolitica.com\/v1\/wp-json\/wp\/v2\/media\/407"}],"wp:attachment":[{"href":"https:\/\/elmundodelapolitica.com\/v1\/wp-json\/wp\/v2\/media?parent=406"}],"wp:term":[{"taxonomy":"category","embeddable":true,"href":"https:\/\/elmundodelapolitica.com\/v1\/wp-json\/wp\/v2\/categories?post=406"},{"taxonomy":"post_tag","embeddable":true,"href":"https:\/\/elmundodelapolitica.com\/v1\/wp-json\/wp\/v2\/tags?post=406"}],"curies":[{"name":"wp","href":"https:\/\/api.w.org\/{rel}","templated":true}]}}