{"id":4053,"date":"2023-07-23T20:27:11","date_gmt":"2023-07-24T00:27:11","guid":{"rendered":"https:\/\/elmundodelapolitica.com\/v1\/?p=4053"},"modified":"2023-07-23T20:27:13","modified_gmt":"2023-07-24T00:27:13","slug":"delegacion-dominicana-en-washington-se-reune-con-el-presidente-del-comite-de-relaciones-exteriores-del-senado-de-los-estados-unidos","status":"publish","type":"post","link":"https:\/\/elmundodelapolitica.com\/v1\/delegacion-dominicana-en-washington-se-reune-con-el-presidente-del-comite-de-relaciones-exteriores-del-senado-de-los-estados-unidos\/","title":{"rendered":"Delegaci\u00f3n dominicana en Washington se re\u00fane con el presidente del Comit\u00e9 de Relaciones Exteriores del Senado de los Estados Unidos"},"content":{"rendered":"\n<p>Washington D. C.-&nbsp;<strong>La comisi\u00f3n designada por el presidente Luis Abinader<\/strong>&nbsp;se reuni\u00f3 con el presidente del Comit\u00e9 de Relaciones Exteriores del Senado de los Estados Unidos,&nbsp;<strong>Bob Men\u00e9ndez<\/strong>, en un encuentro desarrollado en el sal\u00f3n de sesiones del comit\u00e9.&nbsp;<\/p>\n\n\n\n<p>La delegaci\u00f3n tambi\u00e9n sostuvo una reuni\u00f3n con&nbsp;<strong>el l\u00edder de los dem\u00f3cratas<\/strong>&nbsp;en el Comit\u00e9 de Relaciones Exteriores de la C\u00e1mara de Representantes,&nbsp;<strong>Gregory Meeks<\/strong>, de New York.<\/p>\n\n\n\n<p>Asimismo,&nbsp;<strong>otro importante encuentro<\/strong>&nbsp;fue el sostenido con la congresista&nbsp;<strong>Sheila Cherfilus-McCormick, nacida en New York de padres haitianos<\/strong>, la cual es representante del estado de Florida. Adem\u00e1s, el grupo fue recibido en el reconocido&nbsp;<strong>Comit\u00e9 Jud\u00edo Estadounidense (AJC)&nbsp;<\/strong>por el<strong>&nbsp;Sr. Robert Elman<\/strong>, presidente honorario, junto con su directora para Am\u00e9rica Latina,&nbsp;<strong>Dina Siegel Vann<\/strong>, y abordaron distintos temas.<\/p>\n\n\n\n<p>Se recuerda que los trabajos de la delegaci\u00f3n dominicana en esta visita al Capitolio han sido organizados por el&nbsp;<strong>legislador dominicano Adriano Espaillat<\/strong>, miembro destacado de la C\u00e1mara de Representantes de las Estados Unidos. La coordinaci\u00f3n log\u00edstica ha estado bajo la responsabilidad del viceministro administrativo de la presidencia,&nbsp;<strong>Andr\u00e9s Lugo Risk.<\/strong><\/p>\n\n\n\n<p>La delegaci\u00f3n designada por el presidente Abinader que visita la ciudad de Washington D.C. para presentar&nbsp;<strong>las repercusiones de la crisis haitiana en nuestro pa\u00eds<\/strong>, ha continuado desarrollando una importante y activa&nbsp;<strong>agenda de trabajo con reuniones con legisladores y entidades que inciden en el congreso norteamericano<\/strong>.<\/p>\n\n\n\n<p>El equipo de trabajo est\u00e1 integrado adem\u00e1s por el presidente de la Academia Dominicana de la Historia,&nbsp;<strong>Dr. Juan Daniel Balc\u00e1cer<\/strong>;&nbsp;<strong>Jos\u00e9 Julio G\u00f3mez<\/strong>, viceministro de relaciones exteriores y secretario internacional del PRM; la diputada&nbsp;<strong>Lila Alburquerque<\/strong>, expresidenta de la C\u00e1mara de Diputados, del PRSC;&nbsp;<strong>Pelegr\u00edn Castillo<\/strong>, exministro de Energ\u00eda y Minas, de la FNP;&nbsp;<strong>Maritza L\u00f3pez<\/strong>, presidenta del PAL, y el asesor del Senado y exembajador en Israel,&nbsp;<strong>Alexander de la Rosa<\/strong>.&nbsp;<\/p>\n\n\n\n<p>Es un grupo multisectorial de l\u00edderes de partidos pol\u00edticos, acad\u00e9micos y funcionarios, invitados por el presidente Abinader a trabajar y promover&nbsp;<strong>enfoques y propuestas consensuadas<\/strong>&nbsp;por los distintos sectores de la vida nacional con el gobierno, respecto a&nbsp;<strong>la crisis haitiana y su impacto en la Rep\u00fablica Dominicana<\/strong>. En los pr\u00f3ximos d\u00edas se suscribir\u00e1 un&nbsp;<strong>pacto nacional<\/strong>&nbsp;sustentado en las&nbsp;<strong>acciones migratorias, fronterizas, econ\u00f3micas y de pol\u00edtica exterior<\/strong>&nbsp;que se abordar\u00e1n frente a esta situaci\u00f3n, para el corto, mediano y largo plazo.<\/p>\n","protected":false},"excerpt":{"rendered":"<p>Washington D. C.-&nbsp;La comisi\u00f3n designada por el presidente Luis Abinader&nbsp;se reuni\u00f3 con el presidente del Comit\u00e9 de Relaciones Exteriores del Senado de los Estados Unidos,&nbsp;Bob Men\u00e9ndez, en un encuentro desarrollado&hellip; <\/p>\n","protected":false},"author":2,"featured_media":4054,"comment_status":"closed","ping_status":"closed","sticky":false,"template":"","format":"standard","meta":{"fifu_image_url":"","fifu_image_alt":"","footnotes":""},"categories":[54],"tags":[],"class_list":["post-4053","post","type-post","status-publish","format-standard","has-post-thumbnail","hentry","category-politica_exterior"],"_links":{"self":[{"href":"https:\/\/elmundodelapolitica.com\/v1\/wp-json\/wp\/v2\/posts\/4053","targetHints":{"allow":["GET"]}}],"collection":[{"href":"https:\/\/elmundodelapolitica.com\/v1\/wp-json\/wp\/v2\/posts"}],"about":[{"href":"https:\/\/elmundodelapolitica.com\/v1\/wp-json\/wp\/v2\/types\/post"}],"author":[{"embeddable":true,"href":"https:\/\/elmundodelapolitica.com\/v1\/wp-json\/wp\/v2\/users\/2"}],"replies":[{"embeddable":true,"href":"https:\/\/elmundodelapolitica.com\/v1\/wp-json\/wp\/v2\/comments?post=4053"}],"version-history":[{"count":1,"href":"https:\/\/elmundodelapolitica.com\/v1\/wp-json\/wp\/v2\/posts\/4053\/revisions"}],"predecessor-version":[{"id":4055,"href":"https:\/\/elmundodelapolitica.com\/v1\/wp-json\/wp\/v2\/posts\/4053\/revisions\/4055"}],"wp:featuredmedia":[{"embeddable":true,"href":"https:\/\/elmundodelapolitica.com\/v1\/wp-json\/wp\/v2\/media\/4054"}],"wp:attachment":[{"href":"https:\/\/elmundodelapolitica.com\/v1\/wp-json\/wp\/v2\/media?parent=4053"}],"wp:term":[{"taxonomy":"category","embeddable":true,"href":"https:\/\/elmundodelapolitica.com\/v1\/wp-json\/wp\/v2\/categories?post=4053"},{"taxonomy":"post_tag","embeddable":true,"href":"https:\/\/elmundodelapolitica.com\/v1\/wp-json\/wp\/v2\/tags?post=4053"}],"curies":[{"name":"wp","href":"https:\/\/api.w.org\/{rel}","templated":true}]}}