{"id":404,"date":"2022-06-21T01:28:55","date_gmt":"2022-06-21T05:28:55","guid":{"rendered":"http:\/\/www.elmundodelapolitica.com\/v2\/?p=25512"},"modified":"2022-06-21T01:28:55","modified_gmt":"2022-06-21T05:28:55","slug":"unen-superate-y-mision-internacional-justicia-reducir-explotacion-sexual-comercial-menores","status":"publish","type":"post","link":"https:\/\/elmundodelapolitica.com\/v1\/unen-superate-y-mision-internacional-justicia-reducir-explotacion-sexual-comercial-menores\/","title":{"rendered":"Unen Sup\u00e9rate y Misi\u00f3n Internacional Justicia reducir explotaci\u00f3n sexual comercial menores"},"content":{"rendered":"\n<p><strong>SANTO DOMINGO, R.D., 13 de junio 2022<\/strong>.- El programa Sup\u00e9rate y la Misi\u00f3n Internacional de Justicia (International Justice Mission &#8211; IJM) trabajar\u00e1n en conjunto para fortalecer la \u201cRed Nacional de Proveedores de Servicio para Sobrevivientes de Violencia Sexual\u201d, que tiene como objetivo lograr la restauraci\u00f3n integral de dichas personas.<\/p>\n\n\n\n<p>Con este acuerdo se busca ampliar el alcance del sistema de atenci\u00f3n integral para que ni\u00f1os, ni\u00f1as y adolescentes (NNA) que han sido v\u00edctimas, no tan s\u00f3lo de Explotaci\u00f3n Sexual Comercial, sino de cualquier tipo de violencia sexual reciban asistencia especializada.<\/p>\n\n\n\n<p>Ambas instituciones acordaron implementar capacitaciones, realizar talleres, conferencias, charlas, foros u otras actividades que contribuyan a educar y visibilizar los temas de derechos sexuales y reproductivos, igualdad, acoso sexual y grupos en situaci\u00f3n de vulnerabilidad.<\/p>\n\n\n\n<p>\u201cEsta alianza refleja la uni\u00f3n de voluntades, la vocaci\u00f3n de trabajar en armon\u00eda con un prop\u00f3sito \u00fanico de lograr grandes cambios para la sociedad, y pero sobretodo mejorar la calidad de vida de la gente que est\u00e1 carente de ese apoyo,&nbsp; que ha sido marginada y que quieren que nosotros les reivindiquemos sus derechos\u201d, indic\u00f3 Gloria Reyes, directora general de Sup\u00e9rate.&nbsp;<\/p>\n\n\n\n<p>Mientras que Jos\u00e9 Gomes Monteiro, director pa\u00eds de la Misi\u00f3n Internacional de Justicia, expres\u00f3 que \u201cIJM est\u00e1 aqu\u00ed para apoyar al Gobierno en lo que sea necesario para que podamos mejorar la vida de esas personas e impedir que otras pasen por esto\u201d.&nbsp;<\/p>\n\n\n\n<p>El acuerdo fue rubricado por la directora general del programa Sup\u00e9rate, Gloria Reyes, y el director pa\u00eds de la Misi\u00f3n Internacional de Justicia, Jos\u00e9 Gomes Monteiro.&nbsp;Acompa\u00f1aron al director pa\u00eds de IJM,&nbsp; Sonia Hern\u00e1ndez, directora asociada para Fortalecimiento del Sistema P\u00fablico de Justicia; Anokk Amer Pe\u00f1a, gerente senior de Activaci\u00f3n de Socios; y Josefina Cruz, coordinadora de Alianzas y Movilizaci\u00f3n.&nbsp;<\/p>\n\n\n\n<p><br>De Sup\u00e9rate asistieron Miriam Batista, directora de Articulaci\u00f3n; Santa Mateo, directora de Superaci\u00f3n Social y G\u00e9nero; Claudio Hidalgo, director Jur\u00eddico; y Mar\u00eda Quezada, encargada de la Unidad de G\u00e9nero.&nbsp;<\/p>\n","protected":false},"excerpt":{"rendered":"<p>SANTO DOMINGO, R.D., 13 de junio 2022.- El programa Sup\u00e9rate y la Misi\u00f3n Internacional de Justicia (International Justice Mission &#8211; IJM) trabajar\u00e1n en conjunto para fortalecer la \u201cRed Nacional de&hellip; <\/p>\n","protected":false},"author":2,"featured_media":405,"comment_status":"closed","ping_status":"open","sticky":false,"template":"","format":"standard","meta":{"fifu_image_url":"","fifu_image_alt":"","footnotes":""},"categories":[20],"tags":[],"class_list":["post-404","post","type-post","status-publish","format-standard","has-post-thumbnail","hentry","category-salud"],"_links":{"self":[{"href":"https:\/\/elmundodelapolitica.com\/v1\/wp-json\/wp\/v2\/posts\/404","targetHints":{"allow":["GET"]}}],"collection":[{"href":"https:\/\/elmundodelapolitica.com\/v1\/wp-json\/wp\/v2\/posts"}],"about":[{"href":"https:\/\/elmundodelapolitica.com\/v1\/wp-json\/wp\/v2\/types\/post"}],"author":[{"embeddable":true,"href":"https:\/\/elmundodelapolitica.com\/v1\/wp-json\/wp\/v2\/users\/2"}],"replies":[{"embeddable":true,"href":"https:\/\/elmundodelapolitica.com\/v1\/wp-json\/wp\/v2\/comments?post=404"}],"version-history":[{"count":0,"href":"https:\/\/elmundodelapolitica.com\/v1\/wp-json\/wp\/v2\/posts\/404\/revisions"}],"wp:featuredmedia":[{"embeddable":true,"href":"https:\/\/elmundodelapolitica.com\/v1\/wp-json\/wp\/v2\/media\/405"}],"wp:attachment":[{"href":"https:\/\/elmundodelapolitica.com\/v1\/wp-json\/wp\/v2\/media?parent=404"}],"wp:term":[{"taxonomy":"category","embeddable":true,"href":"https:\/\/elmundodelapolitica.com\/v1\/wp-json\/wp\/v2\/categories?post=404"},{"taxonomy":"post_tag","embeddable":true,"href":"https:\/\/elmundodelapolitica.com\/v1\/wp-json\/wp\/v2\/tags?post=404"}],"curies":[{"name":"wp","href":"https:\/\/api.w.org\/{rel}","templated":true}]}}