{"id":4029,"date":"2023-07-21T01:06:23","date_gmt":"2023-07-21T05:06:23","guid":{"rendered":"https:\/\/elmundodelapolitica.com\/v1\/?p=4029"},"modified":"2023-07-21T01:06:23","modified_gmt":"2023-07-21T05:06:23","slug":"resumen-planview-registra-un-segundo-trimestre-y-un-primer-semestre-de-2023-record-y-mantiene-su-impulso-en-un-entorno-economico-dificil","status":"publish","type":"post","link":"https:\/\/elmundodelapolitica.com\/v1\/resumen-planview-registra-un-segundo-trimestre-y-un-primer-semestre-de-2023-record-y-mantiene-su-impulso-en-un-entorno-economico-dificil\/","title":{"rendered":"Resumen: Planview registra un segundo trimestre y un primer semestre de 2023 r\u00e9cord y mantiene su impulso en un entorno econ\u00f3mico dif\u00edcil"},"content":{"rendered":"<p>Los s\u00f3lidos resultados financieros ponen de relieve la demanda de priorizaci\u00f3n y mejora de la productividad en todas las iniciativas de digitalizaci\u00f3nAUSTIN, Texas&#8211;(BUSINESS WIRE)&#8211;Planview, la plataforma l\u00edder para el trabajo digital conectado desde la planificaci\u00f3n de la cartera hasta la entrega, ha anunciado hoy un r\u00e9cord de ingresos recurrentes anuales (ARR) y reservas en el segundo trimestre, continuando con un fuerte impulso y crecimiento en 2023. La contrataci\u00f3n en el segundo trimestre (ACV, seg\u00fan su sigla en ingl\u00e9s) y en la primera mitad del a\u00f1o alcanz\u00f3 una cifra r\u00e9cord, con un crecimiento interanual del 30%, impulsado tanto por la incorporaci\u00f3n de nuevos clientes como por la ampliaci\u00f3n de la cartera de servicios financieros, automoci\u00f3n y sanidad. Al cierre del primer semestre de 2023, Planview est\u00e1 superando sus previsiones en varios indicadores clave, como la contrataci\u00f3n, la retenci\u00f3n y el ARR de este a\u00f1o.<br \/>\nEl comunicado en el idioma original es la versi\u00f3n oficial y autorizada del mismo. Esta traducci\u00f3n es solamente un medio de ayuda y deber\u00e1 ser comparada con el texto en idioma original, que es la \u00fanica versi\u00f3n del texto que tendr\u00e1 validez legal. Contacts<br \/>\nMedia Relations para PlanviewNatalie Reina<br \/>\nDirectora de Corp Comms<br \/>\n956-878-9176<br \/>\nnatalie.reina@planview.com<\/p>\n","protected":false},"excerpt":{"rendered":"<div>\n<p class=\"bwalignc\">\n<i>Los s\u00f3lidos resultados financieros ponen de relieve la demanda de priorizaci\u00f3n y mejora de la productividad en todas las iniciativas de digitalizaci\u00f3n<\/i><\/p>\n<p>AUSTIN, Texas&#8211;(BUSINESS WIRE)&#8211;<a target=\"_blank\" href=\"https:\/\/cts.businesswire.com\/ct\/CT?id=smartlink&amp;url=http%3A%2F%2Fwww.planview.com%2F&amp;esheet=53469112&amp;newsitemid=20230720582804&amp;lan=es-ES&amp;anchor=Planview&amp;index=1&amp;md5=7fd1aff1ac0dfb687eaab9adacf6b4e7\" rel=\"nofollow noopener\">Planview<\/a>, la plataforma l\u00edder para el trabajo digital conectado desde la planificaci\u00f3n de la cartera hasta la entrega, ha anunciado hoy un r\u00e9cord de ingresos recurrentes anuales (ARR) y reservas en el segundo trimestre, continuando con un fuerte impulso y crecimiento en 2023. La contrataci\u00f3n en el segundo trimestre (ACV, seg\u00fan su sigla en ingl\u00e9s) y en la primera mitad del a\u00f1o alcanz\u00f3 una cifra r\u00e9cord, con un crecimiento interanual del 30%, impulsado tanto por la incorporaci\u00f3n de nuevos clientes como por la ampliaci\u00f3n de la cartera de servicios financieros, automoci\u00f3n y sanidad. Al cierre del primer semestre de 2023, Planview est\u00e1 superando sus previsiones en varios indicadores clave, como la contrataci\u00f3n, la retenci\u00f3n y el ARR de este a\u00f1o.<\/p>\n<p><a href=\"https:\/\/mms.businesswire.com\/media\/20230720582804\/es\/837612\/5\/Planview-Horizontal-color-RGB.jpg\"><img decoding=\"async\" src=\"https:\/\/mms.businesswire.com\/media\/20230720450990\/en\/837612\/21\/Planview-Horizontal-color-RGB.jpg\"><\/a><br \/><a href=\"https:\/\/mms.businesswire.com\/media\/20230720582804\/es\/837612\/5\/Planview-Horizontal-color-RGB.jpg\"><img decoding=\"async\" src=\"https:\/\/mms.businesswire.com\/media\/20230720582804\/es\/837612\/22\/Planview-Horizontal-color-RGB.jpg\"><\/a><\/p>\n<p>\nEl comunicado en el idioma original es la versi\u00f3n oficial y autorizada del mismo. Esta traducci\u00f3n es solamente un medio de ayuda y deber\u00e1 ser comparada con el texto en idioma original, que es la \u00fanica versi\u00f3n del texto que tendr\u00e1 validez legal.<\/p>\n<p> <b>Contacts<\/b> <\/p>\n<p>\n<b>Media Relations para Planview<\/b><br \/>Natalie Reina<br \/>\n<br \/>Directora de Corp Comms<br \/>\n<br \/>956-878-9176<br \/>\n<br \/><a target=\"_blank\" href=\"mailto:natalie.reina@planview.com\" rel=\"nofollow noopener\">natalie.reina@planview.com<\/a><\/p>\n<\/div>\n","protected":false},"author":2,"featured_media":4030,"comment_status":"closed","ping_status":"closed","sticky":false,"template":"","format":"standard","meta":{"fifu_image_url":"https:\/\/mms.businesswire.com\/media\/20230720450990\/en\/837612\/21\/Planview-Horizontal-color-RGB.jpg","fifu_image_alt":"Resumen: Planview registra un segundo trimestre y un primer semestre de 2023 r\u00e9cord y mantiene su impulso en un entorno econ\u00f3mico dif\u00edcil","footnotes":""},"categories":[44],"tags":[],"class_list":["post-4029","post","type-post","status-publish","format-standard","has-post-thumbnail","hentry","category-business-wire"],"_links":{"self":[{"href":"https:\/\/elmundodelapolitica.com\/v1\/wp-json\/wp\/v2\/posts\/4029","targetHints":{"allow":["GET"]}}],"collection":[{"href":"https:\/\/elmundodelapolitica.com\/v1\/wp-json\/wp\/v2\/posts"}],"about":[{"href":"https:\/\/elmundodelapolitica.com\/v1\/wp-json\/wp\/v2\/types\/post"}],"author":[{"embeddable":true,"href":"https:\/\/elmundodelapolitica.com\/v1\/wp-json\/wp\/v2\/users\/2"}],"replies":[{"embeddable":true,"href":"https:\/\/elmundodelapolitica.com\/v1\/wp-json\/wp\/v2\/comments?post=4029"}],"version-history":[{"count":0,"href":"https:\/\/elmundodelapolitica.com\/v1\/wp-json\/wp\/v2\/posts\/4029\/revisions"}],"wp:featuredmedia":[{"embeddable":true,"href":"https:\/\/elmundodelapolitica.com\/v1\/wp-json\/wp\/v2\/media\/4030"}],"wp:attachment":[{"href":"https:\/\/elmundodelapolitica.com\/v1\/wp-json\/wp\/v2\/media?parent=4029"}],"wp:term":[{"taxonomy":"category","embeddable":true,"href":"https:\/\/elmundodelapolitica.com\/v1\/wp-json\/wp\/v2\/categories?post=4029"},{"taxonomy":"post_tag","embeddable":true,"href":"https:\/\/elmundodelapolitica.com\/v1\/wp-json\/wp\/v2\/tags?post=4029"}],"curies":[{"name":"wp","href":"https:\/\/api.w.org\/{rel}","templated":true}]}}