{"id":402,"date":"2022-06-21T01:29:48","date_gmt":"2022-06-21T05:29:48","guid":{"rendered":"http:\/\/www.elmundodelapolitica.com\/v2\/?p=25515"},"modified":"2022-06-21T01:29:48","modified_gmt":"2022-06-21T05:29:48","slug":"considera-instituciones-publicas-y-privadas-deben-contar-con-protocolos-seguridad","status":"publish","type":"post","link":"https:\/\/elmundodelapolitica.com\/v1\/considera-instituciones-publicas-y-privadas-deben-contar-con-protocolos-seguridad\/","title":{"rendered":"Considera instituciones p\u00fablicas y privadas deben contar con protocolos seguridad"},"content":{"rendered":"\n<p><strong>Santo Domingo<\/strong>, R.D. Junio 15, 2022.-&nbsp;El consultor y analista en seguridad estrat\u00e9gica, Alberto Sandoval, consider\u00f3 que las instituciones p\u00fablicas y entidades privadas del pa\u00eds deben contar con protocolos de seguridad enfocados en protecci\u00f3n ejecutiva, as\u00ed como herramientas tecnol\u00f3gicas para complementar esa labor.<\/p>\n\n\n\n<p>Sandoval explic\u00f3 que esa es la mejor forma de estar listos ante una situaci\u00f3n de emergencia que pudiera presentarse y poner en peligro a los colaboradores, tras destacar que entre las herramientas tecnol\u00f3gicas figuran arcos detectores, sistemas de c\u00e1maras de vigilancia, sensores, monitores digitales, para detectar, determinar y reaccionar de forma eficaz ante una situaci\u00f3n adversa a la integridad del entorno y del protegido.<\/p>\n\n\n\n<p>\u201cEn la era digital no hay programa o plan que no cuente con tecnolog\u00eda que no sea eficaz, esta complementa la labor de seguridad, se necesitan para que el personal de seguridad ejerza una tarea aceptable\u201d, expres\u00f3 al ser entrevistado en el programa Toque Final con Julio Mart\u00ednez Pozo, que se transmite por Antena 7.<\/p>\n\n\n\n<p>El consultor indic\u00f3 que los protocolos de seguridad enfocados en protecci\u00f3n ejecutiva son para toda persona que pernocta en un \u00e1rea, porque la seguridad no se basa en confianza sino en proceso, procedimiento y protocolo.<\/p>\n\n\n\n<p>En ese sentido afirm\u00f3 que el hecho de que el imputado por el asesinato del ministro de Medio Ambiente, Orlando Jorge Mera, pudiera acceder a esa instituci\u00f3n por la confianza y la cercan\u00eda con el hoy fallecido, as\u00ed como la falta de un protocolo integral la protecci\u00f3n ejecutiva, fue lo que permiti\u00f3 que se materializara ese tr\u00e1gico hecho.<\/p>\n\n\n\n<p>&nbsp;En tanto, manifest\u00f3 que la norma en la seguridad dominicana es que el cuerpo de seguridad presencial sea el que asigne y gestione un personal calificado, es decir, un oficial superior y en la condici\u00f3n de que pueda ser una persona de la clase civil que tenga la formaci\u00f3n y la competencia para brindar protecci\u00f3n ejecutiva.<\/p>\n\n\n\n<p>Dijo que una persona con un uniforme o que pertenezca a una instituci\u00f3n castrense no necesariamente tenga las facultades o destrezas para responder ante una situaci\u00f3n enfocada a protecci\u00f3n ejecutiva.<\/p>\n\n\n\n<p>\u201cHay una cultura mal impregnada en la sociedad dominicana y sucede cuando una persona del \u00e1mbito pol\u00edtico se acerca a un amigo y lo designa como encargado de seguridad. Un error garrafal porque la seguridad se compone de criterio, actualizaciones y capacidades\u201d, consider\u00f3.<\/p>\n\n\n\n<p>Explic\u00f3 que quiz\u00e1s dicha persona no tiene las competencias para tal labor y eso afecta el sistema de protecci\u00f3n integral de una instituci\u00f3n y de protecci\u00f3n ejecutiva para una figura o incumbente.<\/p>\n","protected":false},"excerpt":{"rendered":"<p>Santo Domingo, R.D. Junio 15, 2022.-&nbsp;El consultor y analista en seguridad estrat\u00e9gica, Alberto Sandoval, consider\u00f3 que las instituciones p\u00fablicas y entidades privadas del pa\u00eds deben contar con protocolos de seguridad&hellip; <\/p>\n","protected":false},"author":2,"featured_media":403,"comment_status":"closed","ping_status":"open","sticky":false,"template":"","format":"standard","meta":{"fifu_image_url":"","fifu_image_alt":"","footnotes":""},"categories":[16],"tags":[],"class_list":["post-402","post","type-post","status-publish","format-standard","has-post-thumbnail","hentry","category-seguridad"],"_links":{"self":[{"href":"https:\/\/elmundodelapolitica.com\/v1\/wp-json\/wp\/v2\/posts\/402","targetHints":{"allow":["GET"]}}],"collection":[{"href":"https:\/\/elmundodelapolitica.com\/v1\/wp-json\/wp\/v2\/posts"}],"about":[{"href":"https:\/\/elmundodelapolitica.com\/v1\/wp-json\/wp\/v2\/types\/post"}],"author":[{"embeddable":true,"href":"https:\/\/elmundodelapolitica.com\/v1\/wp-json\/wp\/v2\/users\/2"}],"replies":[{"embeddable":true,"href":"https:\/\/elmundodelapolitica.com\/v1\/wp-json\/wp\/v2\/comments?post=402"}],"version-history":[{"count":0,"href":"https:\/\/elmundodelapolitica.com\/v1\/wp-json\/wp\/v2\/posts\/402\/revisions"}],"wp:featuredmedia":[{"embeddable":true,"href":"https:\/\/elmundodelapolitica.com\/v1\/wp-json\/wp\/v2\/media\/403"}],"wp:attachment":[{"href":"https:\/\/elmundodelapolitica.com\/v1\/wp-json\/wp\/v2\/media?parent=402"}],"wp:term":[{"taxonomy":"category","embeddable":true,"href":"https:\/\/elmundodelapolitica.com\/v1\/wp-json\/wp\/v2\/categories?post=402"},{"taxonomy":"post_tag","embeddable":true,"href":"https:\/\/elmundodelapolitica.com\/v1\/wp-json\/wp\/v2\/tags?post=402"}],"curies":[{"name":"wp","href":"https:\/\/api.w.org\/{rel}","templated":true}]}}