{"id":4012,"date":"2023-07-20T11:51:13","date_gmt":"2023-07-20T15:51:13","guid":{"rendered":"https:\/\/elmundodelapolitica.com\/v1\/?p=4012"},"modified":"2023-07-20T11:51:15","modified_gmt":"2023-07-20T15:51:15","slug":"visitara-delegacion-dominicana-congresistas-washington-tratar-sobre-haiti","status":"publish","type":"post","link":"https:\/\/elmundodelapolitica.com\/v1\/visitara-delegacion-dominicana-congresistas-washington-tratar-sobre-haiti\/","title":{"rendered":"Visitara delegaci\u00f3n dominicana congresistas Washington tratar sobre Hait\u00ed"},"content":{"rendered":"\n<p>Una delegaci\u00f3n de l\u00edderes de diversos partidos pol\u00edticos dominicanos, representantes del Gobierno y acad\u00e9micos, se reunir\u00e1n en Washington, D. C., EEUU, con varios legisladores norteamericanos, as\u00ed como con algunos organismos interesados en el tema, para dialogar sobre la situaci\u00f3n de crisis en Hait\u00ed y su impacto en la Rep\u00fablica Dominicana.<\/p>\n\n\n\n<p>La comisi\u00f3n designada por el presidente Luis Abinader est\u00e1 conformada por el presidente de la Academia Dominicana de la Historia, Juan Daniel Balc\u00e1cer; el viceministro Administrativo de la Presidencia y secretario de relaciones interpartidarias del Partido Revolucionario Moder (PRM), Andr\u00e9s Lugo Risk; el viceministro de relaciones exteriores y secretario internacional del PRM, Jos\u00e9 Julio G\u00f3mez.<\/p>\n\n\n\n<p>Tambi\u00e9n la integran, la diputada Lila Alburquerque, dirigenta del Partido Reformista Social Cristiano (PRSC) y expresidenta de la C\u00e1mara de Diputados; Pelegr\u00edn Castillo, vicepresidente de la Fuerza Nacional Progresista (FNP); Maritza L\u00f3pez, presidenta del Partido Acci\u00f3n Liberal (PAL); y el asesor del Senado y exembajador en Israel, Alexander de la Rosa.&nbsp;<\/p>\n\n\n\n<p>La agenda en Washington est\u00e1 siendo organizada y coordinada por el Representante ante la C\u00e1mara Baja de los EEUU, Adriano Espaillat y su equipo. Se han confirmado reuniones particulares con cada uno de los representantes siguientes: Bill Pascrell, Susan Wild, Frederica Wilson, Mario Diaz-Balart, Sheila Cherfilus-McCormick, Yvette Clarke, Mar\u00eda Elvira Salazar, Joaquin Castro y Maxuell Frost. As\u00ed como con el senador Bob Men\u00e9ndez, y por confirmar, el senador Marco Rubio.<\/p>\n\n\n\n<p>La delegaci\u00f3n visitar\u00e1 el Centro J. Perry, del Departamento de Defensa de EEUU, donde los recibir\u00e1 su director Paul Angelo. Tambi\u00e9n al Comit\u00e9 Jud\u00edo Americano (AJC), en el cual se reunir\u00e1n con sus directores Davis Harris y Dina Siegel.&nbsp;<\/p>\n\n\n\n<p>Otras comisiones viajar\u00e1n en las pr\u00f3ximas semanas a sostener reuniones similares a Ottawa, C\u00e1nada, con autoridades de dicho pa\u00eds; a Bruselas y Par\u00eds, a los parlamentos europeo y franc\u00e9s, respectivamente; a Guatemala, al Parlamento Centroamericano; a Sudam\u00e9rica y a \u00c1frica.&nbsp;<\/p>\n\n\n\n<p>Durante cuatro meses representantes partidarios, acad\u00e9micos y miembros de distintas instancias del gobierno han estado trabajando, ante un llamado del primer mandatario el pasado 27 de febrero en la Asamblea Nacional, en la elaboraci\u00f3n de un pacto nacional para enfrentar los efectos de la crisis haitiana en la Rep\u00fablica Dominicana en los aspectos econ\u00f3micos, migratorios, de pol\u00edtica exterior y de control fronterizo.&nbsp;<\/p>\n\n\n\n<p>\"Les pido a todos responsabilidad para apartar el problema haitiano de nuestra lucha partidista y que lleguemos a un gran acuerdo nacional, a un pacto de pa\u00eds, que nos comprometa desde nuestras posiciones y que d\u00e9 una respuesta un\u00e1nime en la defensa y la protecci\u00f3n de nuestra soberan\u00eda\", fueron las palabras del presidente Abinader en su discurso de rendici\u00f3n de cuentas.<\/p>\n\n\n\n<p>Para cada uno de esos ejes tem\u00e1ticos se han integrado mesas de trabajo donde han participado casi treinta organizaciones pol\u00edticas, el Gobierno y decenas de acad\u00e9micos y especialistas criollos en el tema.&nbsp;<\/p>\n\n\n\n<p>Se tiene preparada una gran propuesta con amplios niveles de acuerdo, que ya solo requiere de algunas reuniones adicionales para lograr un consenso total que permita la firma definitiva del pacto nacional.<\/p>\n","protected":false},"excerpt":{"rendered":"<p>Una delegaci\u00f3n de l\u00edderes de diversos partidos pol\u00edticos dominicanos, representantes del Gobierno y acad\u00e9micos, se reunir\u00e1n en Washington, D. C., EEUU, con varios legisladores norteamericanos, as\u00ed como con algunos organismos&hellip; <\/p>\n","protected":false},"author":2,"featured_media":4013,"comment_status":"open","ping_status":"open","sticky":false,"template":"","format":"standard","meta":{"fifu_image_url":"","fifu_image_alt":"","footnotes":""},"categories":[54],"tags":[],"class_list":["post-4012","post","type-post","status-publish","format-standard","has-post-thumbnail","hentry","category-politica_exterior"],"_links":{"self":[{"href":"https:\/\/elmundodelapolitica.com\/v1\/wp-json\/wp\/v2\/posts\/4012","targetHints":{"allow":["GET"]}}],"collection":[{"href":"https:\/\/elmundodelapolitica.com\/v1\/wp-json\/wp\/v2\/posts"}],"about":[{"href":"https:\/\/elmundodelapolitica.com\/v1\/wp-json\/wp\/v2\/types\/post"}],"author":[{"embeddable":true,"href":"https:\/\/elmundodelapolitica.com\/v1\/wp-json\/wp\/v2\/users\/2"}],"replies":[{"embeddable":true,"href":"https:\/\/elmundodelapolitica.com\/v1\/wp-json\/wp\/v2\/comments?post=4012"}],"version-history":[{"count":1,"href":"https:\/\/elmundodelapolitica.com\/v1\/wp-json\/wp\/v2\/posts\/4012\/revisions"}],"predecessor-version":[{"id":4014,"href":"https:\/\/elmundodelapolitica.com\/v1\/wp-json\/wp\/v2\/posts\/4012\/revisions\/4014"}],"wp:featuredmedia":[{"embeddable":true,"href":"https:\/\/elmundodelapolitica.com\/v1\/wp-json\/wp\/v2\/media\/4013"}],"wp:attachment":[{"href":"https:\/\/elmundodelapolitica.com\/v1\/wp-json\/wp\/v2\/media?parent=4012"}],"wp:term":[{"taxonomy":"category","embeddable":true,"href":"https:\/\/elmundodelapolitica.com\/v1\/wp-json\/wp\/v2\/categories?post=4012"},{"taxonomy":"post_tag","embeddable":true,"href":"https:\/\/elmundodelapolitica.com\/v1\/wp-json\/wp\/v2\/tags?post=4012"}],"curies":[{"name":"wp","href":"https:\/\/api.w.org\/{rel}","templated":true}]}}