{"id":400,"date":"2022-06-21T01:33:51","date_gmt":"2022-06-21T05:33:51","guid":{"rendered":"http:\/\/www.elmundodelapolitica.com\/v2\/?p=25518"},"modified":"2022-06-21T01:33:51","modified_gmt":"2022-06-21T05:33:51","slug":"ministro-propone-pacto-erradicar-clientelismo-politico","status":"publish","type":"post","link":"https:\/\/elmundodelapolitica.com\/v1\/ministro-propone-pacto-erradicar-clientelismo-politico\/","title":{"rendered":"Ministro propone pacto erradicar \u201cclientelismo pol\u00edtico\u201d"},"content":{"rendered":"\n<p><strong>Santo Domingo,<\/strong>&nbsp;R.D. Junio 15, 2022.-&nbsp;El ministro de Administraci\u00f3n P\u00fablica, Dar\u00edo Castillo Lugo, propuso la creaci\u00f3n de un \u201cPacto por la Institucionalidad y la Profesionalizaci\u00f3n de la Administraci\u00f3n P\u00fablica\u201d, que buscar\u00eda eliminar y liquidar \u201cde una vez por todas\u201d el \u201cclientelismo y bot\u00edn pol\u00edticos\u201d, de la cultura pol\u00edtica de Rep\u00fablica Dominicana, que dio al traste con la vida del ministro de Medio Ambiente y Recursos Naturales, Orlando Jorge Mera.<\/p>\n\n\n\n<p>\"Quiero que presten atenci\u00f3n en este punto. Aprovechamos para hacer un ferviente llamado a los integrantes del Consejo Nacional de Participaci\u00f3n Ciudadana, en la persona de su Coordinador General, y en su condici\u00f3n de Movimiento C\u00edvico No Partidista, para que propicien y generen, entre las direcciones de los partidos pol\u00edticos con representaci\u00f3n en el Congreso Nacional, una suerte de Pacto por la Institucionalidad y la Profesionalizaci\u00f3n de la Administraci\u00f3n P\u00fablica, en cumplimiento de lo dispuesto en el art\u00edculo 142 de la Constituci\u00f3n de la Rep\u00fablica, que permita liquidar y desterrar, de una vez por todas, de la cultura pol\u00edtica nacional, una proclama o mala pr\u00e1ctica del Clientelismo, del Bot\u00edn Pol\u00edtico y de la Corrupci\u00f3n, que proclama \u201dHice campa\u00f1a y no me resuelven\u201d, que acaba de segar la vida de un buen Dominicano y un excelente funcionario p\u00fablico\", manifest\u00f3 el titular del Ministerio de Administraci\u00f3n P\u00fablica (MAP).<\/p>\n\n\n\n<p>El art\u00edculo 142 de la Constituci\u00f3n Dominicana dice que \u201cel Estatuto de la Funci\u00f3n P\u00fablica es un r\u00e9gimen de derecho p\u00fablico basado en el m\u00e9rito y la profesionalizaci\u00f3n para una gesti\u00f3n eficiente y el cumplimiento de las funciones esenciales del Estado\u201d.<\/p>\n\n\n\n<p>Las declaraciones del licenciado Castillo Lugo se produjeron durante el inicio del \u201cSeminario sobre Avances de la Administraci\u00f3n P\u00fablica, en los \u00faltimos 10 a\u00f1os\u201d que es coordinado por el movimiento c\u00edvico no partidista Participaci\u00f3n Ciudadana, donde tuvo las palabras centrales del acto.<\/p>\n\n\n\n<p>En su intervenci\u00f3n, el ministro present\u00f3 varios avances que ha tenido la administraci\u00f3n p\u00fablica en los \u00faltimos a\u00f1os, como la aprobaci\u00f3n del Plan General de Reforma y Modernizaci\u00f3n de la Administraci\u00f3n P\u00fablica, mediante el Decreto n\u00fam. 149-21. Tambi\u00e9n la promulgaci\u00f3n de la ley n\u00fam. 167-21, sobre Mejora Regulatoria y Simplificaci\u00f3n de Tr\u00e1mites.<\/p>\n\n\n\n<p>\u201cA partir de la priorizaci\u00f3n de sectores para ser abordados en el contexto de la reforma y modernizaci\u00f3n como indica el Plan General, se est\u00e1n reforzando los sectores: Salud P\u00fablica, Agropecuario, Protecci\u00f3n Social y Seguridad Ciudadana, en los cuales se vienen obteniendo resultados importantes. A partir de este a\u00f1o, se estar\u00e1n interviniendo los sectores de Educaci\u00f3n, Medio Ambiente, Industria y Comercio, Agua Potable y Saneamiento, y Energ\u00eda y Minas\u201d, manifest\u00f3 el ministro.<\/p>\n\n\n\n<p>En el acto participaron Joseph Abreu, Coordinador General de Participaci\u00f3n Ciudadana, y la embajadora de la Uni\u00f3n Europea en el pa\u00eds Katja Afheldt.<\/p>\n","protected":false},"excerpt":{"rendered":"<p>Santo Domingo,&nbsp;R.D. Junio 15, 2022.-&nbsp;El ministro de Administraci\u00f3n P\u00fablica, Dar\u00edo Castillo Lugo, propuso la creaci\u00f3n de un \u201cPacto por la Institucionalidad y la Profesionalizaci\u00f3n de la Administraci\u00f3n P\u00fablica\u201d, que buscar\u00eda&hellip; <\/p>\n","protected":false},"author":2,"featured_media":401,"comment_status":"closed","ping_status":"open","sticky":false,"template":"","format":"standard","meta":{"fifu_image_url":"","fifu_image_alt":"","footnotes":""},"categories":[22],"tags":[],"class_list":["post-400","post","type-post","status-publish","format-standard","has-post-thumbnail","hentry","category-gerencia"],"_links":{"self":[{"href":"https:\/\/elmundodelapolitica.com\/v1\/wp-json\/wp\/v2\/posts\/400","targetHints":{"allow":["GET"]}}],"collection":[{"href":"https:\/\/elmundodelapolitica.com\/v1\/wp-json\/wp\/v2\/posts"}],"about":[{"href":"https:\/\/elmundodelapolitica.com\/v1\/wp-json\/wp\/v2\/types\/post"}],"author":[{"embeddable":true,"href":"https:\/\/elmundodelapolitica.com\/v1\/wp-json\/wp\/v2\/users\/2"}],"replies":[{"embeddable":true,"href":"https:\/\/elmundodelapolitica.com\/v1\/wp-json\/wp\/v2\/comments?post=400"}],"version-history":[{"count":0,"href":"https:\/\/elmundodelapolitica.com\/v1\/wp-json\/wp\/v2\/posts\/400\/revisions"}],"wp:featuredmedia":[{"embeddable":true,"href":"https:\/\/elmundodelapolitica.com\/v1\/wp-json\/wp\/v2\/media\/401"}],"wp:attachment":[{"href":"https:\/\/elmundodelapolitica.com\/v1\/wp-json\/wp\/v2\/media?parent=400"}],"wp:term":[{"taxonomy":"category","embeddable":true,"href":"https:\/\/elmundodelapolitica.com\/v1\/wp-json\/wp\/v2\/categories?post=400"},{"taxonomy":"post_tag","embeddable":true,"href":"https:\/\/elmundodelapolitica.com\/v1\/wp-json\/wp\/v2\/tags?post=400"}],"curies":[{"name":"wp","href":"https:\/\/api.w.org\/{rel}","templated":true}]}}