{"id":3998,"date":"2023-07-19T20:01:28","date_gmt":"2023-07-20T00:01:28","guid":{"rendered":"https:\/\/elmundodelapolitica.com\/v1\/?p=3998"},"modified":"2023-07-19T20:01:28","modified_gmt":"2023-07-20T00:01:28","slug":"idac-saluda-inicio-de-5-nuevas-rutas-de-sky-high-dominicana-hacia-estados-unidos-venezuela-y-el-caribe","status":"publish","type":"post","link":"https:\/\/elmundodelapolitica.com\/v1\/idac-saluda-inicio-de-5-nuevas-rutas-de-sky-high-dominicana-hacia-estados-unidos-venezuela-y-el-caribe\/","title":{"rendered":"IDAC saluda inicio de 5 nuevas rutas de Sky High Dominicana hacia Estados Unidos, Venezuela y el Caribe"},"content":{"rendered":"<div>\n<p>Santo Domingo.- El director general del Instituto Dominicano de Aviaci\u00f3n Civil\u00a0<strong>(IDAC), H\u00e9ctor Porcella,<\/strong>\u00a0felicit\u00f3 a la l\u00ednea a\u00e9rea\u00a0<strong>Sky High Dominicana<\/strong>\u00a0por extender sus operaciones a\u00a0<strong>cinco nuevos destinos<\/strong>\u00a0de Estados Unidos, Venezuela y el Caribe en una medida que, adem\u00e1s de favorecer\u00a0<strong>el turismo y el intercambio comercial<\/strong>, tambi\u00e9n beneficiar\u00e1 a\u00a0<strong>los criollos residentes en las zonas conectadas<\/strong>.\u00a0 \u00a0<\/p>\n<figure class=\"wp-block-image size-large\"><img data-attachment-id=\"30929\" data-permalink=\"https:\/\/elmundodelosnegocios.com.do\/v1\/index.php\/2023\/07\/19\/idac-saluda-inicio-de-5-nuevas-rutas-de-sky-high-dominicana-hacia-estados-unidos-venezuela-y-el-caribe\/lanzamiento-de-las-nuevas-operaciones-de-vuelo-sky-high-dominicana\/\" data-orig-file=\"https:\/\/i0.wp.com\/elmundodelosnegocios.com.do\/v1\/wp-content\/uploads\/2023\/07\/Lanzamiento-de-las-nuevas-operaciones-de-vuelo-Sky-High-Dominicana.jpeg?fit=1300%2C731&amp;ssl=1\" data-orig-size=\"1300,731\" data-comments-opened=\"0\" data-image-meta='{\"aperture\":\"0\",\"credit\":\"\",\"camera\":\"\",\"caption\":\"\",\"created_timestamp\":\"0\",\"copyright\":\"\",\"focal_length\":\"0\",\"iso\":\"0\",\"shutter_speed\":\"0\",\"title\":\"\",\"orientation\":\"0\"}' data-image-title=\"Lanzamiento-de-las-nuevas-operaciones-de-vuelo-Sky-High-Dominicana\" data-image-description=\"&lt;p&gt;Lanzamiento de las nuevas operaciones de vuelo Sky High Dominicana&lt;\/p&gt;\n\" data-image-caption=\"&lt;p&gt;Lanzamiento de las nuevas operaciones de vuelo Sky High Dominicana&lt;\/p&gt;\n\" data-medium-file=\"https:\/\/i0.wp.com\/elmundodelosnegocios.com.do\/v1\/wp-content\/uploads\/2023\/07\/Lanzamiento-de-las-nuevas-operaciones-de-vuelo-Sky-High-Dominicana.jpeg?fit=300%2C169&amp;ssl=1\" data-large-file=\"https:\/\/i0.wp.com\/elmundodelosnegocios.com.do\/v1\/wp-content\/uploads\/2023\/07\/Lanzamiento-de-las-nuevas-operaciones-de-vuelo-Sky-High-Dominicana.jpeg?fit=1024%2C576&amp;ssl=1\" decoding=\"async\" loading=\"lazy\" width=\"1024\" height=\"576\" src=\"https:\/\/i0.wp.com\/elmundodelosnegocios.com.do\/v1\/wp-content\/uploads\/2023\/07\/Lanzamiento-de-las-nuevas-operaciones-de-vuelo-Sky-High-Dominicana-1024x576.jpeg?resize=1024,576&amp;ssl=1\" alt=\"\" class=\"wp-image-30929\" srcset=\"https:\/\/i0.wp.com\/elmundodelosnegocios.com.do\/v1\/wp-content\/uploads\/2023\/07\/Lanzamiento-de-las-nuevas-operaciones-de-vuelo-Sky-High-Dominicana.jpeg?resize=1024%2C576&amp;ssl=1 1024w, https:\/\/i0.wp.com\/elmundodelosnegocios.com.do\/v1\/wp-content\/uploads\/2023\/07\/Lanzamiento-de-las-nuevas-operaciones-de-vuelo-Sky-High-Dominicana.jpeg?resize=300%2C169&amp;ssl=1 300w, https:\/\/i0.wp.com\/elmundodelosnegocios.com.do\/v1\/wp-content\/uploads\/2023\/07\/Lanzamiento-de-las-nuevas-operaciones-de-vuelo-Sky-High-Dominicana.jpeg?resize=768%2C432&amp;ssl=1 768w, https:\/\/i0.wp.com\/elmundodelosnegocios.com.do\/v1\/wp-content\/uploads\/2023\/07\/Lanzamiento-de-las-nuevas-operaciones-de-vuelo-Sky-High-Dominicana.jpeg?w=1300&amp;ssl=1 1300w\" sizes=\"auto, (max-width: 1024px) 100vw, 1024px\" data-recalc-dims=\"1\"><figcaption class=\"wp-element-caption\">Lanzamiento de las nuevas operaciones de vuelo Sky High Dominicana<\/figcaption><\/figure>\n<p>Consider\u00f3 que las nuevas conexiones de Sky High desde los aeropuertos de Santo Domingo, Santiago y Punta Cana con las ciudades de Miami, Providence, Valencia, St. Croix y Saint Thomas, representan una muestra del\u00a0<strong>sostenido crecimiento<\/strong>\u00a0que ha venido registrando la aviaci\u00f3n comercial del pa\u00eds\u00a0<strong>con el apoyo del presidente Luis Abinader.<\/strong><strong>\u00a0<\/strong><\/p>\n<p>Al participar en el acto de lanzamiento de las nuevas operaciones de vuelo, Porcella resalt\u00f3 de manera especial el marcado inter\u00e9s mostrado por la l\u00ednea de matr\u00edcula\u00a0\u00a0dominicana en el\u00a0<strong>riguroso cumplimiento de las regulaciones aeron\u00e1uticas y los est\u00e1ndares de seguridad operacional<\/strong>\u00a0exigidos por el\u00a0<strong>IDAC<\/strong>, de acuerdo con las normas de la\u00a0<strong>OACI<\/strong>\u00a0y de la\u00a0<strong>FAA<\/strong>\u00a0de Estados Unidos.\u00a0<\/p>\n<p>Durante la presentaci\u00f3n, la directora comercial de la aerol\u00ednea,\u00a0<strong>Cesarina Beauchamp<\/strong>, reafirm\u00f3 el compromiso de conectar Rep\u00fablica Dominicana con norte, sur y el resto del Caribe, mostrando su\u00a0<strong>agradecimiento por la eficiente colaboraci\u00f3n de las autoridades aeron\u00e1uticas del pa\u00eds<\/strong>\u00a0<strong>y del propio presidente Luis Abinader,<\/strong>\u00a0quien ha demostrado una firme voluntad de apoyar el desarrollo de la aviaci\u00f3n civil, principal plataforma log\u00edstica de la industria tur\u00edstica nacional.\u00a0<\/p>\n<p>Al referirse a su nueva expansi\u00f3n, la ejecutiva explic\u00f3 que\u00a0<strong>desde Santiago de los Caballeros<\/strong>\u00a0se conectar\u00e1 con la ciudad de Miami con un vuelo directo que viajar\u00e1 tres veces a la semana: lunes, jueves y domingos, mientras que desde la ciudad de\u00a0<strong>Providence, Rhode Island<\/strong>, se volar\u00e1 los jueves y domingos. Con estas rutas unir\u00e1n la zona norte del pa\u00eds, fomentando as\u00ed la conexi\u00f3n a\u00e9rea e impulsando el\u00a0<strong>desarrollo econ\u00f3mico y el tur\u00edstico de la regi\u00f3n.<\/strong><strong>\u00a0<\/strong><\/p>\n<p>Desde el\u00a0<strong>Aeropuerto Internacional de Punta Cana<\/strong>\u00a0dispondr\u00e1n de tres frecuencias a la semana hacia el Aeropuerto Internacional de Miami: lunes, jueves y domingo.\u00a0<\/p>\n<p>Adicionalmente, la l\u00ednea ha incluido en su portafolio de rutas, vuelos semanales los mi\u00e9rcoles y s\u00e1bados, a\u00a0<strong>la ciudad venezolana de Valencia<\/strong>, una zona industrial y comercial de gran importancia y con potencial para el turismo.\u00a0<\/p>\n<p>Tambi\u00e9n han incorporado a<strong>\u00a0St. Croix, Islas V\u00edrgenes de Estados Unidos<\/strong>, donde ya ven\u00eda operando otra conexi\u00f3n con la vecina Saint Thomas.<\/p>\n<\/div>\n","protected":false},"excerpt":{"rendered":"<p>Santo Domingo.- El director general del Instituto Dominicano de Aviaci\u00f3n Civil\u00a0(IDAC), H\u00e9ctor Porcella,\u00a0felicit\u00f3 a la l\u00ednea a\u00e9rea\u00a0Sky High Dominicana\u00a0por extender sus operaciones a\u00a0cinco nuevos destinos\u00a0de Estados Unidos, Venezuela y el&hellip; <\/p>\n","protected":false},"author":2,"featured_media":3999,"comment_status":"closed","ping_status":"closed","sticky":false,"template":"","format":"standard","meta":{"fifu_image_url":"https:\/\/i0.wp.com\/elmundodelosnegocios.com.do\/v1\/wp-content\/uploads\/2023\/07\/Lanzamiento-de-las-nuevas-operaciones-de-vuelo-Sky-High-Dominicana-1024x576.jpeg?resize=1024,576&ssl=1","fifu_image_alt":"IDAC saluda inicio de 5 nuevas rutas de Sky High Dominicana hacia Estados Unidos, Venezuela y el Caribe","footnotes":""},"categories":[63],"tags":[],"class_list":["post-3998","post","type-post","status-publish","format-standard","has-post-thumbnail","hentry","category-actualidad"],"_links":{"self":[{"href":"https:\/\/elmundodelapolitica.com\/v1\/wp-json\/wp\/v2\/posts\/3998","targetHints":{"allow":["GET"]}}],"collection":[{"href":"https:\/\/elmundodelapolitica.com\/v1\/wp-json\/wp\/v2\/posts"}],"about":[{"href":"https:\/\/elmundodelapolitica.com\/v1\/wp-json\/wp\/v2\/types\/post"}],"author":[{"embeddable":true,"href":"https:\/\/elmundodelapolitica.com\/v1\/wp-json\/wp\/v2\/users\/2"}],"replies":[{"embeddable":true,"href":"https:\/\/elmundodelapolitica.com\/v1\/wp-json\/wp\/v2\/comments?post=3998"}],"version-history":[{"count":0,"href":"https:\/\/elmundodelapolitica.com\/v1\/wp-json\/wp\/v2\/posts\/3998\/revisions"}],"wp:featuredmedia":[{"embeddable":true,"href":"https:\/\/elmundodelapolitica.com\/v1\/wp-json\/wp\/v2\/media\/3999"}],"wp:attachment":[{"href":"https:\/\/elmundodelapolitica.com\/v1\/wp-json\/wp\/v2\/media?parent=3998"}],"wp:term":[{"taxonomy":"category","embeddable":true,"href":"https:\/\/elmundodelapolitica.com\/v1\/wp-json\/wp\/v2\/categories?post=3998"},{"taxonomy":"post_tag","embeddable":true,"href":"https:\/\/elmundodelapolitica.com\/v1\/wp-json\/wp\/v2\/tags?post=3998"}],"curies":[{"name":"wp","href":"https:\/\/api.w.org\/{rel}","templated":true}]}}