{"id":3996,"date":"2023-07-19T14:36:19","date_gmt":"2023-07-19T18:36:19","guid":{"rendered":"https:\/\/elmundodelapolitica.com\/v1\/?p=3996"},"modified":"2023-07-19T14:36:19","modified_gmt":"2023-07-19T18:36:19","slug":"comision-dominicana-en-washington-se-reune-con-legisladores-norteamericanos","status":"publish","type":"post","link":"https:\/\/elmundodelapolitica.com\/v1\/comision-dominicana-en-washington-se-reune-con-legisladores-norteamericanos\/","title":{"rendered":"Comisi\u00f3n dominicana en Washington se re\u00fane con legisladores norteamericanos"},"content":{"rendered":"<div>\n<p>Washington, D. C.-\u00a0<strong>La comisi\u00f3n designada por el presidente Luis Abinader<\/strong>\u00a0para tratar los efectos de la\u00a0<strong>crisis haitiana<\/strong>\u00a0en el pa\u00eds, plante\u00f3\u00a0<strong>ante los legisladores del congreso norteamericano\u00a0<\/strong>y sus equipos que la Rep\u00fablica Dominicana tiene un gran desaf\u00edo para su\u00a0<strong>seguridad nacional<\/strong>\u00a0ante la crisis multidimensional que afecta a Hait\u00ed, principalmente por la\u00a0<strong>desestabilizaci\u00f3n de la paz y el orden<\/strong>\u00a0generada por las actividades de las\u00a0<strong>bandas criminales<\/strong>\u00a0que controlan gran parte del pa\u00eds.\u00a0<\/p>\n<div class=\"wp-block-image\">\n<figure class=\"aligncenter size-large\"><img loading=\"lazy\" data-attachment-id=\"30926\" data-permalink=\"https:\/\/elmundodelosnegocios.com.do\/v1\/index.php\/2023\/07\/19\/comision-dominicana-en-washington-se-reune-con-legisladores-norteamericanos\/2-2-17\/\" data-orig-file=\"https:\/\/i0.wp.com\/elmundodelosnegocios.com.do\/v1\/wp-content\/uploads\/2023\/07\/2-2.jpeg?fit=1300%2C731&amp;ssl=1\" data-orig-size=\"1300,731\" data-comments-opened=\"0\" data-image-meta='{\"aperture\":\"0\",\"credit\":\"\",\"camera\":\"\",\"caption\":\"\",\"created_timestamp\":\"0\",\"copyright\":\"\",\"focal_length\":\"0\",\"iso\":\"0\",\"shutter_speed\":\"0\",\"title\":\"\",\"orientation\":\"0\"}' data-image-title=\"2-2\" data-image-description=\"\" data-image-caption=\"\" data-medium-file=\"https:\/\/i0.wp.com\/elmundodelosnegocios.com.do\/v1\/wp-content\/uploads\/2023\/07\/2-2.jpeg?fit=300%2C169&amp;ssl=1\" data-large-file=\"https:\/\/i0.wp.com\/elmundodelosnegocios.com.do\/v1\/wp-content\/uploads\/2023\/07\/2-2.jpeg?fit=1024%2C576&amp;ssl=1\" decoding=\"async\" width=\"1024\" height=\"576\" src=\"https:\/\/i0.wp.com\/elmundodelosnegocios.com.do\/v1\/wp-content\/uploads\/2023\/07\/2-2-1024x576.jpeg?resize=1024,576&amp;ssl=1\" alt=\"\" class=\"wp-image-30926\" srcset=\"https:\/\/i0.wp.com\/elmundodelosnegocios.com.do\/v1\/wp-content\/uploads\/2023\/07\/2-2.jpeg?resize=1024%2C576&amp;ssl=1 1024w, https:\/\/i0.wp.com\/elmundodelosnegocios.com.do\/v1\/wp-content\/uploads\/2023\/07\/2-2.jpeg?resize=300%2C169&amp;ssl=1 300w, https:\/\/i0.wp.com\/elmundodelosnegocios.com.do\/v1\/wp-content\/uploads\/2023\/07\/2-2.jpeg?resize=768%2C432&amp;ssl=1 768w, https:\/\/i0.wp.com\/elmundodelosnegocios.com.do\/v1\/wp-content\/uploads\/2023\/07\/2-2.jpeg?w=1300&amp;ssl=1 1300w\" sizes=\"auto, (max-width: 1024px) 100vw, 1024px\" data-recalc-dims=\"1\"><\/figure>\n<\/div>\n<p>La comisi\u00f3n dominicana, que est\u00e1 integrada por\u00a0<strong>representantes de partidos, gobierno y acad\u00e9micos,<\/strong>\u00a0sostuvo varias reuniones en el d\u00eda de ayer, en las oficinas de la C\u00e1mara de Representantes de Estados Unidos, con algunos de sus miembros y sus equipos, quienes apoyaron la propuesta del\u00a0<strong>gobierno de Hait\u00ed<\/strong>, el cual\u00a0<strong>ha solicitado al<\/strong>\u00a0<strong>Consejo de Seguridad de Naciones Unidas<\/strong>\u00a0<strong>una fuerza internacional<\/strong>\u00a0que asista a la polic\u00eda nacional haitiana en esa lucha, logre la pacificaci\u00f3n de su territorio y le devuelva la paz a su pueblo.\u00a0<\/p>\n<p>Tambi\u00e9n se plante\u00f3 la disposici\u00f3n de asistencia en la construcci\u00f3n de un\u00a0<strong>plan de desarrollo econ\u00f3mico a mediano y largo plazo<\/strong>\u00a0con el apoyo de las instituciones multilaterales. Igualmente se trat\u00f3 sobre los esfuerzos para avanzar hacia la\u00a0<strong>institucionalidad y la creaci\u00f3n de un clima pol\u00edtico estable.<\/strong><\/p>\n<p>La delegaci\u00f3n fue enf\u00e1tica en el respeto a la\u00a0<strong>soberan\u00eda e integridad territorial de las dos naciones<\/strong>. Y se reafirm\u00f3 la doctrina de la pol\u00edtica exterior dominicana de que\u00a0<strong>no existe, ni habr\u00e1 nunca, una soluci\u00f3n dominicana al problema haitiano.\u00a0<\/strong><\/p>\n<p>En adici\u00f3n a esto, se explic\u00f3 con detalles el proyecto de la\u00a0<strong>verja perimetral fronteriza<\/strong>\u00a0que desarrolla el Gobierno dominicano para la defensa de la soberan\u00eda nacional, la integridad territorial y<strong>\u00a0la lucha contra las bandas criminales<\/strong>. Esta verja servir\u00e1 para lograr m\u00e1s control y eficiencia en el\u00a0<strong>comercio bilateral<\/strong>, regular los flujos migratorios para combatir el\u00a0<strong>tr\u00e1fico de personas<\/strong>, hacer frente al\u00a0<strong>narcotr\u00e1fico y a la venta ilegal de armas<\/strong>, adem\u00e1s de proteger\u00a0<strong>las crianzas y los sembrad\u00edos<\/strong>\u00a0de los ganaderos y los productores agr\u00edcolas.<\/p>\n<p>Se resalt\u00f3 que las autoridades haitianas han estado de acuerdo previamente con todas estas medidas, que est\u00e1n establecidas en la\u00a0<strong>Declaraci\u00f3n Conjunta firmada entre el presidente Luis Abinader y el fenecido presidente Jovenel Moise<\/strong>, el 10 de enero de 2021.<\/p>\n<p>Los representantes de la C\u00e1mara Baja de los Estados Unidos presentes en el intercambio de ideas con los dominicanos en esta primera jornada de trabajo fueron los dem\u00f3cratas\u00a0<strong>Bill Pascrell<\/strong>, de Paterson, New Jersey, y\u00a0<strong>Adriano Espaillat<\/strong>, de New York, junto con los republicanos\u00a0<strong>Mario D\u00edaz-Balart y Mar\u00eda Elvira Salazar<\/strong>, ambos de Florida. Tambi\u00e9n se desarrollaron reuniones con los equipos de trabajo de las dem\u00f3cratas\u00a0<strong>Frederica Wilson<\/strong>, de Miami-Dade, y\u00a0<strong>Susan Wild<\/strong>, de Pennsylvania.<\/p>\n<p>La delegaci\u00f3n dominicana est\u00e1 compuesta por el presidente de la Academia Dominicana de la Historia, Dr.<strong>\u00a0Juan Daniel Balc\u00e1cer; Andr\u00e9s Lugo Risk<\/strong>, viceministro administrativo de la presidencia y secretario de relaciones interpartidarias del PRM;\u00a0<strong>Jos\u00e9 Julio G\u00f3mez<\/strong>, viceministro de Relaciones Exteriores y secretario internacional del PRM; la diputada\u00a0<strong>Lila Alburquerque<\/strong>, del PRSC, expresidenta de la C\u00e1mara de Diputados;\u00a0<strong>Pelegr\u00edn Castillo<\/strong>, de la FNP, exministro de Energ\u00eda y Minas;\u00a0<strong>Maritza L\u00f3pez<\/strong>, presidenta del PAL, y el asesor del Senado y exembajador en Israel,\u00a0<strong>Alexander de la Rosa.<\/strong><\/p>\n<\/div>\n","protected":false},"excerpt":{"rendered":"<p>Washington, D. C.-\u00a0La comisi\u00f3n designada por el presidente Luis Abinader\u00a0para tratar los efectos de la\u00a0crisis haitiana\u00a0en el pa\u00eds, plante\u00f3\u00a0ante los legisladores del congreso norteamericano\u00a0y sus equipos que la Rep\u00fablica Dominicana&hellip; <\/p>\n","protected":false},"author":2,"featured_media":3997,"comment_status":"closed","ping_status":"closed","sticky":false,"template":"","format":"standard","meta":{"fifu_image_url":"https:\/\/i0.wp.com\/elmundodelosnegocios.com.do\/v1\/wp-content\/uploads\/2023\/07\/2-2-1024x576.jpeg?resize=1024,576&ssl=1","fifu_image_alt":"Comisi\u00f3n dominicana en Washington se re\u00fane con legisladores norteamericanos","footnotes":""},"categories":[63],"tags":[],"class_list":["post-3996","post","type-post","status-publish","format-standard","has-post-thumbnail","hentry","category-actualidad"],"_links":{"self":[{"href":"https:\/\/elmundodelapolitica.com\/v1\/wp-json\/wp\/v2\/posts\/3996","targetHints":{"allow":["GET"]}}],"collection":[{"href":"https:\/\/elmundodelapolitica.com\/v1\/wp-json\/wp\/v2\/posts"}],"about":[{"href":"https:\/\/elmundodelapolitica.com\/v1\/wp-json\/wp\/v2\/types\/post"}],"author":[{"embeddable":true,"href":"https:\/\/elmundodelapolitica.com\/v1\/wp-json\/wp\/v2\/users\/2"}],"replies":[{"embeddable":true,"href":"https:\/\/elmundodelapolitica.com\/v1\/wp-json\/wp\/v2\/comments?post=3996"}],"version-history":[{"count":0,"href":"https:\/\/elmundodelapolitica.com\/v1\/wp-json\/wp\/v2\/posts\/3996\/revisions"}],"wp:featuredmedia":[{"embeddable":true,"href":"https:\/\/elmundodelapolitica.com\/v1\/wp-json\/wp\/v2\/media\/3997"}],"wp:attachment":[{"href":"https:\/\/elmundodelapolitica.com\/v1\/wp-json\/wp\/v2\/media?parent=3996"}],"wp:term":[{"taxonomy":"category","embeddable":true,"href":"https:\/\/elmundodelapolitica.com\/v1\/wp-json\/wp\/v2\/categories?post=3996"},{"taxonomy":"post_tag","embeddable":true,"href":"https:\/\/elmundodelapolitica.com\/v1\/wp-json\/wp\/v2\/tags?post=3996"}],"curies":[{"name":"wp","href":"https:\/\/api.w.org\/{rel}","templated":true}]}}