{"id":3994,"date":"2023-07-19T14:16:53","date_gmt":"2023-07-19T18:16:53","guid":{"rendered":"https:\/\/elmundodelapolitica.com\/v1\/?p=3994"},"modified":"2023-07-19T14:16:53","modified_gmt":"2023-07-19T18:16:53","slug":"mirex-inaugura-exhibicion-sobre-vida-y-obra-de-nelson-mandela","status":"publish","type":"post","link":"https:\/\/elmundodelapolitica.com\/v1\/mirex-inaugura-exhibicion-sobre-vida-y-obra-de-nelson-mandela\/","title":{"rendered":"MIREX inaugura exhibici\u00f3n sobre vida y obra de Nelson Mandela"},"content":{"rendered":"<div>\n<p>Santo Domingo. \u2013\u00a0<strong>El Ministerio de Relaciones Exteriores y la Embajada de la Rep\u00fablica de Sud\u00e1frica en la Habana, Cuba<\/strong>, concurrente en Rep\u00fablica Dominicana, inauguraron una exhibici\u00f3n sobre\u00a0<strong>\u201cVida y \u00c9poca de Nelson Mandela\u201d,<\/strong>\u00a0que se dej\u00f3 abierta al p\u00fablico en el Centro de Convenciones de MIREX del 18 al 21 julio de 2023, para conmemorar\u00a0<strong>el D\u00eda Internacional de este l\u00edder, ganador del Premio Nobel de la Paz.<\/strong><\/p>\n<div class=\"wp-block-image\">\n<figure class=\"aligncenter size-large\"><img loading=\"lazy\" data-attachment-id=\"30923\" data-permalink=\"https:\/\/elmundodelosnegocios.com.do\/v1\/index.php\/2023\/07\/19\/mirex-inaugura-exhibicion-sobre-vida-y-obra-de-nelson-mandela\/4-114\/\" data-orig-file=\"https:\/\/i0.wp.com\/elmundodelosnegocios.com.do\/v1\/wp-content\/uploads\/2023\/07\/4-2.jpg?fit=1300%2C731&amp;ssl=1\" data-orig-size=\"1300,731\" data-comments-opened=\"0\" data-image-meta='{\"aperture\":\"0\",\"credit\":\"\",\"camera\":\"\",\"caption\":\"\",\"created_timestamp\":\"0\",\"copyright\":\"\",\"focal_length\":\"0\",\"iso\":\"0\",\"shutter_speed\":\"0\",\"title\":\"\",\"orientation\":\"0\"}' data-image-title=\"4\" data-image-description=\"\" data-image-caption=\"\" data-medium-file=\"https:\/\/i0.wp.com\/elmundodelosnegocios.com.do\/v1\/wp-content\/uploads\/2023\/07\/4-2.jpg?fit=300%2C169&amp;ssl=1\" data-large-file=\"https:\/\/i0.wp.com\/elmundodelosnegocios.com.do\/v1\/wp-content\/uploads\/2023\/07\/4-2.jpg?fit=1024%2C576&amp;ssl=1\" decoding=\"async\" width=\"1024\" height=\"576\" src=\"https:\/\/i0.wp.com\/elmundodelosnegocios.com.do\/v1\/wp-content\/uploads\/2023\/07\/4-2.jpg?resize=1024,576\" alt=\"\" class=\"wp-image-30923\" srcset=\"https:\/\/i0.wp.com\/elmundodelosnegocios.com.do\/v1\/wp-content\/uploads\/2023\/07\/4-2.jpg?resize=1024,576&amp;ssl=1 1024w, https:\/\/i0.wp.com\/elmundodelosnegocios.com.do\/v1\/wp-content\/uploads\/2023\/07\/4-2.jpg?resize=300%2C169&amp;ssl=1 300w, https:\/\/i0.wp.com\/elmundodelosnegocios.com.do\/v1\/wp-content\/uploads\/2023\/07\/4-2.jpg?resize=768%2C432&amp;ssl=1 768w, https:\/\/i0.wp.com\/elmundodelosnegocios.com.do\/v1\/wp-content\/uploads\/2023\/07\/4-2.jpg?w=1300&amp;ssl=1 1300w\" sizes=\"auto, (max-width: 1024px) 100vw, 1024px\" data-recalc-dims=\"1\"><\/figure>\n<\/div>\n<p>Con la asistencia de miembros del\u00a0<strong>Cuerpo Diplom\u00e1tico y Consular<\/strong>\u00a0acreditados en el pa\u00eds, adem\u00e1s de funcionarios de este Ministerio y organismos internacionales,\u00a0<strong>el director de Gabinete del MIREX, Juan Jos\u00e9 Portorreal<\/strong>, dio las palabras de\u00a0<strong>bienvenida<\/strong>\u00a0a los invitados a esta inauguraci\u00f3n; de igual forma, la viceministra de Deportes y Recreaci\u00f3n, Artes y Cultura de la Rep\u00fablica de Sud\u00e1frica,\u00a0<strong>Nocawe Noncedo Mafu<\/strong>, dedic\u00f3 unas\u00a0<strong>palabras en nombre de su pa\u00eds<\/strong>.<\/p>\n<p>La exhibici\u00f3n muestra la trayectoria de vida de Nelson Mandela, (Madiba), sus inicios en 1942 como abogado y el ejercicio de su liderazgo hasta ser encarcelado en 1963, durante 27 a\u00f1os. Finalmente, su liberaci\u00f3n en 1990 y elecci\u00f3n como\u00a0<strong>primer presidente democr\u00e1tico de Sud\u00e1frica, en 1994<\/strong>.<\/p>\n<p>Esta presentaci\u00f3n estar\u00e1 abierta los d\u00edas mencionados de 9:00 a.m. a 4:00 p.m. con acceso por la puerta principal de la Canciller\u00eda ubicada en la calle Hu\u00e1scar Tejada, Estancia San Ger\u00f3nimo.<\/p>\n<div class=\"wp-block-image\">\n<figure class=\"aligncenter\"><img decoding=\"async\" src=\"https:\/\/i0.wp.com\/presidencia.gob.do\/sites\/default\/files\/inline-images\/53055107894_42253b3451_5k.jpg?w=1110&amp;ssl=1\" alt=\"\" data-recalc-dims=\"1\"><\/figure>\n<\/div>\n<p>Esta iniciativa va de la mano con el<strong>\u00a0eje n\u00famero tres de la pol\u00edtica exterior dominicana<\/strong>, ejecutada por el canciller\u00a0<strong>Roberto \u00c1lvarez<\/strong>, que trata sobre la promoci\u00f3n de los\u00a0<strong>valores democr\u00e1ticos y el respeto a los derechos humanos<\/strong>\u00a0consagrados en la Constituci\u00f3n de Rep\u00fablica Dominicana y en tratados internacionales.<\/p>\n<p><strong>La Asamblea General de las Naciones Unidas<\/strong>, reconociendo los valores de Nelson Mandela, as\u00ed como su contribuci\u00f3n a la cultura de la paz y la libertad\u00a0<strong>proclam\u00f3 el 18 de julio como \u201cD\u00eda Internacional de Nelson Mandela\u201d.<\/strong>\u00a0\u00a0Dedic\u00f3 su vida al servicio de la humanidad a trav\u00e9s de su labor en la\u00a0<strong>soluci\u00f3n de conflictos interraciales<\/strong>, luch\u00f3 por la\u00a0<strong>justicia social<\/strong>\u00a0y la promoci\u00f3n y protecci\u00f3n de los derechos humanos, por lo que mereci\u00f3 los m\u00e1s importantes reconocimientos, como el Premio Nobel de la Paz, el cual le fue entregado 1993.<\/p>\n<\/div>\n","protected":false},"excerpt":{"rendered":"<p>Santo Domingo. \u2013\u00a0El Ministerio de Relaciones Exteriores y la Embajada de la Rep\u00fablica de Sud\u00e1frica en la Habana, Cuba, concurrente en Rep\u00fablica Dominicana, inauguraron una exhibici\u00f3n sobre\u00a0\u201cVida y \u00c9poca de&hellip; <\/p>\n","protected":false},"author":2,"featured_media":3995,"comment_status":"closed","ping_status":"closed","sticky":false,"template":"","format":"standard","meta":{"fifu_image_url":"https:\/\/i0.wp.com\/elmundodelosnegocios.com.do\/v1\/wp-content\/uploads\/2023\/07\/4-2.jpg?resize=1024,576","fifu_image_alt":"MIREX inaugura exhibici\u00f3n sobre vida y obra de Nelson Mandela","footnotes":""},"categories":[63],"tags":[],"class_list":["post-3994","post","type-post","status-publish","format-standard","has-post-thumbnail","hentry","category-actualidad"],"_links":{"self":[{"href":"https:\/\/elmundodelapolitica.com\/v1\/wp-json\/wp\/v2\/posts\/3994","targetHints":{"allow":["GET"]}}],"collection":[{"href":"https:\/\/elmundodelapolitica.com\/v1\/wp-json\/wp\/v2\/posts"}],"about":[{"href":"https:\/\/elmundodelapolitica.com\/v1\/wp-json\/wp\/v2\/types\/post"}],"author":[{"embeddable":true,"href":"https:\/\/elmundodelapolitica.com\/v1\/wp-json\/wp\/v2\/users\/2"}],"replies":[{"embeddable":true,"href":"https:\/\/elmundodelapolitica.com\/v1\/wp-json\/wp\/v2\/comments?post=3994"}],"version-history":[{"count":0,"href":"https:\/\/elmundodelapolitica.com\/v1\/wp-json\/wp\/v2\/posts\/3994\/revisions"}],"wp:featuredmedia":[{"embeddable":true,"href":"https:\/\/elmundodelapolitica.com\/v1\/wp-json\/wp\/v2\/media\/3995"}],"wp:attachment":[{"href":"https:\/\/elmundodelapolitica.com\/v1\/wp-json\/wp\/v2\/media?parent=3994"}],"wp:term":[{"taxonomy":"category","embeddable":true,"href":"https:\/\/elmundodelapolitica.com\/v1\/wp-json\/wp\/v2\/categories?post=3994"},{"taxonomy":"post_tag","embeddable":true,"href":"https:\/\/elmundodelapolitica.com\/v1\/wp-json\/wp\/v2\/tags?post=3994"}],"curies":[{"name":"wp","href":"https:\/\/api.w.org\/{rel}","templated":true}]}}