{"id":3990,"date":"2023-07-19T11:24:56","date_gmt":"2023-07-19T15:24:56","guid":{"rendered":"https:\/\/elmundodelapolitica.com\/v1\/?p=3990"},"modified":"2023-07-19T11:24:56","modified_gmt":"2023-07-19T15:24:56","slug":"exponen-ante-la-onu-la-estrategia-de-superate-vinculada-al-cumplimiento-de-los-objetivos-de-desarrollo-sostenible","status":"publish","type":"post","link":"https:\/\/elmundodelapolitica.com\/v1\/exponen-ante-la-onu-la-estrategia-de-superate-vinculada-al-cumplimiento-de-los-objetivos-de-desarrollo-sostenible\/","title":{"rendered":"Exponen ante la ONU la estrategia de Sup\u00e9rate vinculada al cumplimiento de los Objetivos de Desarrollo Sostenible"},"content":{"rendered":"<div>\n<p>Nueva York, EE.UU.- La directora general del\u00a0<strong>programa social Sup\u00e9rate<\/strong>\u00a0particip\u00f3 en el panel\u00a0<strong>\u201cIniciativas de Desarrollo Social para el Cumplimiento de los ODS\u201d<\/strong>, que se llev\u00f3 a cabo en el marco del\u00a0<strong>Foro Pol\u00edtico de Alto Nivel 2023<\/strong>\u00a0de la Organizaci\u00f3n de las Naciones Unidas\u00a0<strong>(ONU)<\/strong>.<\/p>\n<div class=\"wp-block-image\">\n<figure class=\"aligncenter size-large\"><img loading=\"lazy\" data-attachment-id=\"30917\" data-permalink=\"https:\/\/elmundodelosnegocios.com.do\/v1\/index.php\/2023\/07\/19\/exponen-ante-la-onu-la-estrategia-de-superate-vinculada-al-cumplimiento-de-los-objetivos-de-desarrollo-sostenible\/unnamed-1-1\/\" data-orig-file=\"https:\/\/i0.wp.com\/elmundodelosnegocios.com.do\/v1\/wp-content\/uploads\/2023\/07\/unnamed-1-1.jpg?fit=1300%2C731&amp;ssl=1\" data-orig-size=\"1300,731\" data-comments-opened=\"0\" data-image-meta='{\"aperture\":\"0\",\"credit\":\"\",\"camera\":\"\",\"caption\":\"\",\"created_timestamp\":\"0\",\"copyright\":\"\",\"focal_length\":\"0\",\"iso\":\"0\",\"shutter_speed\":\"0\",\"title\":\"\",\"orientation\":\"0\"}' data-image-title=\"unnamed-1-1\" data-image-description=\"\" data-image-caption=\"\" data-medium-file=\"https:\/\/i0.wp.com\/elmundodelosnegocios.com.do\/v1\/wp-content\/uploads\/2023\/07\/unnamed-1-1.jpg?fit=300%2C169&amp;ssl=1\" data-large-file=\"https:\/\/i0.wp.com\/elmundodelosnegocios.com.do\/v1\/wp-content\/uploads\/2023\/07\/unnamed-1-1.jpg?fit=1024%2C576&amp;ssl=1\" decoding=\"async\" width=\"1024\" height=\"576\" src=\"https:\/\/i0.wp.com\/elmundodelosnegocios.com.do\/v1\/wp-content\/uploads\/2023\/07\/unnamed-1-1-1024x576.jpg?resize=1024,576&amp;ssl=1\" alt=\"\" class=\"wp-image-30917\" srcset=\"https:\/\/i0.wp.com\/elmundodelosnegocios.com.do\/v1\/wp-content\/uploads\/2023\/07\/unnamed-1-1.jpg?resize=1024%2C576&amp;ssl=1 1024w, https:\/\/i0.wp.com\/elmundodelosnegocios.com.do\/v1\/wp-content\/uploads\/2023\/07\/unnamed-1-1.jpg?resize=300%2C169&amp;ssl=1 300w, https:\/\/i0.wp.com\/elmundodelosnegocios.com.do\/v1\/wp-content\/uploads\/2023\/07\/unnamed-1-1.jpg?resize=768%2C432&amp;ssl=1 768w, https:\/\/i0.wp.com\/elmundodelosnegocios.com.do\/v1\/wp-content\/uploads\/2023\/07\/unnamed-1-1.jpg?w=1300&amp;ssl=1 1300w\" sizes=\"auto, (max-width: 1024px) 100vw, 1024px\" data-recalc-dims=\"1\"><\/figure>\n<\/div>\n<p>Reyes comparti\u00f3 las l\u00edneas de trabajo de Sup\u00e9rate en materia de\u00a0<strong>protecci\u00f3n social, a favor de las personas en mayor situaci\u00f3n de vulnerabilidad<\/strong>\u00a0en la Rep\u00fablica Dominicana.\u00a0<\/p>\n<p>La funcionaria mostr\u00f3 ejemplos de ejecutorias de\u00a0<strong>pol\u00edticas p\u00fablicas concretas<\/strong>\u00a0que han beneficiado a un mill\u00f3n y medio de familias, motivando al\u00a0<strong>logro de varios de los Objetivos de Desarrollo Sostenible (ODS).<\/strong><\/p>\n<p><em>\u201cEn cooperaci\u00f3n con la Organizaci\u00f3n de las Naciones Unidas para la Alimentaci\u00f3n y la Agricultura (FAO), el Ministerio de Econom\u00eda Planificaci\u00f3n y Desarrollo (MEPyD), varias entidades del Gobierno, el sector privado y la cooperaci\u00f3n internacional, hemos logrado que una comunidad de agricultores en Villa Poppy comiencen a trabajar con una agricultura inteligente y una metodolog\u00eda con resultados constatados. Adem\u00e1s, los hemos vinculado con un mercado directo sin intermediarios, evento que ha impactado significativamente en los ingresos de las familias y la venta efectiva de lo que se produce en esta localidad\u00bb,<\/em>\u00a0explic\u00f3.\u00a0<\/p>\n<figure class=\"wp-block-image\"><img decoding=\"async\" src=\"https:\/\/i0.wp.com\/presidencia.gob.do\/sites\/default\/files\/inline-images\/IMG_2361.jpeg?w=1110&amp;ssl=1\" alt=\"\" data-recalc-dims=\"1\"><\/figure>\n<p>Reyes resalt\u00f3 que dicho modelo se trata de un piloto\u00a0<strong>promotor de cadenas de valor y agricultura clim\u00e1ticamente sostenible<\/strong>\u00a0en el que Sup\u00e9rate ha trabajado con miras a ser expandido en todo el territorio.\u00a0<\/p>\n<p>Otra de las acciones expuestas fue la creaci\u00f3n del\u00a0<strong>Bono de Emergencia<\/strong>, como una respuesta anticipada por parte del Gobierno\u00a0<strong>ante los cambios clim\u00e1ticos y sus efectos,<\/strong>\u00a0<em>\u201cpara tener una soluci\u00f3n anticipada con el apoyo de la sociedad civil y la protecci\u00f3n social, para poder dar respuestas r\u00e1pidas y \u00e1giles y un acompa\u00f1amiento a las familias que son afectadas, estrategia que prev\u00e9 y evita impactos que incrementen la pobreza y, luego de la atenci\u00f3n a la emergencia, que haya una continuidad en ese esfuerzo\u201d,<\/em>\u00a0manifest\u00f3.\u00a0<\/p>\n<p>La directora de Sup\u00e9rate se\u00f1al\u00f3 que, tras el paso de la tormenta Fiona,\u00a0<strong>esta herramienta permiti\u00f3 impactar a 35,000 familias en menos de 40 d\u00edas<\/strong>; los afectados por los da\u00f1os recibieron un\u00a0<strong>subsidio focalizado directo<\/strong>\u00a0que fue implementado mediante un manual operativo, con el acompa\u00f1amiento del\u00a0<strong>Programa Mundial de Alimentos (PMA) y el Banco Mundial.\u00a0<\/strong><\/p>\n<p>Dicha herramienta, que da respuesta a algo inesperado y que por tanto no depende de lo que se tenga dise\u00f1ado, destaca como una de las primeras en la regi\u00f3n, dirigida a la\u00a0<strong>necesidad de generar resiliencia en nuestros pa\u00edses.\u00a0<\/strong><\/p>\n<p><em>\u201cGracias a las alianzas con el PMA y el Banco Mundial, el Gobierno pudo impactar, con una inversi\u00f3n de unos 500 millones de pesos, a esas familias recibiendo un subsidio temporal por cuatro meses dependiendo del nivel de da\u00f1os de las familias, para as\u00ed conectarlos a una recuperaci\u00f3n r\u00e1pida en esta situaci\u00f3n inesperada\u201d.\u00a0<\/em><\/p>\n<p>Durante su exposici\u00f3n, Gloria Reyes tambi\u00e9n destac\u00f3 el incremento del desarrollo de las pol\u00edticas de protecci\u00f3n social bajo una\u00a0<strong>l\u00ednea de inclusi\u00f3n productiva\u00a0<\/strong>para todas las familias, teniendo el Gobierno presente que dentro de las estrategias para el logro de una protecci\u00f3n social adaptativa y universal, se debe reconocer que hay diversas situaciones que caracterizan la pobreza, como la\u00a0<strong>pobreza estructural coyuntural<\/strong>, etc.\u00a0<\/p>\n<p>As\u00ed mismo,\u00a0<strong>present\u00f3 el trabajo realizado junto al sector privado<\/strong>, con el que se han creado oportunidades de\u00a0<strong>vinculaci\u00f3n al empleo formal\u00a0<\/strong>para las y los participantes del programa, por lo que Sup\u00e9rate puede presentar ejemplos a la sociedad de que\u00a0<em>\u201clas personas que son parte de los programas sociales reciben acompa\u00f1amiento y formaci\u00f3n del Gobierno, pero que tambi\u00e9n el sector privado aporta en ese esfuerzo de abrir oportunidades de empleabilidad\u201d.<\/em><\/p>\n<p>Gloria Reyes destac\u00f3 que todas estas acciones repercutieron en la\u00a0<strong>reducci\u00f3n de la pobreza en el pa\u00eds en un 2.9 %<\/strong>, en el a\u00f1o 2022. El componente de\u00a0<strong>los subsidios junto al incremento del empleo<\/strong>\u00a0en el pa\u00eds son elementos que permitieron esta reducci\u00f3n significativa.\u00a0\u00a0<\/p>\n<p><strong>Sobre el evento<\/strong><\/p>\n<p>Este evento fue organizado por la\u00a0<strong>Misi\u00f3n Permanente de la Rep\u00fablica Dominicana ante la ONU<\/strong>, en colaboraci\u00f3n con las misiones permanentes de\u00a0<strong>Costa Rica<\/strong>\u00a0y\u00a0<strong>Panam\u00e1\u00a0<\/strong>ante las Naciones Unidas, y el Programa de las Naciones Unidas para el Desarrollo\u00a0<strong>(PNUD).<\/strong><\/p>\n<p>El objetivo del encuentro es incentivar el di\u00e1logo sobre el\u00a0<strong>impacto significativo de las iniciativas sociales en el cumplimiento de los ODS<\/strong>, tomando en cuenta que estas iniciativas pueden abordar los desaf\u00edos sociales, econ\u00f3micos y ambientales, a nivel local, nacional e internacional.<\/p>\n<\/div>\n","protected":false},"excerpt":{"rendered":"<p>Nueva York, EE.UU.- La directora general del\u00a0programa social Sup\u00e9rate\u00a0particip\u00f3 en el panel\u00a0\u201cIniciativas de Desarrollo Social para el Cumplimiento de los ODS\u201d, que se llev\u00f3 a cabo en el marco del\u00a0Foro&hellip; <\/p>\n","protected":false},"author":2,"featured_media":3991,"comment_status":"closed","ping_status":"closed","sticky":false,"template":"","format":"standard","meta":{"fifu_image_url":"https:\/\/i0.wp.com\/elmundodelosnegocios.com.do\/v1\/wp-content\/uploads\/2023\/07\/unnamed-1-1-1024x576.jpg?resize=1024,576&ssl=1","fifu_image_alt":"Exponen ante la ONU la estrategia de Sup\u00e9rate vinculada al cumplimiento de los Objetivos de Desarrollo Sostenible","footnotes":""},"categories":[63],"tags":[],"class_list":["post-3990","post","type-post","status-publish","format-standard","has-post-thumbnail","hentry","category-actualidad"],"_links":{"self":[{"href":"https:\/\/elmundodelapolitica.com\/v1\/wp-json\/wp\/v2\/posts\/3990","targetHints":{"allow":["GET"]}}],"collection":[{"href":"https:\/\/elmundodelapolitica.com\/v1\/wp-json\/wp\/v2\/posts"}],"about":[{"href":"https:\/\/elmundodelapolitica.com\/v1\/wp-json\/wp\/v2\/types\/post"}],"author":[{"embeddable":true,"href":"https:\/\/elmundodelapolitica.com\/v1\/wp-json\/wp\/v2\/users\/2"}],"replies":[{"embeddable":true,"href":"https:\/\/elmundodelapolitica.com\/v1\/wp-json\/wp\/v2\/comments?post=3990"}],"version-history":[{"count":0,"href":"https:\/\/elmundodelapolitica.com\/v1\/wp-json\/wp\/v2\/posts\/3990\/revisions"}],"wp:featuredmedia":[{"embeddable":true,"href":"https:\/\/elmundodelapolitica.com\/v1\/wp-json\/wp\/v2\/media\/3991"}],"wp:attachment":[{"href":"https:\/\/elmundodelapolitica.com\/v1\/wp-json\/wp\/v2\/media?parent=3990"}],"wp:term":[{"taxonomy":"category","embeddable":true,"href":"https:\/\/elmundodelapolitica.com\/v1\/wp-json\/wp\/v2\/categories?post=3990"},{"taxonomy":"post_tag","embeddable":true,"href":"https:\/\/elmundodelapolitica.com\/v1\/wp-json\/wp\/v2\/tags?post=3990"}],"curies":[{"name":"wp","href":"https:\/\/api.w.org\/{rel}","templated":true}]}}