{"id":3976,"date":"2023-07-18T12:16:41","date_gmt":"2023-07-18T16:16:41","guid":{"rendered":"https:\/\/elmundodelapolitica.com\/v1\/?p=3976"},"modified":"2023-07-18T12:16:41","modified_gmt":"2023-07-18T16:16:41","slug":"certifican-sala-de-lactancia-materna-en-el-aeropuerto-internacional-del-cibao","status":"publish","type":"post","link":"https:\/\/elmundodelapolitica.com\/v1\/certifican-sala-de-lactancia-materna-en-el-aeropuerto-internacional-del-cibao\/","title":{"rendered":"Certifican sala de lactancia materna en el Aeropuerto Internacional del Cibao"},"content":{"rendered":"<div>\n<p>Santiago. \u2013\u00a0<strong>Una sala de lactancia materna<\/strong>\u00a0fue certificada en el\u00a0<strong>Aeropuerto Internacional del Cibao<\/strong>\u00a0y empresas afiliadas, durante un acto encabezado por el\u00a0<strong>ministro de Salud P\u00fablica, doctor Daniel Rivera, funcionarios del Ministerio de Trabajo y miembros del Consejo de Administraci\u00f3n<\/strong>\u00a0de la entidad a\u00e9rea.\u00a0<\/p>\n<figure class=\"wp-block-image alignwide size-large\"><img loading=\"lazy\" data-attachment-id=\"30897\" data-permalink=\"https:\/\/elmundodelosnegocios.com.do\/v1\/index.php\/2023\/07\/18\/certifican-sala-de-lactancia-materna-en-el-aeropuerto-internacional-del-cibao\/5-117\/\" data-orig-file=\"https:\/\/i0.wp.com\/elmundodelosnegocios.com.do\/v1\/wp-content\/uploads\/2023\/07\/5.jpeg?fit=1300%2C731&amp;ssl=1\" data-orig-size=\"1300,731\" data-comments-opened=\"0\" data-image-meta='{\"aperture\":\"0\",\"credit\":\"\",\"camera\":\"\",\"caption\":\"\",\"created_timestamp\":\"0\",\"copyright\":\"\",\"focal_length\":\"0\",\"iso\":\"0\",\"shutter_speed\":\"0\",\"title\":\"\",\"orientation\":\"0\"}' data-image-title=\"5\" data-image-description=\"\" data-image-caption=\"\" data-medium-file=\"https:\/\/i0.wp.com\/elmundodelosnegocios.com.do\/v1\/wp-content\/uploads\/2023\/07\/5.jpeg?fit=300%2C169&amp;ssl=1\" data-large-file=\"https:\/\/i0.wp.com\/elmundodelosnegocios.com.do\/v1\/wp-content\/uploads\/2023\/07\/5.jpeg?fit=1024%2C576&amp;ssl=1\" decoding=\"async\" width=\"1024\" height=\"576\" src=\"https:\/\/i0.wp.com\/elmundodelosnegocios.com.do\/v1\/wp-content\/uploads\/2023\/07\/5-1024x576.jpeg?resize=1024,576&amp;ssl=1\" alt=\"\" class=\"wp-image-30897\" srcset=\"https:\/\/i0.wp.com\/elmundodelosnegocios.com.do\/v1\/wp-content\/uploads\/2023\/07\/5.jpeg?resize=1024%2C576&amp;ssl=1 1024w, https:\/\/i0.wp.com\/elmundodelosnegocios.com.do\/v1\/wp-content\/uploads\/2023\/07\/5.jpeg?resize=300%2C169&amp;ssl=1 300w, https:\/\/i0.wp.com\/elmundodelosnegocios.com.do\/v1\/wp-content\/uploads\/2023\/07\/5.jpeg?resize=768%2C432&amp;ssl=1 768w, https:\/\/i0.wp.com\/elmundodelosnegocios.com.do\/v1\/wp-content\/uploads\/2023\/07\/5.jpeg?w=1300&amp;ssl=1 1300w\" sizes=\"auto, (max-width: 1024px) 100vw, 1024px\" data-recalc-dims=\"1\"><\/figure>\n<p>En la actividad se develiz\u00f3 la placa de la\u00a0<strong>\u201cSala Amiga de la Familia Lactante\u201d,\u00a0<\/strong>cumpliendo con el proceso de evaluaci\u00f3n que contempl\u00f3\u00a0<strong>capacitaci\u00f3n al personal<\/strong>\u00a0del Aeropuerto, adem\u00e1s de la\u00a0<strong>supervisi\u00f3n de la operaci\u00f3n en la sala de lactancia<\/strong>\u00a0por parte de las autoridades del\u00a0<strong>Programa Nacional de Lactancia Materna<\/strong>\u00a0del Ministerio de Salud P\u00fablica.\u00a0<\/p>\n<p>Al destacar la importancia de estas salas para las madres lactantes,\u00a0<strong>el doctor Daniel Rivera felicit\u00f3<\/strong>\u00a0<strong>al Aeropuerto<\/strong>\u00a0por esta iniciativa y\u00a0<strong>por servir de ejemplo<\/strong>\u00a0a otras empresas.<\/p>\n<p><em>\u201cFelicitamos esta iniciativa, porque contribuye a aumentar la tasa de lactancia materna exclusiva en el pa\u00eds; ya contamos con decenas de estas salas tanto en el sector p\u00fablico como privado y queremos seguir promoviendo la leche materna como un componente vital para el desarrollo de los beb\u00e9s y las madres\u201d<\/em>\u00a0dijo el funcionario.<\/p>\n<p>De su lado, la\u00a0<strong>directora de Igualdad de Oportunidades y No Discriminaci\u00f3n del Ministerio de Trabajo, Yissell Villar<\/strong>, manifest\u00f3 la utilidad de salas de lactancia en el\u00a0<strong>entorno laboral<\/strong>\u00a0y aplaudi\u00f3 al Aeropuerto por pensar en sus trabajadoras y madres lactantes al sumarse a este proyecto.\u00a0<\/p>\n<p><strong>El ingeniero F\u00e9lix Garc\u00eda<\/strong>, presidente del Consejo de Administraci\u00f3n del Aeropuerto Cibao, indic\u00f3 que este logro reafirma el compromiso de la administraci\u00f3n de la terminal a\u00e9rea de gestionar\u00a0<strong>acciones que favorezcan la calidad de vida, los derechos y el bienestar de sus colaboradores y visitantes.\u00a0<\/strong><\/p>\n<p>La sala de lactancia materna del Aeropuerto Cibao fue inaugurada en agosto del a\u00f1o 2022 con el objetivo de\u00a0<strong>fomentar la lactancia materna de las trabajadoras y viajeras<\/strong>\u00a0en un lugar ambientado para tales fines, en donde se sientan c\u00f3modas y puedan relajarse mientras producen el alimento para sus beb\u00e9s.\u00a0<\/p>\n<p>Este espacio cuenta con cub\u00edculos independientes y privados, mobiliario adecuado, m\u00fasica ambiental, equipo de refrigeraci\u00f3n para la correcta preservaci\u00f3n de la leche materna y un \u00e1rea de lavado e higienizaci\u00f3n, por lo que se une de esta manera a las instituciones y empresas que cumplen con las\u00a0<strong>normas de higiene y seguridad.<\/strong><\/p>\n<\/div>\n","protected":false},"excerpt":{"rendered":"<p>Santiago. \u2013\u00a0Una sala de lactancia materna\u00a0fue certificada en el\u00a0Aeropuerto Internacional del Cibao\u00a0y empresas afiliadas, durante un acto encabezado por el\u00a0ministro de Salud P\u00fablica, doctor Daniel Rivera, funcionarios del Ministerio de&hellip; <\/p>\n","protected":false},"author":2,"featured_media":3977,"comment_status":"closed","ping_status":"closed","sticky":false,"template":"","format":"standard","meta":{"fifu_image_url":"https:\/\/i0.wp.com\/elmundodelosnegocios.com.do\/v1\/wp-content\/uploads\/2023\/07\/5-1024x576.jpeg?resize=1024,576&ssl=1","fifu_image_alt":"Certifican sala de lactancia materna en el Aeropuerto Internacional del Cibao","footnotes":""},"categories":[63],"tags":[],"class_list":["post-3976","post","type-post","status-publish","format-standard","has-post-thumbnail","hentry","category-actualidad"],"_links":{"self":[{"href":"https:\/\/elmundodelapolitica.com\/v1\/wp-json\/wp\/v2\/posts\/3976","targetHints":{"allow":["GET"]}}],"collection":[{"href":"https:\/\/elmundodelapolitica.com\/v1\/wp-json\/wp\/v2\/posts"}],"about":[{"href":"https:\/\/elmundodelapolitica.com\/v1\/wp-json\/wp\/v2\/types\/post"}],"author":[{"embeddable":true,"href":"https:\/\/elmundodelapolitica.com\/v1\/wp-json\/wp\/v2\/users\/2"}],"replies":[{"embeddable":true,"href":"https:\/\/elmundodelapolitica.com\/v1\/wp-json\/wp\/v2\/comments?post=3976"}],"version-history":[{"count":0,"href":"https:\/\/elmundodelapolitica.com\/v1\/wp-json\/wp\/v2\/posts\/3976\/revisions"}],"wp:featuredmedia":[{"embeddable":true,"href":"https:\/\/elmundodelapolitica.com\/v1\/wp-json\/wp\/v2\/media\/3977"}],"wp:attachment":[{"href":"https:\/\/elmundodelapolitica.com\/v1\/wp-json\/wp\/v2\/media?parent=3976"}],"wp:term":[{"taxonomy":"category","embeddable":true,"href":"https:\/\/elmundodelapolitica.com\/v1\/wp-json\/wp\/v2\/categories?post=3976"},{"taxonomy":"post_tag","embeddable":true,"href":"https:\/\/elmundodelapolitica.com\/v1\/wp-json\/wp\/v2\/tags?post=3976"}],"curies":[{"name":"wp","href":"https:\/\/api.w.org\/{rel}","templated":true}]}}