{"id":3974,"date":"2023-07-18T10:11:35","date_gmt":"2023-07-18T14:11:35","guid":{"rendered":"https:\/\/elmundodelapolitica.com\/v1\/?p=3974"},"modified":"2023-07-18T10:11:35","modified_gmt":"2023-07-18T14:11:35","slug":"presidenta-union-europea-define-a-rd-como-su-principal-socio-comercial","status":"publish","type":"post","link":"https:\/\/elmundodelapolitica.com\/v1\/presidenta-union-europea-define-a-rd-como-su-principal-socio-comercial\/","title":{"rendered":"Presidenta Uni\u00f3n Europea define a RD como su principal socio comercial"},"content":{"rendered":"<div>\n<p>Bruselas, B\u00e9lgica.-\u00a0<strong>La presidenta de la Uni\u00f3n Europea<\/strong>\u00a0defini\u00f3 a la\u00a0<strong>Rep\u00fablica Dominicana como el<\/strong>\u00a0<strong>principal socio comercial<\/strong>\u00a0de esta comunidad.<\/p>\n<div class=\"wp-block-image\">\n<figure class=\"aligncenter size-large\"><img loading=\"lazy\" data-attachment-id=\"30894\" data-permalink=\"https:\/\/elmundodelosnegocios.com.do\/v1\/index.php\/2023\/07\/18\/presidenta-union-europea-define-a-rd-como-su-principal-socio-comercial\/3-173\/\" data-orig-file=\"https:\/\/i0.wp.com\/elmundodelosnegocios.com.do\/v1\/wp-content\/uploads\/2023\/07\/3.jpeg?fit=1300%2C731&amp;ssl=1\" data-orig-size=\"1300,731\" data-comments-opened=\"0\" data-image-meta='{\"aperture\":\"0\",\"credit\":\"\",\"camera\":\"\",\"caption\":\"\",\"created_timestamp\":\"0\",\"copyright\":\"\",\"focal_length\":\"0\",\"iso\":\"0\",\"shutter_speed\":\"0\",\"title\":\"\",\"orientation\":\"0\"}' data-image-title=\"3\" data-image-description=\"\" data-image-caption=\"\" data-medium-file=\"https:\/\/i0.wp.com\/elmundodelosnegocios.com.do\/v1\/wp-content\/uploads\/2023\/07\/3.jpeg?fit=300%2C169&amp;ssl=1\" data-large-file=\"https:\/\/i0.wp.com\/elmundodelosnegocios.com.do\/v1\/wp-content\/uploads\/2023\/07\/3.jpeg?fit=1024%2C576&amp;ssl=1\" decoding=\"async\" width=\"1024\" height=\"576\" src=\"https:\/\/i0.wp.com\/elmundodelosnegocios.com.do\/v1\/wp-content\/uploads\/2023\/07\/3-1024x576.jpeg?resize=1024,576&amp;ssl=1\" alt=\"\" class=\"wp-image-30894\" srcset=\"https:\/\/i0.wp.com\/elmundodelosnegocios.com.do\/v1\/wp-content\/uploads\/2023\/07\/3.jpeg?resize=1024%2C576&amp;ssl=1 1024w, https:\/\/i0.wp.com\/elmundodelosnegocios.com.do\/v1\/wp-content\/uploads\/2023\/07\/3.jpeg?resize=300%2C169&amp;ssl=1 300w, https:\/\/i0.wp.com\/elmundodelosnegocios.com.do\/v1\/wp-content\/uploads\/2023\/07\/3.jpeg?resize=768%2C432&amp;ssl=1 768w, https:\/\/i0.wp.com\/elmundodelosnegocios.com.do\/v1\/wp-content\/uploads\/2023\/07\/3.jpeg?w=1300&amp;ssl=1 1300w\" sizes=\"auto, (max-width: 1024px) 100vw, 1024px\" data-recalc-dims=\"1\"><\/figure>\n<\/div>\n<p>La funcionaria de alto cargo de la UE se pronunci\u00f3 en esos t\u00e9rminos a trav\u00e9s de un tweet y\u00a0<strong>luego de reunirse con el presidente Abinader.<\/strong><\/p>\n<p><em>\u201cRep\u00fablica Dominicana es el mayor socio comercial de la UE en el Caribe. Le asegur\u00e9 a Luis Abinader nuestro apoyo a una transici\u00f3n verde que beneficie a todos. #GlobalGateway est\u00e1 listo para entregar inversiones para infraestructura vital\u201d,<\/em>\u00a0escribi\u00f3\u00a0<strong>la se\u00f1ora Ursula von der Leyen.<\/strong><\/p>\n<p>La presidenta de la Comisi\u00f3n Europea antes de su tweet hab\u00eda tenido una\u00a0<strong>reuni\u00f3n bilateral<\/strong>\u00a0con el presidente Abinader\u00a0<strong>por espacio de media hora<\/strong>.<\/p>\n<p>En la reuni\u00f3n, acompa\u00f1aron al mandatario dominicano, el canciller\u00a0<strong>Roberto \u00c1lvarez,<\/strong>\u00a0el vicecanciller\u00a0<strong>Rub\u00e9n Sili\u00e9<\/strong>\u00a0y el embajador dominicano en B\u00e9lgica,\u00a0<strong>Iv\u00e1n Ogando<\/strong>.<\/p>\n<\/div>\n","protected":false},"excerpt":{"rendered":"<p>Bruselas, B\u00e9lgica.-\u00a0La presidenta de la Uni\u00f3n Europea\u00a0defini\u00f3 a la\u00a0Rep\u00fablica Dominicana como el\u00a0principal socio comercial\u00a0de esta comunidad. La funcionaria de alto cargo de la UE se pronunci\u00f3 en esos t\u00e9rminos a&hellip; <\/p>\n","protected":false},"author":2,"featured_media":3975,"comment_status":"closed","ping_status":"closed","sticky":false,"template":"","format":"standard","meta":{"fifu_image_url":"https:\/\/i0.wp.com\/elmundodelosnegocios.com.do\/v1\/wp-content\/uploads\/2023\/07\/3-1024x576.jpeg?resize=1024,576&ssl=1","fifu_image_alt":"Presidenta Uni\u00f3n Europea define a RD como su principal socio comercial","footnotes":""},"categories":[63],"tags":[],"class_list":["post-3974","post","type-post","status-publish","format-standard","has-post-thumbnail","hentry","category-actualidad"],"_links":{"self":[{"href":"https:\/\/elmundodelapolitica.com\/v1\/wp-json\/wp\/v2\/posts\/3974","targetHints":{"allow":["GET"]}}],"collection":[{"href":"https:\/\/elmundodelapolitica.com\/v1\/wp-json\/wp\/v2\/posts"}],"about":[{"href":"https:\/\/elmundodelapolitica.com\/v1\/wp-json\/wp\/v2\/types\/post"}],"author":[{"embeddable":true,"href":"https:\/\/elmundodelapolitica.com\/v1\/wp-json\/wp\/v2\/users\/2"}],"replies":[{"embeddable":true,"href":"https:\/\/elmundodelapolitica.com\/v1\/wp-json\/wp\/v2\/comments?post=3974"}],"version-history":[{"count":0,"href":"https:\/\/elmundodelapolitica.com\/v1\/wp-json\/wp\/v2\/posts\/3974\/revisions"}],"wp:featuredmedia":[{"embeddable":true,"href":"https:\/\/elmundodelapolitica.com\/v1\/wp-json\/wp\/v2\/media\/3975"}],"wp:attachment":[{"href":"https:\/\/elmundodelapolitica.com\/v1\/wp-json\/wp\/v2\/media?parent=3974"}],"wp:term":[{"taxonomy":"category","embeddable":true,"href":"https:\/\/elmundodelapolitica.com\/v1\/wp-json\/wp\/v2\/categories?post=3974"},{"taxonomy":"post_tag","embeddable":true,"href":"https:\/\/elmundodelapolitica.com\/v1\/wp-json\/wp\/v2\/tags?post=3974"}],"curies":[{"name":"wp","href":"https:\/\/api.w.org\/{rel}","templated":true}]}}