{"id":3952,"date":"2023-07-17T10:33:12","date_gmt":"2023-07-17T14:33:12","guid":{"rendered":"https:\/\/elmundodelapolitica.com\/v1\/?p=3952"},"modified":"2023-07-17T10:33:12","modified_gmt":"2023-07-17T14:33:12","slug":"infotep-entrega-titulos-a-77-auxiliares-de-enfermeria-de-la-provincia-pedernales","status":"publish","type":"post","link":"https:\/\/elmundodelapolitica.com\/v1\/infotep-entrega-titulos-a-77-auxiliares-de-enfermeria-de-la-provincia-pedernales\/","title":{"rendered":"INFOTEP entrega t\u00edtulos a 77 auxiliares de enfermer\u00eda de la provincia Pedernales"},"content":{"rendered":"<div>\n<p>Santo Domingo. \u2013 El Instituto Nacional de Formaci\u00f3n T\u00e9cnico Profesional\u00a0<strong>(INFOTEP)<\/strong>\u00a0entreg\u00f3 t\u00edtulos a\u00a0<strong>77 personas que concluyeron el curso de auxiliar de Enfermer\u00eda<\/strong>, en la provincia de Pedernales.<\/p>\n<div class=\"wp-block-image\">\n<figure class=\"aligncenter size-large\"><img data-attachment-id=\"30864\" data-permalink=\"https:\/\/elmundodelosnegocios.com.do\/v1\/index.php\/2023\/07\/17\/infotep-entrega-titulos-a-77-auxiliares-de-enfermeria-de-la-provincia-pedernales\/una-representacion-de-las-egresadas\/\" data-orig-file=\"https:\/\/i0.wp.com\/elmundodelosnegocios.com.do\/v1\/wp-content\/uploads\/2023\/07\/Una-representacion-de-las-egresadas.jpeg?fit=1300%2C731&amp;ssl=1\" data-orig-size=\"1300,731\" data-comments-opened=\"0\" data-image-meta='{\"aperture\":\"0\",\"credit\":\"\",\"camera\":\"\",\"caption\":\"\",\"created_timestamp\":\"0\",\"copyright\":\"\",\"focal_length\":\"0\",\"iso\":\"0\",\"shutter_speed\":\"0\",\"title\":\"\",\"orientation\":\"0\"}' data-image-title=\"Una-representacion-de-las-egresadas\" data-image-description=\"\" data-image-caption=\"\" data-medium-file=\"https:\/\/i0.wp.com\/elmundodelosnegocios.com.do\/v1\/wp-content\/uploads\/2023\/07\/Una-representacion-de-las-egresadas.jpeg?fit=300%2C169&amp;ssl=1\" data-large-file=\"https:\/\/i0.wp.com\/elmundodelosnegocios.com.do\/v1\/wp-content\/uploads\/2023\/07\/Una-representacion-de-las-egresadas.jpeg?fit=1024%2C576&amp;ssl=1\" decoding=\"async\" loading=\"lazy\" width=\"1024\" height=\"576\" src=\"https:\/\/i0.wp.com\/elmundodelosnegocios.com.do\/v1\/wp-content\/uploads\/2023\/07\/Una-representacion-de-las-egresadas-1024x576.jpeg?resize=1024,576&amp;ssl=1\" alt=\"\" class=\"wp-image-30864\" srcset=\"https:\/\/i0.wp.com\/elmundodelosnegocios.com.do\/v1\/wp-content\/uploads\/2023\/07\/Una-representacion-de-las-egresadas.jpeg?resize=1024%2C576&amp;ssl=1 1024w, https:\/\/i0.wp.com\/elmundodelosnegocios.com.do\/v1\/wp-content\/uploads\/2023\/07\/Una-representacion-de-las-egresadas.jpeg?resize=300%2C169&amp;ssl=1 300w, https:\/\/i0.wp.com\/elmundodelosnegocios.com.do\/v1\/wp-content\/uploads\/2023\/07\/Una-representacion-de-las-egresadas.jpeg?resize=768%2C432&amp;ssl=1 768w, https:\/\/i0.wp.com\/elmundodelosnegocios.com.do\/v1\/wp-content\/uploads\/2023\/07\/Una-representacion-de-las-egresadas.jpeg?w=1300&amp;ssl=1 1300w\" sizes=\"auto, (max-width: 1024px) 100vw, 1024px\" data-recalc-dims=\"1\"><\/figure>\n<\/div>\n<p>El contenido de la carrera t\u00e9cnica incluy\u00f3 formaci\u00f3n humana, introducci\u00f3n al Sistema Nacional de Salud, matem\u00e1tica b\u00e1sica, fundamentos de anatom\u00eda, introducci\u00f3n a la enfermer\u00eda y humanizaci\u00f3n del cuidado.<\/p>\n<p>Los egresados tambi\u00e9n recibieron formaci\u00f3n en introducci\u00f3n a la inform\u00e1tica, ingl\u00e9s, enfermer\u00eda cl\u00ednica, salud mental, enfermer\u00eda quir\u00fargica, enfermer\u00eda obst\u00e9trica, enfermer\u00eda comunitaria y enfermer\u00eda cl\u00ednica.<\/p>\n<p><strong>El director general del INFOTEP, Rafael Santos Bad\u00eda<\/strong>, inform\u00f3 que, en 2022, en la provincia de Pedernales se ofrecieron capacitaciones en cuidados de enfermer\u00eda, auxiliar de enfermer\u00eda, camarero de bar y restaurantes, plomer\u00eda, tapicer\u00eda, alba\u00f1iler\u00eda, capit\u00e1n de bar, refrigeraci\u00f3n, belleza, peluquer\u00eda, cocina e ingl\u00e9s.<\/p>\n<p>Expres\u00f3 que la\u00a0<strong>estrategia del gobierno que preside Luis Abinader<\/strong>\u00a0es que el desarrollo de\u00a0<strong>la regi\u00f3n Sur y\u00a0<\/strong>el polo tur\u00edstico de<strong>\u00a0Pedernales<\/strong>, sea una oportunidad para el\u00a0<strong>bienestar de su gente<\/strong>\u00a0y eso solo se lograr\u00e1 con la\u00a0<strong>capacitaci\u00f3n de los ciudadanos y ciudadanas que habitan en la zona.<\/strong><\/p>\n<p>En representaci\u00f3n de las graduandas, habl\u00f3 Mar\u00eda P\u00e9rez V\u00e1squez, quien expres\u00f3 su agradecimiento al INFOTEP por brindarles tan privilegiada oportunidad de formarse y a la vez demostrarles que los sue\u00f1os s\u00ed se hacen posible. Tambi\u00e9n agradeci\u00f3 a cada uno de los docentes por facilitarles las herramientas necesarias para su formaci\u00f3n y la oportunidad de ser\u00a0<strong>profesionales competentes, preparados y exitosos.\u00a0<\/strong><\/p>\n<p><em>\u201cHoy es una fecha especial y, sin dudas, memorable para todos nosotros, puesto que hoy culmina una etapa importante en nuestro camino, pero a la vez es el inicio de un futuro mejor\u201d,<\/em>\u00a0expres\u00f3 Reyes V\u00e1squez.<\/p>\n<p>En la actividad estuvieron\u00a0<strong>Carlos Peguero<\/strong>, viceministro de Cooperaci\u00f3n Internacional del Ministerio de Turismo;\u00a0<strong>Efra\u00edn Hirujo<\/strong>, asesor del Ministerio de Obras P\u00fablicas para el Desarrollo de los Fideicomisos y empresario de Zonas Francas en la provincia Pedernales. Tambi\u00e9n, por el INFOTEP estuvieron\u00a0<strong>Maira Morla<\/strong>, subdirectora general del INFOTEP, y\u00a0<strong>Santa Cuevas<\/strong>\u00a0directora Regional Sur, as\u00ed como otros directivos de la instituci\u00f3n.<\/p>\n<p><strong>Capacitaciones<\/strong>\u00a0<\/p>\n<p>Otras capacitaciones impartidas en Pedernales el a\u00f1o pasado fueron sobre emprendimiento, servicios auxiliares de contabilidad, instalaciones el\u00e9ctricas residenciales e industriales, recepci\u00f3n de hoteler\u00eda y servicio al cliente para hoteles y restaurantes.<\/p>\n<p>Asimismo, en los meses de enero a junio de este a\u00f1o se est\u00e1n ofreciendo\u00a0<strong>74 acciones formativas a favor de 1,219 participantes<\/strong>.<\/p>\n<p><strong>Con las empresas<\/strong>\u00a0<\/p>\n<p><strong>En alianza con Ege-Haina<\/strong>, en estos momentos se ejecuta en la provincia un programa de\u00a0<strong>Responsabilidad Social Corporativa,\u00a0<\/strong>que impacta a las comunidades de Juancho, La Colina, Oviedo y Enriquillo.<\/p>\n<p>Los participantes se forman en las \u00e1reas de electricidad, refrigeraci\u00f3n, ingl\u00e9s, hoteler\u00eda, turismo, gastronom\u00eda, contabilidad y plomer\u00eda.<\/p>\n<p>Tambi\u00e9n se realiza la apertura de los\u00a0<strong>programas 14\/24 y Sup\u00e9rate<\/strong>, mientras que con\u00a0<strong>ITM,<\/strong>\u00a0empresa responsable de la construcci\u00f3n del puerto de Cabo Rojo, se est\u00e1 coordinando un amplio programa de\u00a0<strong>capacitaci\u00f3n para las personas que est\u00e1n laborando en las actividades del puerto.<\/strong><\/p>\n<p>En la regi\u00f3n Enriquillo fueron asistidas, en 2022,\u00a0<strong>183 empresas<\/strong>\u00a0entre peque\u00f1as, medianas y grandes, adem\u00e1s de capacitar a\u00a0<strong>2,307 gerentes y mandos medios y 6,356 trabajadores.<\/strong>\u00a0<\/p>\n<p>En este mismo per\u00edodo realizaron la capacitaci\u00f3n de\u00a0<strong>Emprendimiento para Pymes 141 j\u00f3venes y adultos.<\/strong><\/p>\n<\/div>\n","protected":false},"excerpt":{"rendered":"<p>Santo Domingo. \u2013 El Instituto Nacional de Formaci\u00f3n T\u00e9cnico Profesional\u00a0(INFOTEP)\u00a0entreg\u00f3 t\u00edtulos a\u00a077 personas que concluyeron el curso de auxiliar de Enfermer\u00eda, en la provincia de Pedernales. El contenido de la&hellip; <\/p>\n","protected":false},"author":2,"featured_media":3953,"comment_status":"closed","ping_status":"closed","sticky":false,"template":"","format":"standard","meta":{"fifu_image_url":"https:\/\/i0.wp.com\/elmundodelosnegocios.com.do\/v1\/wp-content\/uploads\/2023\/07\/Una-representacion-de-las-egresadas-1024x576.jpeg?resize=1024,576&ssl=1","fifu_image_alt":"INFOTEP entrega t\u00edtulos a 77 auxiliares de enfermer\u00eda de la provincia Pedernales","footnotes":""},"categories":[63],"tags":[],"class_list":["post-3952","post","type-post","status-publish","format-standard","has-post-thumbnail","hentry","category-actualidad"],"_links":{"self":[{"href":"https:\/\/elmundodelapolitica.com\/v1\/wp-json\/wp\/v2\/posts\/3952","targetHints":{"allow":["GET"]}}],"collection":[{"href":"https:\/\/elmundodelapolitica.com\/v1\/wp-json\/wp\/v2\/posts"}],"about":[{"href":"https:\/\/elmundodelapolitica.com\/v1\/wp-json\/wp\/v2\/types\/post"}],"author":[{"embeddable":true,"href":"https:\/\/elmundodelapolitica.com\/v1\/wp-json\/wp\/v2\/users\/2"}],"replies":[{"embeddable":true,"href":"https:\/\/elmundodelapolitica.com\/v1\/wp-json\/wp\/v2\/comments?post=3952"}],"version-history":[{"count":0,"href":"https:\/\/elmundodelapolitica.com\/v1\/wp-json\/wp\/v2\/posts\/3952\/revisions"}],"wp:featuredmedia":[{"embeddable":true,"href":"https:\/\/elmundodelapolitica.com\/v1\/wp-json\/wp\/v2\/media\/3953"}],"wp:attachment":[{"href":"https:\/\/elmundodelapolitica.com\/v1\/wp-json\/wp\/v2\/media?parent=3952"}],"wp:term":[{"taxonomy":"category","embeddable":true,"href":"https:\/\/elmundodelapolitica.com\/v1\/wp-json\/wp\/v2\/categories?post=3952"},{"taxonomy":"post_tag","embeddable":true,"href":"https:\/\/elmundodelapolitica.com\/v1\/wp-json\/wp\/v2\/tags?post=3952"}],"curies":[{"name":"wp","href":"https:\/\/api.w.org\/{rel}","templated":true}]}}