{"id":3950,"date":"2023-07-17T10:28:44","date_gmt":"2023-07-17T14:28:44","guid":{"rendered":"https:\/\/elmundodelapolitica.com\/v1\/?p=3950"},"modified":"2023-07-17T10:28:44","modified_gmt":"2023-07-17T14:28:44","slug":"ministro-de-energia-y-minas-recibe-visita-embajador-de-irak-expresa-interes-de-cooperar-en-el-area-de-hidrocarburos","status":"publish","type":"post","link":"https:\/\/elmundodelapolitica.com\/v1\/ministro-de-energia-y-minas-recibe-visita-embajador-de-irak-expresa-interes-de-cooperar-en-el-area-de-hidrocarburos\/","title":{"rendered":"Ministro de Energ\u00eda y Minas recibe visita embajador de Irak; expresa inter\u00e9s de cooperar en el \u00e1rea de hidrocarburos"},"content":{"rendered":"<div>\n<p>Santo Domingo. \u2013\u00a0<strong>El ministro de Energ\u00eda y Minas (MEM), ingeniero Antonio Almonte<\/strong>, recibi\u00f3 la visita de cortes\u00eda del\u00a0<strong>embajador de Irak, Haider Shaya Al-Barrak,<\/strong>\u00a0con quien convers\u00f3 sobre las posibilidades de\u00a0<strong>cooperaci\u00f3n<\/strong>\u00a0de esa naci\u00f3n \u00e1rabe\u00a0<strong>en materia de hidrocarburos<\/strong>\u00a0con Rep\u00fablica Dominicana.<\/p>\n<div class=\"wp-block-image\">\n<figure class=\"aligncenter size-large\"><img data-attachment-id=\"30861\" data-permalink=\"https:\/\/elmundodelosnegocios.com.do\/v1\/index.php\/2023\/07\/17\/ministro-de-energia-y-minas-recibe-visita-embajador-de-irak-expresa-interes-de-cooperar-en-el-area-de-hidrocarburos\/1-2-25\/\" data-orig-file=\"https:\/\/i0.wp.com\/elmundodelosnegocios.com.do\/v1\/wp-content\/uploads\/2023\/07\/1-2.jpg?fit=1300%2C731&amp;ssl=1\" data-orig-size=\"1300,731\" data-comments-opened=\"0\" data-image-meta='{\"aperture\":\"0\",\"credit\":\"\",\"camera\":\"\",\"caption\":\"\",\"created_timestamp\":\"0\",\"copyright\":\"\",\"focal_length\":\"0\",\"iso\":\"0\",\"shutter_speed\":\"0\",\"title\":\"\",\"orientation\":\"0\"}' data-image-title=\"1-2\" data-image-description=\"\" data-image-caption=\"\" data-medium-file=\"https:\/\/i0.wp.com\/elmundodelosnegocios.com.do\/v1\/wp-content\/uploads\/2023\/07\/1-2.jpg?fit=300%2C169&amp;ssl=1\" data-large-file=\"https:\/\/i0.wp.com\/elmundodelosnegocios.com.do\/v1\/wp-content\/uploads\/2023\/07\/1-2.jpg?fit=1024%2C576&amp;ssl=1\" decoding=\"async\" loading=\"lazy\" width=\"1024\" height=\"576\" src=\"https:\/\/i0.wp.com\/elmundodelosnegocios.com.do\/v1\/wp-content\/uploads\/2023\/07\/1-2-1024x576.jpg?resize=1024,576&amp;ssl=1\" alt=\"\" class=\"wp-image-30861\" srcset=\"https:\/\/i0.wp.com\/elmundodelosnegocios.com.do\/v1\/wp-content\/uploads\/2023\/07\/1-2.jpg?resize=1024%2C576&amp;ssl=1 1024w, https:\/\/i0.wp.com\/elmundodelosnegocios.com.do\/v1\/wp-content\/uploads\/2023\/07\/1-2.jpg?resize=300%2C169&amp;ssl=1 300w, https:\/\/i0.wp.com\/elmundodelosnegocios.com.do\/v1\/wp-content\/uploads\/2023\/07\/1-2.jpg?resize=768%2C432&amp;ssl=1 768w, https:\/\/i0.wp.com\/elmundodelosnegocios.com.do\/v1\/wp-content\/uploads\/2023\/07\/1-2.jpg?w=1300&amp;ssl=1 1300w\" sizes=\"auto, (max-width: 1024px) 100vw, 1024px\" data-recalc-dims=\"1\"><\/figure>\n<\/div>\n<p>Durante el encuentro, celebrado en el sal\u00f3n principal de la sede del MEM, tambi\u00e9n hablaron de aspectos relacionados con la cooperaci\u00f3n para\u00a0<strong>exploraci\u00f3n de petr\u00f3leo y gas natural<\/strong>\u00a0en Rep\u00fablica Dominicana, considerando la\u00a0<strong>amplia experiencia que tiene el Estado de Irak<\/strong>\u00a0en la producci\u00f3n de hidrocarburos.\u00a0<\/p>\n<p>El embajador de Irak, Haider Shaya Al-Barrak, indic\u00f3 que\u00a0<strong>su pa\u00eds tiene la quinta reserva de petr\u00f3leo m\u00e1s grande del mundo<\/strong>\u00a0y que est\u00e1 interesado en estrechar los lazos comerciales con Rep\u00fablica Dominicana.<\/p>\n<p>El diplom\u00e1tico plante\u00f3 la\u00a0<strong>posibilidad de un acuerdo de intercambios comerciales<\/strong>\u00a0con Rep\u00fablica Dominicana mediante el suministro de\u00a0<strong>petr\u00f3leo a cambio de productos agr\u00edcolas.<\/strong><\/p>\n<p>El ministro Almonte, al agradecer el inter\u00e9s del diplom\u00e1tico iraqu\u00ed de fortalecer las relaciones entre ambos pa\u00edses, dijo que con la posibilidad de la referida cooperaci\u00f3n ese pa\u00eds \u00e1rabe podr\u00eda ayudar a desarrollar capacidades nacionales para<strong>\u00a0exploraci\u00f3n y refinaci\u00f3n de crudo y en el suministro de refinados.<\/strong><\/p>\n<p>El ministro Almonte le explic\u00f3 cu\u00e1l era la\u00a0<strong>situaci\u00f3n energ\u00e9tica nacional<\/strong>, resaltando que el pa\u00eds depende de la\u00a0<strong>importaci\u00f3n de<\/strong>\u00a0<strong>m\u00e1s de 80 % de combustibles f\u00f3siles<\/strong>\u00a0para producir energ\u00eda, por lo que mostr\u00f3 su inter\u00e9s de conseguir en los mejores t\u00e9rminos<strong>\u00a0la importaci\u00f3n desde Irak<\/strong>\u00a0<strong>de gas natural y otros combustibles<\/strong>\u00a0hacia Republica Dominicana.<\/p>\n<figure class=\"wp-block-image\"><img decoding=\"async\" src=\"https:\/\/i0.wp.com\/presidencia.gob.do\/sites\/default\/files\/inline-images\/IMG-20230714-WA0031.jpg?w=1110&amp;ssl=1\" alt=\"\" data-recalc-dims=\"1\"><\/figure>\n<p><em>\u201cTenemos la necesidad de encontrar oferentes de crudo de petr\u00f3leo, siempre y cuando la calidad y los precios sean convenientes para el pa\u00eds. Tambi\u00e9n queremos asegurar el abastecimiento de gas natural y ustedes son ricos en la producci\u00f3n de esos combustibles\u00bb<\/em>, extern\u00f3 Almonte al diplom\u00e1tico iraqu\u00ed.<\/p>\n<p>El Gobierno dominicano -dijo Almonte- someti\u00f3 esta semana un\u00a0<strong>proyecto de ley al Congreso<\/strong>\u00a0con el \u00fanico prop\u00f3sito de permitir que\u00a0<strong>empresas extranjeras participen en la exploraci\u00f3n y explotaci\u00f3n de hidrocarburos en Rep\u00fablica Dominicana<\/strong>, por lo que recomend\u00f3 que\u00a0<strong>Irak<\/strong>, mediante acuerdo y por su vasta experiencia en estos menesteres,\u00a0<strong>se interese en hacer las investigaciones al respecto<\/strong>.<\/p>\n<p>El ministro Almonte estuvo acompa\u00f1ado del director de Relaciones Internacionales del MEM,\u00a0<strong>Gustavo Mej\u00eda Ricart<\/strong>, y de la encargada de esa direcci\u00f3n,\u00a0<strong>Carolina S\u00e1nchez<\/strong>; mientras el diplom\u00e1tico se hizo acompa\u00f1ar por una delegaci\u00f3n integrada por el consejero\u00a0<strong>Imad Muhammad Mirza<\/strong>, director de la Oficina del Ministro de Relaciones Exteriores; el consejero\u00a0<strong>Alaa Majed Fakhry<\/strong>, subdirector del Departamento de Am\u00e9rica; el primer secretario\u00a0<strong>Nihad Hamad Enad<\/strong>, jefe del Departamento de Am\u00e9rica del Sur, y el ingeniero\u00a0<strong>Ali Nehme Muhammad<\/strong>, subjefe del Departamento de Ingenier\u00eda.<\/p>\n<\/div>\n","protected":false},"excerpt":{"rendered":"<p>Santo Domingo. \u2013\u00a0El ministro de Energ\u00eda y Minas (MEM), ingeniero Antonio Almonte, recibi\u00f3 la visita de cortes\u00eda del\u00a0embajador de Irak, Haider Shaya Al-Barrak,\u00a0con quien convers\u00f3 sobre las posibilidades de\u00a0cooperaci\u00f3n\u00a0de esa&hellip; <\/p>\n","protected":false},"author":2,"featured_media":3951,"comment_status":"closed","ping_status":"closed","sticky":false,"template":"","format":"standard","meta":{"fifu_image_url":"https:\/\/i0.wp.com\/elmundodelosnegocios.com.do\/v1\/wp-content\/uploads\/2023\/07\/1-2-1024x576.jpg?resize=1024,576&ssl=1","fifu_image_alt":"Ministro de Energ\u00eda y Minas recibe visita embajador de Irak; expresa inter\u00e9s de cooperar en el \u00e1rea de hidrocarburos","footnotes":""},"categories":[63],"tags":[],"class_list":["post-3950","post","type-post","status-publish","format-standard","has-post-thumbnail","hentry","category-actualidad"],"_links":{"self":[{"href":"https:\/\/elmundodelapolitica.com\/v1\/wp-json\/wp\/v2\/posts\/3950","targetHints":{"allow":["GET"]}}],"collection":[{"href":"https:\/\/elmundodelapolitica.com\/v1\/wp-json\/wp\/v2\/posts"}],"about":[{"href":"https:\/\/elmundodelapolitica.com\/v1\/wp-json\/wp\/v2\/types\/post"}],"author":[{"embeddable":true,"href":"https:\/\/elmundodelapolitica.com\/v1\/wp-json\/wp\/v2\/users\/2"}],"replies":[{"embeddable":true,"href":"https:\/\/elmundodelapolitica.com\/v1\/wp-json\/wp\/v2\/comments?post=3950"}],"version-history":[{"count":0,"href":"https:\/\/elmundodelapolitica.com\/v1\/wp-json\/wp\/v2\/posts\/3950\/revisions"}],"wp:featuredmedia":[{"embeddable":true,"href":"https:\/\/elmundodelapolitica.com\/v1\/wp-json\/wp\/v2\/media\/3951"}],"wp:attachment":[{"href":"https:\/\/elmundodelapolitica.com\/v1\/wp-json\/wp\/v2\/media?parent=3950"}],"wp:term":[{"taxonomy":"category","embeddable":true,"href":"https:\/\/elmundodelapolitica.com\/v1\/wp-json\/wp\/v2\/categories?post=3950"},{"taxonomy":"post_tag","embeddable":true,"href":"https:\/\/elmundodelapolitica.com\/v1\/wp-json\/wp\/v2\/tags?post=3950"}],"curies":[{"name":"wp","href":"https:\/\/api.w.org\/{rel}","templated":true}]}}