{"id":3948,"date":"2023-07-17T10:23:48","date_gmt":"2023-07-17T14:23:48","guid":{"rendered":"https:\/\/elmundodelapolitica.com\/v1\/?p=3948"},"modified":"2023-07-17T10:23:48","modified_gmt":"2023-07-17T14:23:48","slug":"director-de-la-dgapp-estima-que-alianzas-publico-privadas-generaran-mas-de-25000-empleos","status":"publish","type":"post","link":"https:\/\/elmundodelapolitica.com\/v1\/director-de-la-dgapp-estima-que-alianzas-publico-privadas-generaran-mas-de-25000-empleos\/","title":{"rendered":"Director de la DGAPP estima que alianzas p\u00fablico-privadas generar\u00e1n m\u00e1s de 25,000 empleos"},"content":{"rendered":"<div>\n<p>Santo Domingo. \u2013 El director general de Alianzas P\u00fablico Privadas<strong>\u00a0(DGAPP), Sigmund Freund Mena<\/strong>, estim\u00f3 que los\u00a0<strong>proyectos en ejecuci\u00f3n, licitaci\u00f3n y estructuraci\u00f3n<\/strong>\u00a0bajo dicha modalidad estar\u00e1n generando\u00a0<strong>m\u00e1s de 25,000 empleos<\/strong>\u00a0al completarse el 100 % de estos proyectos, logrando un\u00a0<strong>gran impacto social y econ\u00f3mico<\/strong>\u00a0en las comunidades aleda\u00f1as y con ello su desarrollo.<\/p>\n<div class=\"wp-block-image\">\n<figure class=\"aligncenter size-large\"><img data-attachment-id=\"30858\" data-permalink=\"https:\/\/elmundodelosnegocios.com.do\/v1\/index.php\/2023\/07\/17\/director-de-la-dgapp-estima-que-alianzas-publico-privadas-generaran-mas-de-25000-empleos\/1-1-33\/\" data-orig-file=\"https:\/\/i0.wp.com\/elmundodelosnegocios.com.do\/v1\/wp-content\/uploads\/2023\/07\/1-1.jpg?fit=1300%2C731&amp;ssl=1\" data-orig-size=\"1300,731\" data-comments-opened=\"0\" data-image-meta='{\"aperture\":\"0\",\"credit\":\"\",\"camera\":\"\",\"caption\":\"\",\"created_timestamp\":\"0\",\"copyright\":\"\",\"focal_length\":\"0\",\"iso\":\"0\",\"shutter_speed\":\"0\",\"title\":\"\",\"orientation\":\"0\"}' data-image-title=\"1-1\" data-image-description=\"\" data-image-caption=\"\" data-medium-file=\"https:\/\/i0.wp.com\/elmundodelosnegocios.com.do\/v1\/wp-content\/uploads\/2023\/07\/1-1.jpg?fit=300%2C169&amp;ssl=1\" data-large-file=\"https:\/\/i0.wp.com\/elmundodelosnegocios.com.do\/v1\/wp-content\/uploads\/2023\/07\/1-1.jpg?fit=1024%2C576&amp;ssl=1\" decoding=\"async\" loading=\"lazy\" width=\"1024\" height=\"576\" src=\"https:\/\/i0.wp.com\/elmundodelosnegocios.com.do\/v1\/wp-content\/uploads\/2023\/07\/1-1-1024x576.jpg?resize=1024,576&amp;ssl=1\" alt=\"\" class=\"wp-image-30858\" srcset=\"https:\/\/i0.wp.com\/elmundodelosnegocios.com.do\/v1\/wp-content\/uploads\/2023\/07\/1-1.jpg?resize=1024%2C576&amp;ssl=1 1024w, https:\/\/i0.wp.com\/elmundodelosnegocios.com.do\/v1\/wp-content\/uploads\/2023\/07\/1-1.jpg?resize=300%2C169&amp;ssl=1 300w, https:\/\/i0.wp.com\/elmundodelosnegocios.com.do\/v1\/wp-content\/uploads\/2023\/07\/1-1.jpg?resize=768%2C432&amp;ssl=1 768w, https:\/\/i0.wp.com\/elmundodelosnegocios.com.do\/v1\/wp-content\/uploads\/2023\/07\/1-1.jpg?w=1300&amp;ssl=1 1300w\" sizes=\"auto, (max-width: 1024px) 100vw, 1024px\" data-recalc-dims=\"1\"><\/figure>\n<\/div>\n<p>El funcionario proyect\u00f3 que la\u00a0<strong>inversi\u00f3n total de los proyectos de las APP<\/strong>\u00a0en los cuatro a\u00f1os de Gobierno del Presidente Luis Abinader ascender\u00e1n a aproximadamente\u00a0<strong>USD 2,500 millones<\/strong>\u00a0en provincias como Pedernales, Saman\u00e1, Santiago, Puerto Plata y otras zonas del pa\u00eds.<\/p>\n<p>Defini\u00f3 que entre los sectores prioritarios para el desarrollo de este mecanismo de inversi\u00f3n se encuentran el\u00a0<strong>transporte, telecomunicaciones, infraestructuras, puertos, movilidad urbana y electricidad<\/strong>, entre otros.<\/p>\n<p>Freund habl\u00f3 de estos temas al ser entrevistado en el programa televisivo DGII 360 que cada semana se transmite a trav\u00e9s de Color Visi\u00f3n (s\u00e1bados 8:00-9:00 de la ma\u00f1ana), CTT (s\u00e1bados 8:00-9:00 de la ma\u00f1ana), y se retransmite por RTVD canal 4 (9:00-10:00 de la ma\u00f1ana), Sur TV canal 57 (9:00-10:00 de la ma\u00f1ana) y Nuevo Diario TV (lunes 4:00-5:00 de la tarde).<\/p>\n<p>Explic\u00f3 que uno de los sectores que el presidente ha identificado como prioritario<strong>\u00a0<\/strong>es el de<strong>\u00a0agua potable\u00a0<\/strong>y relacionados con el mismo hay proyectos eficientes, \u00fatiles que pueden ser ejecutados de manera viable en la Rep\u00fablica Dominicana.\u00a0<\/p>\n<p><em>\u201cLa finalidad de los proyectos de las APP es crear un impacto social, econ\u00f3mico y de desarrollo en las comunidades mediante la atracci\u00f3n de inversi\u00f3n local y extranjera, y la generaci\u00f3n de empleos\u201d<\/em>, sostuvo Freund, quien puntualiz\u00f3 que las\u00a0<strong>APP deben ser un reflejo de lo que el Gobierno Central quiere desarrollar<\/strong>\u00a0<strong>como visi\u00f3n de pa\u00eds en materia de infraestructura y servicios p\u00fablicos.<\/strong><\/p>\n<figure class=\"wp-block-image\"><img decoding=\"async\" src=\"https:\/\/i0.wp.com\/presidencia.gob.do\/sites\/default\/files\/inline-images\/FAR_4247.jpg?w=1110&amp;ssl=1\" alt=\"\" data-recalc-dims=\"1\"><\/figure>\n<p><strong>Saman\u00e1<\/strong><\/p>\n<p>En cuanto al proyecto para la conversi\u00f3n en una\u00a0<strong>terminal de cruceros del puerto Duarte, en Arroyo Barril<\/strong>, de la provincia de Saman\u00e1, Freund dijo que tiene una inversi\u00f3n de\u00a0<strong>USD 60 millones<\/strong>\u00a0y que la iniciativa impulsar\u00e1 un mayor dinamismo econ\u00f3mico en la zona.<\/p>\n<p>Asimismo, el funcionario manifest\u00f3 que adem\u00e1s de la terminal, el proyecto tiene contemplada una\u00a0<strong>zona de esparcimiento y diversi\u00f3n para los cruceristas.<\/strong><\/p>\n<p><strong>Pedernales<\/strong><\/p>\n<p>Apunt\u00f3 que el\u00a0<strong>Plan de Desarrollo de Pedernales<\/strong>\u00a0tiene una inversi\u00f3n total de\u00a0<strong>USD 1,300 millones<\/strong>\u00a0y en la primera fase llevan cerca de USD 150 millones en a\u00f1o y medio.\u00a0<\/p>\n<p><strong>\u201cEste proyecto va a impactar favorablemente a toda la regi\u00f3n Sur del pa\u00eds\u201d<\/strong>, expres\u00f3 Freund.<\/p>\n<p><strong>Autopista del \u00c1mbar<\/strong><\/p>\n<p>En cuanto al proyecto de la\u00a0<strong>Autopista del \u00c1mbar,<\/strong>\u00a0que unir\u00e1 a Santiago con Puerto Plata, el funcionario record\u00f3 que se encuentra en licitaci\u00f3n y tendr\u00e1 una inversi\u00f3n de\u00a0<strong>USD 400 millones<\/strong>.\u00a0<\/p>\n<p><strong>Garant\u00edas<\/strong><\/p>\n<p>Freund garantiz\u00f3 que\u00a0<strong>la ley que crea las APP, as\u00ed como las normativas complementarias, protegen la inversi\u00f3n local y extranjera<\/strong>, lo que resulta atractivo para muchos inversionistas que han mostrado inter\u00e9s en este tipo de proyectos.<\/p>\n<p><em>\u201cCon solo dos a\u00f1os -desarrollando proyectos de Alianzas P\u00fablica-Privadas- la Rep\u00fablica Dominicana se encuentra en el octavo lugar en cuanto a seguridad jur\u00eddica, confianza, credibilidad y fortaleza en las relaciones\u201d,<\/em>\u00a0afirm\u00f3.<\/p>\n<p>Indic\u00f3 que no se reciben proyectos que no cumplan con los requerimientos y estudios preliminares que determinen su\u00a0<strong>factibilidad e impacto social<\/strong>\u00a0y para ello cuentan con una gu\u00eda, disponible en su p\u00e1gina web, que establece los\u00a0<strong>requisitos para el desarrollo de una APP.<\/strong><\/p>\n<\/div>\n","protected":false},"excerpt":{"rendered":"<p>Santo Domingo. \u2013 El director general de Alianzas P\u00fablico Privadas\u00a0(DGAPP), Sigmund Freund Mena, estim\u00f3 que los\u00a0proyectos en ejecuci\u00f3n, licitaci\u00f3n y estructuraci\u00f3n\u00a0bajo dicha modalidad estar\u00e1n generando\u00a0m\u00e1s de 25,000 empleos\u00a0al completarse el&hellip; <\/p>\n","protected":false},"author":2,"featured_media":3949,"comment_status":"closed","ping_status":"closed","sticky":false,"template":"","format":"standard","meta":{"fifu_image_url":"https:\/\/i0.wp.com\/elmundodelosnegocios.com.do\/v1\/wp-content\/uploads\/2023\/07\/1-1-1024x576.jpg?resize=1024,576&ssl=1","fifu_image_alt":"Director de la DGAPP estima que alianzas p\u00fablico-privadas generar\u00e1n m\u00e1s de 25,000 empleos","footnotes":""},"categories":[63],"tags":[],"class_list":["post-3948","post","type-post","status-publish","format-standard","has-post-thumbnail","hentry","category-actualidad"],"_links":{"self":[{"href":"https:\/\/elmundodelapolitica.com\/v1\/wp-json\/wp\/v2\/posts\/3948","targetHints":{"allow":["GET"]}}],"collection":[{"href":"https:\/\/elmundodelapolitica.com\/v1\/wp-json\/wp\/v2\/posts"}],"about":[{"href":"https:\/\/elmundodelapolitica.com\/v1\/wp-json\/wp\/v2\/types\/post"}],"author":[{"embeddable":true,"href":"https:\/\/elmundodelapolitica.com\/v1\/wp-json\/wp\/v2\/users\/2"}],"replies":[{"embeddable":true,"href":"https:\/\/elmundodelapolitica.com\/v1\/wp-json\/wp\/v2\/comments?post=3948"}],"version-history":[{"count":0,"href":"https:\/\/elmundodelapolitica.com\/v1\/wp-json\/wp\/v2\/posts\/3948\/revisions"}],"wp:featuredmedia":[{"embeddable":true,"href":"https:\/\/elmundodelapolitica.com\/v1\/wp-json\/wp\/v2\/media\/3949"}],"wp:attachment":[{"href":"https:\/\/elmundodelapolitica.com\/v1\/wp-json\/wp\/v2\/media?parent=3948"}],"wp:term":[{"taxonomy":"category","embeddable":true,"href":"https:\/\/elmundodelapolitica.com\/v1\/wp-json\/wp\/v2\/categories?post=3948"},{"taxonomy":"post_tag","embeddable":true,"href":"https:\/\/elmundodelapolitica.com\/v1\/wp-json\/wp\/v2\/tags?post=3948"}],"curies":[{"name":"wp","href":"https:\/\/api.w.org\/{rel}","templated":true}]}}