{"id":3942,"date":"2023-07-16T15:46:05","date_gmt":"2023-07-16T19:46:05","guid":{"rendered":"https:\/\/elmundodelapolitica.com\/v1\/?p=3942"},"modified":"2023-07-16T15:46:05","modified_gmt":"2023-07-16T19:46:05","slug":"banco-popular-y-centro-leon-renuevan-acuerdo-de-cooperacion","status":"publish","type":"post","link":"https:\/\/elmundodelapolitica.com\/v1\/banco-popular-y-centro-leon-renuevan-acuerdo-de-cooperacion\/","title":{"rendered":"Banco Popular y Centro Le\u00f3n renuevan acuerdo de cooperaci\u00f3n"},"content":{"rendered":"<div>\n<h2>273 mil estudiantes han visitado la exposici\u00f3n Signos de identidad<\/h2>\n<p>\u200bSanto Domingo, D.N. \u2013 El Banco Popular Dominicano y el Centro Cultural Eduardo Le\u00f3n Jim\u00e9nez anunciaron la renovaci\u00f3n de su acuerdo de colaboraci\u00f3n, mediante el cual la entidad bancaria auspicia la Sala de Antropolog\u00eda y su exposici\u00f3n permanente\u00a0<em>Signos de identidad<\/em>. \u00a0\u00a0<\/p>\n<div class=\"wp-block-image\">\n<figure class=\"aligncenter size-large\"><img loading=\"lazy\" data-attachment-id=\"30850\" data-permalink=\"https:\/\/elmundodelosnegocios.com.do\/v1\/index.php\/2023\/07\/16\/banco-popular-y-centro-leon-renuevan-acuerdo-de-cooperacion\/dsc05397-scaled-1\/\" data-orig-file=\"https:\/\/i0.wp.com\/elmundodelosnegocios.com.do\/v1\/wp-content\/uploads\/2023\/07\/DSC05397-scaled-1.jpg?fit=2560%2C1707&amp;ssl=1\" data-orig-size=\"2560,1707\" data-comments-opened=\"0\" data-image-meta='{\"aperture\":\"0\",\"credit\":\"\",\"camera\":\"\",\"caption\":\"\",\"created_timestamp\":\"0\",\"copyright\":\"\",\"focal_length\":\"0\",\"iso\":\"0\",\"shutter_speed\":\"0\",\"title\":\"\",\"orientation\":\"0\"}' data-image-title=\"DSC05397-scaled-1\" data-image-description=\"\" data-image-caption=\"\" data-medium-file=\"https:\/\/i0.wp.com\/elmundodelosnegocios.com.do\/v1\/wp-content\/uploads\/2023\/07\/DSC05397-scaled-1.jpg?fit=300%2C200&amp;ssl=1\" data-large-file=\"https:\/\/i0.wp.com\/elmundodelosnegocios.com.do\/v1\/wp-content\/uploads\/2023\/07\/DSC05397-scaled-1.jpg?fit=1024%2C683&amp;ssl=1\" decoding=\"async\" width=\"1024\" height=\"683\" src=\"https:\/\/i0.wp.com\/elmundodelosnegocios.com.do\/v1\/wp-content\/uploads\/2023\/07\/DSC05397-scaled-1-1024x683.jpg?resize=1024,683&amp;ssl=1\" alt=\"\" class=\"wp-image-30850\" srcset=\"https:\/\/i0.wp.com\/elmundodelosnegocios.com.do\/v1\/wp-content\/uploads\/2023\/07\/DSC05397-scaled-1.jpg?resize=1024%2C683&amp;ssl=1 1024w, https:\/\/i0.wp.com\/elmundodelosnegocios.com.do\/v1\/wp-content\/uploads\/2023\/07\/DSC05397-scaled-1.jpg?resize=300%2C200&amp;ssl=1 300w, https:\/\/i0.wp.com\/elmundodelosnegocios.com.do\/v1\/wp-content\/uploads\/2023\/07\/DSC05397-scaled-1.jpg?resize=768%2C512&amp;ssl=1 768w, https:\/\/i0.wp.com\/elmundodelosnegocios.com.do\/v1\/wp-content\/uploads\/2023\/07\/DSC05397-scaled-1.jpg?resize=1536%2C1024&amp;ssl=1 1536w, https:\/\/i0.wp.com\/elmundodelosnegocios.com.do\/v1\/wp-content\/uploads\/2023\/07\/DSC05397-scaled-1.jpg?resize=2048%2C1366&amp;ssl=1 2048w, https:\/\/i0.wp.com\/elmundodelosnegocios.com.do\/v1\/wp-content\/uploads\/2023\/07\/DSC05397-scaled-1.jpg?w=2220 2220w\" sizes=\"auto, (max-width: 1024px) 100vw, 1024px\" data-recalc-dims=\"1\"><\/figure>\n<\/div>\n<p>La reanudaci\u00f3n del acuerdo permitir\u00e1 la actualizaci\u00f3n de la sala, dot\u00e1ndola de nuevos atractivos pedag\u00f3gicos y tecnol\u00f3gicos, con el prop\u00f3sito de incrementar la visita de p\u00fablico joven, la rotaci\u00f3n y mantenimiento de piezas y, asimismo, har\u00e1 posible el desarrollo de un ciclo de charlas y conferencias.<\/p>\n<p>Esta sala, apadrinada por el Banco Popular, muestra al visitante una selecci\u00f3n de piezas de las colecciones de Arqueolog\u00eda y Etnograf\u00eda del Centro Le\u00f3n, organizadas en un recorrido multisensorial a trav\u00e9s de diversos aspectos en los que se refleja la dominicanidad, entendidos dentro de su contexto caribe\u00f1o, americano y global.<\/p>\n<p>Desde junio de 2017, el Popular forma parte del Programa de Apadrinamiento del Centro Le\u00f3n, como parte de sus acciones socialmente responsables, y en el marco de sus esfuerzos por promover y enriquecer la identidad nacional, el arte y la cultura.<\/p>\n<p>El convenio entre ambas instituciones ha contribuido a que en los \u00faltimos seis a\u00f1os la exposici\u00f3n permanente\u00a0<em>Signos de identidad<\/em>\u00a0haya recibido 273,000 estudiantes de distintos niveles escolares.<\/p>\n<p><strong>Aliados en el desarrollo sostenible de la naci\u00f3n\u00a0<\/strong><strong>\u00a0<\/strong><\/p>\n<p>El acto de firma tuvo lugar en la Torre Popular, encabezado por los se\u00f1ores Christopher Paniagua, presidente ejecutivo del Banco Popular, y Mar\u00eda Amalia Le\u00f3n, presidente de la Fundaci\u00f3n Eduardo Le\u00f3n Jimenes y directora general del Centro Le\u00f3n.<\/p>\n<figure class=\"wp-block-embed is-type-video is-provider-youtube wp-block-embed-youtube wp-embed-aspect-16-9 wp-has-aspect-ratio\">\n<div class=\"wp-block-embed__wrapper\">\n<iframe loading=\"lazy\" title=\"Firma de Acuerdo Sala de Antropologia del Centro Leon\" width=\"1110\" height=\"624\" src=\"https:\/\/www.youtube.com\/embed\/Aw5jqgvfA5o?feature=oembed\" frameborder=\"0\" allow=\"accelerometer; autoplay; clipboard-write; encrypted-media; gyroscope; picture-in-picture; web-share\" allowfullscreen><\/iframe>\n<\/div>\n<\/figure>\n<p>En sus palabras, el se\u00f1or Paniagua destac\u00f3 la transcendencia del acuerdo y su capacidad para \u00abincrementar la preservaci\u00f3n del legado etnogr\u00e1fico e hist\u00f3rico de nuestro pa\u00eds, aumentar la educaci\u00f3n y conciencia sobre nuestro patrimonio y ponerlo en valor para las generaciones presentes y futuras\u00bb.<\/p>\n<p>La se\u00f1ora Le\u00f3n, en tanto, en nombre de los beneficiarios y del Centro Le\u00f3n, agradeci\u00f3 al Popular su apoyo. \u00abNo hay nada que nos llene m\u00e1s de satisfacci\u00f3n que poder contribuir a construir juntos una mejor naci\u00f3n. Los mejores aliados\u00bb, indic\u00f3.<\/p>\n<p>Acompa\u00f1ando a los representantes de las instituciones estuvieron los se\u00f1ores Jos\u00e9 M\u00e1rmol, vicepresidente ejecutivo de Comunicaciones, Reputaci\u00f3n y Banca Responsable del Grupo Popular, y Mar\u00eda Luisa Asilis de Matos, gerente ejecutiva de Sostenibilidad del Centro Le\u00f3n, entre otros ejecutivos de estas dos entidades.<\/p>\n<\/div>\n","protected":false},"excerpt":{"rendered":"<p>273 mil estudiantes han visitado la exposici\u00f3n Signos de identidad \u200bSanto Domingo, D.N. \u2013 El Banco Popular Dominicano y el Centro Cultural Eduardo Le\u00f3n Jim\u00e9nez anunciaron la renovaci\u00f3n de su&hellip; <\/p>\n","protected":false},"author":2,"featured_media":3943,"comment_status":"closed","ping_status":"closed","sticky":false,"template":"","format":"standard","meta":{"fifu_image_url":"https:\/\/i0.wp.com\/elmundodelosnegocios.com.do\/v1\/wp-content\/uploads\/2023\/07\/DSC05397-scaled-1-1024x683.jpg?resize=1024,683&ssl=1","fifu_image_alt":"Banco Popular y Centro Le\u00f3n renuevan acuerdo de cooperaci\u00f3n","footnotes":""},"categories":[63],"tags":[],"class_list":["post-3942","post","type-post","status-publish","format-standard","has-post-thumbnail","hentry","category-actualidad"],"_links":{"self":[{"href":"https:\/\/elmundodelapolitica.com\/v1\/wp-json\/wp\/v2\/posts\/3942","targetHints":{"allow":["GET"]}}],"collection":[{"href":"https:\/\/elmundodelapolitica.com\/v1\/wp-json\/wp\/v2\/posts"}],"about":[{"href":"https:\/\/elmundodelapolitica.com\/v1\/wp-json\/wp\/v2\/types\/post"}],"author":[{"embeddable":true,"href":"https:\/\/elmundodelapolitica.com\/v1\/wp-json\/wp\/v2\/users\/2"}],"replies":[{"embeddable":true,"href":"https:\/\/elmundodelapolitica.com\/v1\/wp-json\/wp\/v2\/comments?post=3942"}],"version-history":[{"count":0,"href":"https:\/\/elmundodelapolitica.com\/v1\/wp-json\/wp\/v2\/posts\/3942\/revisions"}],"wp:featuredmedia":[{"embeddable":true,"href":"https:\/\/elmundodelapolitica.com\/v1\/wp-json\/wp\/v2\/media\/3943"}],"wp:attachment":[{"href":"https:\/\/elmundodelapolitica.com\/v1\/wp-json\/wp\/v2\/media?parent=3942"}],"wp:term":[{"taxonomy":"category","embeddable":true,"href":"https:\/\/elmundodelapolitica.com\/v1\/wp-json\/wp\/v2\/categories?post=3942"},{"taxonomy":"post_tag","embeddable":true,"href":"https:\/\/elmundodelapolitica.com\/v1\/wp-json\/wp\/v2\/tags?post=3942"}],"curies":[{"name":"wp","href":"https:\/\/api.w.org\/{rel}","templated":true}]}}