{"id":394,"date":"2022-06-21T01:37:54","date_gmt":"2022-06-21T05:37:54","guid":{"rendered":"http:\/\/www.elmundodelapolitica.com\/v2\/?p=25527"},"modified":"2022-06-21T01:37:54","modified_gmt":"2022-06-21T05:37:54","slug":"director-regional-sur-policia-reune-con-alcalde","status":"publish","type":"post","link":"https:\/\/elmundodelapolitica.com\/v1\/director-regional-sur-policia-reune-con-alcalde\/","title":{"rendered":"Director Regional Sur Polic\u00eda reune con Alcalde"},"content":{"rendered":"\n<p>BARAHONA, R.D. El Alcalde Mictor Fern\u00e1ndez recibi\u00f3 la visita en su despacho<br>del nuevo Director Regional Sur de la Polic\u00eda Nacional, General de<br>Brigada Andr\u00e9s Modesto Cruz Cruz, quien se puso a disposici\u00f3n de la<br>alcald\u00eda.<\/p>\n\n\n\n<p>El alcalde y el general&nbsp; trataron temas relacionados con el<br>fortalecimiento de la seguridad ciudadana en el municipio, con el fin<br>de garantizar el trabajo mancomunado por parte de la Alcald\u00eda y la<br>Polic\u00eda Nacional para beneficio de la comunidad.<\/p>\n\n\n\n<p>El General Cruz Cruz, dijo que su misi\u00f3n es coordinar acciones entre<br>las dos instituciones ya que \u00e9stas tienen contacto directo con la<br>poblaci\u00f3n, por lo que trabajar unidos es de gran provecho para la<br>sociedad.<\/p>\n\n\n\n<p>\"Trabajaremos para que Barahona sea una ciudad tranquila y segura para<br>beneficio de los barahoneros y barahoneras\", subray\u00f3 el general Cruz.<\/p>\n\n\n\n<p>De su lado el Alcalde Fern\u00e1ndez abri\u00f3 las puertas de su despacho y<br>anunci\u00f3 que trabajar\u00e1n de manera unidad la alcald\u00eda y la Polic\u00eda<br>Nacional, para garantizar la seguridad y tranquilidad de la<br>ciudadan\u00eda.<\/p>\n","protected":false},"excerpt":{"rendered":"<p>BARAHONA, R.D. El Alcalde Mictor Fern\u00e1ndez recibi\u00f3 la visita en su despachodel nuevo Director Regional Sur de la Polic\u00eda Nacional, General deBrigada Andr\u00e9s Modesto Cruz Cruz, quien se puso a&hellip; <\/p>\n","protected":false},"author":2,"featured_media":395,"comment_status":"closed","ping_status":"open","sticky":false,"template":"","format":"standard","meta":{"fifu_image_url":"","fifu_image_alt":"","footnotes":""},"categories":[16],"tags":[],"class_list":["post-394","post","type-post","status-publish","format-standard","has-post-thumbnail","hentry","category-seguridad"],"_links":{"self":[{"href":"https:\/\/elmundodelapolitica.com\/v1\/wp-json\/wp\/v2\/posts\/394","targetHints":{"allow":["GET"]}}],"collection":[{"href":"https:\/\/elmundodelapolitica.com\/v1\/wp-json\/wp\/v2\/posts"}],"about":[{"href":"https:\/\/elmundodelapolitica.com\/v1\/wp-json\/wp\/v2\/types\/post"}],"author":[{"embeddable":true,"href":"https:\/\/elmundodelapolitica.com\/v1\/wp-json\/wp\/v2\/users\/2"}],"replies":[{"embeddable":true,"href":"https:\/\/elmundodelapolitica.com\/v1\/wp-json\/wp\/v2\/comments?post=394"}],"version-history":[{"count":0,"href":"https:\/\/elmundodelapolitica.com\/v1\/wp-json\/wp\/v2\/posts\/394\/revisions"}],"wp:featuredmedia":[{"embeddable":true,"href":"https:\/\/elmundodelapolitica.com\/v1\/wp-json\/wp\/v2\/media\/395"}],"wp:attachment":[{"href":"https:\/\/elmundodelapolitica.com\/v1\/wp-json\/wp\/v2\/media?parent=394"}],"wp:term":[{"taxonomy":"category","embeddable":true,"href":"https:\/\/elmundodelapolitica.com\/v1\/wp-json\/wp\/v2\/categories?post=394"},{"taxonomy":"post_tag","embeddable":true,"href":"https:\/\/elmundodelapolitica.com\/v1\/wp-json\/wp\/v2\/tags?post=394"}],"curies":[{"name":"wp","href":"https:\/\/api.w.org\/{rel}","templated":true}]}}