{"id":3938,"date":"2023-07-16T12:29:34","date_gmt":"2023-07-16T16:29:34","guid":{"rendered":"https:\/\/elmundodelapolitica.com\/v1\/?p=3938"},"modified":"2023-07-16T12:29:34","modified_gmt":"2023-07-16T16:29:34","slug":"experto-internacional-imparte-conferencia-en-infotep-con-miras-a-revolucionar-el-modelo-docente-acorde-a-retos-del-futuro","status":"publish","type":"post","link":"https:\/\/elmundodelapolitica.com\/v1\/experto-internacional-imparte-conferencia-en-infotep-con-miras-a-revolucionar-el-modelo-docente-acorde-a-retos-del-futuro\/","title":{"rendered":"Experto internacional imparte conferencia en INFOTEP con miras a revolucionar el modelo docente acorde a retos del futuro"},"content":{"rendered":"<div>\n<p>Santo Domingo.-\u00a0<strong>El Instituto Nacional de Formaci\u00f3n T\u00e9cnico Profesional (INFOTEP)<\/strong>\u00a0se encuentra sumergido en un proceso de\u00a0<strong>evaluaci\u00f3n y revoluci\u00f3n de su modelo docente<\/strong>\u00a0para dar paso a uno m\u00e1s creativo, innovador y pertinente, que responda a las\u00a0<strong>nuevas exigencias del siglo XXI<\/strong>, por lo que, como parte de ese proceso, fue impartida la conferencia\u00a0<strong>Modelo de Formaci\u00f3n: incertidumbre del presente y retos del futuro<\/strong>, a cargo del experto internacional\u00a0<strong>Gregorio Luri<\/strong>.<\/p>\n<div class=\"wp-block-image\">\n<figure class=\"aligncenter size-large\"><img data-attachment-id=\"30844\" data-permalink=\"https:\/\/elmundodelosnegocios.com.do\/v1\/index.php\/2023\/07\/16\/experto-internacional-imparte-conferencia-en-infotep-con-miras-a-revolucionar-el-modelo-docente-acorde-a-retos-del-futuro\/infotep-reconocio-la-excelencia-de-29-docentes-y-formadores-de-formadores\/\" data-orig-file=\"https:\/\/i0.wp.com\/elmundodelosnegocios.com.do\/v1\/wp-content\/uploads\/2023\/07\/INFOTEP-reconocio-la-excelencia-de-29-docentes-y-formadores-de-formadores.jpeg?fit=1300%2C731&amp;ssl=1\" data-orig-size=\"1300,731\" data-comments-opened=\"0\" data-image-meta='{\"aperture\":\"0\",\"credit\":\"\",\"camera\":\"\",\"caption\":\"\",\"created_timestamp\":\"0\",\"copyright\":\"\",\"focal_length\":\"0\",\"iso\":\"0\",\"shutter_speed\":\"0\",\"title\":\"\",\"orientation\":\"0\"}' data-image-title=\"INFOTEP-reconocio-la-excelencia-de-29-docentes-y-formadores-de-formadores\" data-image-description=\"\" data-image-caption=\"\" data-medium-file=\"https:\/\/i0.wp.com\/elmundodelosnegocios.com.do\/v1\/wp-content\/uploads\/2023\/07\/INFOTEP-reconocio-la-excelencia-de-29-docentes-y-formadores-de-formadores.jpeg?fit=300%2C169&amp;ssl=1\" data-large-file=\"https:\/\/i0.wp.com\/elmundodelosnegocios.com.do\/v1\/wp-content\/uploads\/2023\/07\/INFOTEP-reconocio-la-excelencia-de-29-docentes-y-formadores-de-formadores.jpeg?fit=1024%2C576&amp;ssl=1\" decoding=\"async\" loading=\"lazy\" width=\"1024\" height=\"576\" src=\"https:\/\/i0.wp.com\/elmundodelosnegocios.com.do\/v1\/wp-content\/uploads\/2023\/07\/INFOTEP-reconocio-la-excelencia-de-29-docentes-y-formadores-de-formadores-1024x576.jpeg?resize=1024,576&amp;ssl=1\" alt=\"\" class=\"wp-image-30844\" srcset=\"https:\/\/i0.wp.com\/elmundodelosnegocios.com.do\/v1\/wp-content\/uploads\/2023\/07\/INFOTEP-reconocio-la-excelencia-de-29-docentes-y-formadores-de-formadores.jpeg?resize=1024%2C576&amp;ssl=1 1024w, https:\/\/i0.wp.com\/elmundodelosnegocios.com.do\/v1\/wp-content\/uploads\/2023\/07\/INFOTEP-reconocio-la-excelencia-de-29-docentes-y-formadores-de-formadores.jpeg?resize=300%2C169&amp;ssl=1 300w, https:\/\/i0.wp.com\/elmundodelosnegocios.com.do\/v1\/wp-content\/uploads\/2023\/07\/INFOTEP-reconocio-la-excelencia-de-29-docentes-y-formadores-de-formadores.jpeg?resize=768%2C432&amp;ssl=1 768w, https:\/\/i0.wp.com\/elmundodelosnegocios.com.do\/v1\/wp-content\/uploads\/2023\/07\/INFOTEP-reconocio-la-excelencia-de-29-docentes-y-formadores-de-formadores.jpeg?w=1300&amp;ssl=1 1300w\" sizes=\"auto, (max-width: 1024px) 100vw, 1024px\" data-recalc-dims=\"1\"><\/figure>\n<\/div>\n<p><strong>El director general del INFOTEP, Rafael Santos Bad\u00eda<\/strong>, inform\u00f3 que esta conferencia se imparti\u00f3 a nivel nacional\u00a0<strong>en beneficio de los m\u00e1s de 3,500 docentes activos<\/strong>\u00a0que tiene la instituci\u00f3n.\u00a0<\/p>\n<p><em>\u201cHoy nos vemos compelidos a encontrar una nueva forma de ejercer nuestro rol docente y a repensar lo que ven\u00edamos haciendo hasta el momento. Esta oportunidad, como todas, puede ser una ocasi\u00f3n propicia para hacer un alto en nuestras vidas y para replantearnos nuevos caminos ante tanta incertidumbre y retos del futuro\u201d,<\/em>\u00a0expres\u00f3 Santos Bad\u00eda.\u00a0<\/p>\n<p>En el marco del coloquio,\u00a0<strong>el conferencista, Gregorio Luri<\/strong>, abog\u00f3 para que los pa\u00edses fomenten\u00a0<strong>la internacionalizaci\u00f3n, el emprendimiento, la innovaci\u00f3n, la investigaci\u00f3n aplicada y la incorporaci\u00f3n de tecnolog\u00eda disruptiva<\/strong>, como parte de la modernizaci\u00f3n del modelo de ense\u00f1anza.\u00a0<\/p>\n<p>Luri present\u00f3 un estudio en el que el se indica que el\u00a0<strong>65 % de los ni\u00f1os que hoy en d\u00eda empiezan la primaria, trabajar\u00e1n en empleos que a\u00fan no existen<\/strong>, por lo que, seg\u00fan entiende, se hace imprescindible ese\u00a0<strong>cambio en el modelo docente<\/strong>\u00a0de cara a los nuevos tiempos.\u00a0<\/p>\n<figure class=\"wp-block-image\"><img decoding=\"async\" src=\"https:\/\/i0.wp.com\/presidencia.gob.do\/sites\/default\/files\/inline-images\/Los docentes estuvieron desde diferentes puntos del pai\u0301s.jpeg?w=1110&amp;ssl=1\" alt=\"\" data-recalc-dims=\"1\"><\/figure>\n<p>Esta conferencia es parte de la agenda que el INFOTEP tiene planificada en este 2023 como parte de la<strong>\u00a0\u201cEstrategia de Aprendizaje a lo Largo de la Vida\u201d<\/strong>, con el objetivo de desarrollar nuevas destrezas, conocimientos te\u00f3ricos o pr\u00e1cticos y competencias en los \u00e1mbitos personales, sociales y profesionales de los docentes.\u00a0<\/p>\n<p><strong>Reconocimiento a los docentes\u00a0<\/strong><\/p>\n<p>En la actividad, que se llev\u00f3 a cabo en conmemoraci\u00f3n del\u00a0<strong>D\u00eda del Maestro<\/strong>, el director general del INFOTEP, Rafael Santos Bad\u00eda, reconoci\u00f3 a\u00a0<strong>29 docentes de las diferentes Direcciones Regionales<\/strong>, por su desempe\u00f1o en las distintas disciplinas que imparten.\u00a0<\/p>\n<p><em>\u201cEsta distinci\u00f3n tiene como objetivo reconocer los m\u00e9ritos evidenciados de los docentes a la luz de su excelente desempe\u00f1o y de sus extraordinarias dotes en sus relaciones humanas dentro y fuera del aula, as\u00ed como su lealtad y responsabilidad institucional\u201d<\/em>\u00a0expres\u00f3 Santos Bad\u00eda.\u00a0<\/p>\n<p><strong>Otras acciones del INFOTEP en favor de su cuerpo docente\u00a0<\/strong><\/p>\n<p>Adem\u00e1s de este\u00a0<strong>ciclo de conferencias<\/strong>, el INFOTEP est\u00e1 inmerso en la ampliaci\u00f3n de su infraestructura, revisi\u00f3n de la curr\u00edcula, la formaci\u00f3n y el bienestar de los docentes e instaurar una\u00a0<strong>cultura de innovaci\u00f3n<\/strong>\u00a0que beneficiar\u00e1 a toda la instituci\u00f3n.\u00a0<\/p>\n<p>En los \u00faltimos tres a\u00f1os, el INFOTEP ha promovido a distintos puestos de la estructura organizacional a 41 docentes, al tiempo que se han entregado 11,654 certificaciones de actualizaci\u00f3n y formaci\u00f3n a 2,913 docentes.\u00a0<\/p>\n<p><strong>Solo en este 2023, se han formado 1,661 potenciales nuevos docentes, seg\u00fan \u00e1reas prioritarias<\/strong>.\u00a0<\/p>\n<p>Asimismo, se han realizado\u00a0<strong>mejoras en la escala salarial de manera continua<\/strong>\u00a0y ampliado la infraestructura f\u00edsica y tecnol\u00f3gica de 6 a 27, lo que ha significado un aumento de docentes contratados en un 21 %.\u00a0<\/p>\n<p>Estas acciones contribuir\u00e1n con la\u00a0<strong>mejora de las competencias de todos los docentes<\/strong>\u00a0y del personal involucrado en los procesos de ense\u00f1anza y aprendizaje.<\/p>\n<p>Todas estas acciones han emanado de los resultados de la gran\u00a0<strong>Consulta Nacional sobre el Futuro de la Formaci\u00f3n T\u00e9cnica Profesional<\/strong>, que realiz\u00f3 el INFOTEP con todos los sectores de la econom\u00eda, de la academia, del mundo pol\u00edtico y\u00a0<strong>cuyas conclusiones fueron la base para el dise\u00f1o de su plan estrat\u00e9gico hasta 2024.\u00a0<\/strong><\/p>\n<p><strong>Sobre el conferencista<\/strong>\u00a0<\/p>\n<p>Gregorio Luri Medrano, es un maestro espa\u00f1ol, licenciado en pedagog\u00eda y doctor en filosof\u00eda, que ha trabajado en todos los niveles educativos: primario, secundario y universitario.\u00a0<\/p>\n<p>Profesor de Cultura Cl\u00e1sica en la Facultad de Humanidades de la Universidad Internacional de Catalu\u00f1a. Profesor de \u00c9tica y Pr\u00e1ctica Profesional en la Escuela Superior de Dise\u00f1o de Sabadell. Formador de docentes y poseedor de important\u00edsimos premios y reconocimientos.<\/p>\n<\/div>\n","protected":false},"excerpt":{"rendered":"<p>Santo Domingo.-\u00a0El Instituto Nacional de Formaci\u00f3n T\u00e9cnico Profesional (INFOTEP)\u00a0se encuentra sumergido en un proceso de\u00a0evaluaci\u00f3n y revoluci\u00f3n de su modelo docente\u00a0para dar paso a uno m\u00e1s creativo, innovador y pertinente,&hellip; <\/p>\n","protected":false},"author":2,"featured_media":3939,"comment_status":"closed","ping_status":"closed","sticky":false,"template":"","format":"standard","meta":{"fifu_image_url":"https:\/\/i0.wp.com\/elmundodelosnegocios.com.do\/v1\/wp-content\/uploads\/2023\/07\/INFOTEP-reconocio-la-excelencia-de-29-docentes-y-formadores-de-formadores-1024x576.jpeg?resize=1024,576&ssl=1","fifu_image_alt":"Experto internacional imparte conferencia en INFOTEP con miras a revolucionar el modelo docente acorde a retos del futuro","footnotes":""},"categories":[63],"tags":[],"class_list":["post-3938","post","type-post","status-publish","format-standard","has-post-thumbnail","hentry","category-actualidad"],"_links":{"self":[{"href":"https:\/\/elmundodelapolitica.com\/v1\/wp-json\/wp\/v2\/posts\/3938","targetHints":{"allow":["GET"]}}],"collection":[{"href":"https:\/\/elmundodelapolitica.com\/v1\/wp-json\/wp\/v2\/posts"}],"about":[{"href":"https:\/\/elmundodelapolitica.com\/v1\/wp-json\/wp\/v2\/types\/post"}],"author":[{"embeddable":true,"href":"https:\/\/elmundodelapolitica.com\/v1\/wp-json\/wp\/v2\/users\/2"}],"replies":[{"embeddable":true,"href":"https:\/\/elmundodelapolitica.com\/v1\/wp-json\/wp\/v2\/comments?post=3938"}],"version-history":[{"count":0,"href":"https:\/\/elmundodelapolitica.com\/v1\/wp-json\/wp\/v2\/posts\/3938\/revisions"}],"wp:featuredmedia":[{"embeddable":true,"href":"https:\/\/elmundodelapolitica.com\/v1\/wp-json\/wp\/v2\/media\/3939"}],"wp:attachment":[{"href":"https:\/\/elmundodelapolitica.com\/v1\/wp-json\/wp\/v2\/media?parent=3938"}],"wp:term":[{"taxonomy":"category","embeddable":true,"href":"https:\/\/elmundodelapolitica.com\/v1\/wp-json\/wp\/v2\/categories?post=3938"},{"taxonomy":"post_tag","embeddable":true,"href":"https:\/\/elmundodelapolitica.com\/v1\/wp-json\/wp\/v2\/tags?post=3938"}],"curies":[{"name":"wp","href":"https:\/\/api.w.org\/{rel}","templated":true}]}}