{"id":3926,"date":"2023-07-16T11:14:08","date_gmt":"2023-07-16T15:14:08","guid":{"rendered":"https:\/\/elmundodelapolitica.com\/v1\/?p=3926"},"modified":"2023-07-16T11:14:08","modified_gmt":"2023-07-16T15:14:08","slug":"presidente-abinader-participara-en-la-iii-cumbre-ue-celac-de-jefes-de-estado-y-de-gobierno","status":"publish","type":"post","link":"https:\/\/elmundodelapolitica.com\/v1\/presidente-abinader-participara-en-la-iii-cumbre-ue-celac-de-jefes-de-estado-y-de-gobierno\/","title":{"rendered":"Presidente Abinader participara en la III Cumbre UE-CELAC de Jefes de Estado y de Gobierno"},"content":{"rendered":"<div>\n<p>Bruselas, B\u00e9lgica. \u2013 El\u00a0<strong>presidente Luis Abinader<\/strong>\u00a0lleg\u00f3 al\u00a0<strong>Aeropuerto Internacional de Bruselas<\/strong>\u00a0a las 7:35 (hora de B\u00e9lgica) de la ma\u00f1ana\u00a0de este domingo, para participar en la\u00a0<strong>III Cumbre Uni\u00f3n Europea \u2013 Comunidad de Estados Latinoamericanos y Caribe\u00f1os (UE-CELAC) de Jefes de Estado y de Gobierno.<\/strong>\u00a0<\/p>\n<div class=\"wp-block-image\">\n<figure class=\"aligncenter size-large\"><img data-attachment-id=\"30824\" data-permalink=\"https:\/\/elmundodelosnegocios.com.do\/v1\/index.php\/2023\/07\/16\/presidente-abinader-participara-en-la-iii-cumbre-ue-celac-de-jefes-de-estado-y-de-gobierno\/img_64981\/\" data-orig-file=\"https:\/\/i0.wp.com\/elmundodelosnegocios.com.do\/v1\/wp-content\/uploads\/2023\/07\/IMG_64981.jpeg?fit=1300%2C731&amp;ssl=1\" data-orig-size=\"1300,731\" data-comments-opened=\"0\" data-image-meta='{\"aperture\":\"0\",\"credit\":\"\",\"camera\":\"\",\"caption\":\"\",\"created_timestamp\":\"0\",\"copyright\":\"\",\"focal_length\":\"0\",\"iso\":\"0\",\"shutter_speed\":\"0\",\"title\":\"\",\"orientation\":\"0\"}' data-image-title=\"IMG_64981\" data-image-description=\"\" data-image-caption=\"\" data-medium-file=\"https:\/\/i0.wp.com\/elmundodelosnegocios.com.do\/v1\/wp-content\/uploads\/2023\/07\/IMG_64981.jpeg?fit=300%2C169&amp;ssl=1\" data-large-file=\"https:\/\/i0.wp.com\/elmundodelosnegocios.com.do\/v1\/wp-content\/uploads\/2023\/07\/IMG_64981.jpeg?fit=1024%2C576&amp;ssl=1\" decoding=\"async\" loading=\"lazy\" width=\"1024\" height=\"576\" src=\"https:\/\/i0.wp.com\/elmundodelosnegocios.com.do\/v1\/wp-content\/uploads\/2023\/07\/IMG_64981-1024x576.jpeg?resize=1024,576&amp;ssl=1\" alt=\"\" class=\"wp-image-30824\" srcset=\"https:\/\/i0.wp.com\/elmundodelosnegocios.com.do\/v1\/wp-content\/uploads\/2023\/07\/IMG_64981.jpeg?resize=1024%2C576&amp;ssl=1 1024w, https:\/\/i0.wp.com\/elmundodelosnegocios.com.do\/v1\/wp-content\/uploads\/2023\/07\/IMG_64981.jpeg?resize=300%2C169&amp;ssl=1 300w, https:\/\/i0.wp.com\/elmundodelosnegocios.com.do\/v1\/wp-content\/uploads\/2023\/07\/IMG_64981.jpeg?resize=768%2C432&amp;ssl=1 768w, https:\/\/i0.wp.com\/elmundodelosnegocios.com.do\/v1\/wp-content\/uploads\/2023\/07\/IMG_64981.jpeg?w=1300&amp;ssl=1 1300w\" sizes=\"auto, (max-width: 1024px) 100vw, 1024px\" data-recalc-dims=\"1\"><\/figure>\n<\/div>\n<p>A su llegada, el primer mandatario fue recibido por\u00a0<strong>representantes del gobierno del pa\u00eds belga y de la Uni\u00f3n Europea<\/strong>; Posteriormente, el personal de la embajada dominicana en B\u00e9lgica, encabezado por el\u00a0<strong>embajador Iv\u00e1n Ogando Lora<\/strong>, le dio la bienvenida en el hotel donde se hospeda.<\/p>\n<p>Aqu\u00ed se le sumaron a la delegaci\u00f3n el\u00a0<strong>canciller Roberto \u00c1lvarez<\/strong>; el viceministro de Pol\u00edtica Exterior Multilateral,\u00a0<strong>Rub\u00e9n Sili\u00e9<\/strong>\u00a0y el director de Prensa del Presidente,\u00a0<strong>Daniel Garc\u00eda Archibald<\/strong>.<\/p>\n<p>La cumbre, a realizarse este\u00a0<strong>lunes 17 y martes 18 de julio<\/strong>, es de los principales foros de di\u00e1logo y cooperaci\u00f3n entre Europa y los Estados de Am\u00e9rica Latina y el Caribe.<\/p>\n<p>La agenda oficial del presidente Abinader inicia este mismo domingo con un\u00a0<strong>almuerzo de trabajo a la 1:00 de la tarde<\/strong>\u00a0<strong>con miembros de la comitiva oficial,<\/strong>\u00a0donde participar\u00e1n el canciller, Roberto \u00c1lvarez; el viceministro de Pol\u00edtica Exterior Multilateral, Rub\u00e9n Arturo Sili\u00e9 Valdez, y el embajador dominicano en B\u00e9lgica, Iv\u00e1n Ogando.<\/p>\n<p>Luego sostendr\u00e1 un encuentro bilateral con\u00a0<strong>Ilan Goldfajn<\/strong>, presidente del\u00a0<strong>Banco Interamericano de Desarrollo (BID).<\/strong><\/p>\n<p>Tambi\u00e9n, como es su costumbre cuando visita alg\u00fan pa\u00eds, el jefe de Estado tendr\u00e1 un encuentro con la\u00a0<strong>di\u00e1spora dominicana en B\u00e9lgica.<\/strong><\/p>\n<p>El mandatario dominicano sostendr\u00e1 un encuentro bilateral con\u00a0<strong>Sergio D\u00edaz Granados<\/strong>, presidente del\u00a0<strong>Banco de Desarrollo de Am\u00e9rica Latina (CAF).<\/strong><\/p>\n<p>El gobernante viaja acompa\u00f1ado de sus asistentes\u00a0<strong>Lourdes Herrera y Eilyn Beltr\u00e1n<\/strong>, as\u00ed como del\u00a0<strong>general Jimmy Arias<\/strong>, director del Cuerpo Especializado de Seguridad Presidencial\u00a0<strong>(CUSEP)<\/strong>.<\/p>\n<p>Para el mi\u00e9rcoles 19 se tiene prevista la\u00a0salida de Bruselas\u00a0del primer mandatario dominicano.<\/p>\n<\/div>\n","protected":false},"excerpt":{"rendered":"<p>Bruselas, B\u00e9lgica. \u2013 El\u00a0presidente Luis Abinader\u00a0lleg\u00f3 al\u00a0Aeropuerto Internacional de Bruselas\u00a0a las 7:35 (hora de B\u00e9lgica) de la ma\u00f1ana\u00a0de este domingo, para participar en la\u00a0III Cumbre Uni\u00f3n Europea \u2013 Comunidad de&hellip; <\/p>\n","protected":false},"author":2,"featured_media":3927,"comment_status":"closed","ping_status":"closed","sticky":false,"template":"","format":"standard","meta":{"fifu_image_url":"https:\/\/i0.wp.com\/elmundodelosnegocios.com.do\/v1\/wp-content\/uploads\/2023\/07\/IMG_64981-1024x576.jpeg?resize=1024,576&ssl=1","fifu_image_alt":"Presidente Abinader participara en la III Cumbre UE-CELAC de Jefes de Estado y de Gobierno","footnotes":""},"categories":[63],"tags":[],"class_list":["post-3926","post","type-post","status-publish","format-standard","has-post-thumbnail","hentry","category-actualidad"],"_links":{"self":[{"href":"https:\/\/elmundodelapolitica.com\/v1\/wp-json\/wp\/v2\/posts\/3926","targetHints":{"allow":["GET"]}}],"collection":[{"href":"https:\/\/elmundodelapolitica.com\/v1\/wp-json\/wp\/v2\/posts"}],"about":[{"href":"https:\/\/elmundodelapolitica.com\/v1\/wp-json\/wp\/v2\/types\/post"}],"author":[{"embeddable":true,"href":"https:\/\/elmundodelapolitica.com\/v1\/wp-json\/wp\/v2\/users\/2"}],"replies":[{"embeddable":true,"href":"https:\/\/elmundodelapolitica.com\/v1\/wp-json\/wp\/v2\/comments?post=3926"}],"version-history":[{"count":0,"href":"https:\/\/elmundodelapolitica.com\/v1\/wp-json\/wp\/v2\/posts\/3926\/revisions"}],"wp:featuredmedia":[{"embeddable":true,"href":"https:\/\/elmundodelapolitica.com\/v1\/wp-json\/wp\/v2\/media\/3927"}],"wp:attachment":[{"href":"https:\/\/elmundodelapolitica.com\/v1\/wp-json\/wp\/v2\/media?parent=3926"}],"wp:term":[{"taxonomy":"category","embeddable":true,"href":"https:\/\/elmundodelapolitica.com\/v1\/wp-json\/wp\/v2\/categories?post=3926"},{"taxonomy":"post_tag","embeddable":true,"href":"https:\/\/elmundodelapolitica.com\/v1\/wp-json\/wp\/v2\/tags?post=3926"}],"curies":[{"name":"wp","href":"https:\/\/api.w.org\/{rel}","templated":true}]}}