{"id":3922,"date":"2023-07-16T11:24:54","date_gmt":"2023-07-16T15:24:54","guid":{"rendered":"https:\/\/elmundodelapolitica.com\/v1\/?p=3922"},"modified":"2023-07-16T11:24:55","modified_gmt":"2023-07-16T15:24:55","slug":"alcalde-mictor-fernandez-lanza-sus-aspiraciones-a-la-repostulacion-en-barahona","status":"publish","type":"post","link":"https:\/\/elmundodelapolitica.com\/v1\/alcalde-mictor-fernandez-lanza-sus-aspiraciones-a-la-repostulacion-en-barahona\/","title":{"rendered":"Alcalde Mictor Fern\u00e1ndez lanza sus aspiraciones a la repostulaci\u00f3n en Barahona"},"content":{"rendered":"\n<p>Alcalde Mictor Fern\u00e1ndez lanza sus aspiraciones a la repostulaci\u00f3n en Barahona.<\/p>\n\n\n\n<p>BARAHONA: M\u00edctor Fern\u00e1ndez, afirm\u00f3 que bajo su gesti\u00f3n en el ayuntamiento logr\u00f3 transformar este municipio en solo tres a\u00f1os, lo que ha facilitado la gobernanza municipal y la convivencia ciudadana, al presentar nuevamente sus aspiraciones a la comunidad para que sea valorada el continuar al frente del gobierno local un per\u00edodo m\u00e1s, 2024-2028.<\/p>\n\n\n\n<figure class=\"wp-block-image size-large\"><img loading=\"lazy\" decoding=\"async\" width=\"1024\" height=\"683\" src=\"https:\/\/elmundodelapolitica.com\/v1\/wp-content\/uploads\/2023\/07\/2-1024x683.jpg\" alt=\"\" class=\"wp-image-3924\" srcset=\"https:\/\/elmundodelapolitica.com\/v1\/wp-content\/uploads\/2023\/07\/2-1024x683.jpg 1024w, https:\/\/elmundodelapolitica.com\/v1\/wp-content\/uploads\/2023\/07\/2-300x200.jpg 300w, https:\/\/elmundodelapolitica.com\/v1\/wp-content\/uploads\/2023\/07\/2-768x512.jpg 768w, https:\/\/elmundodelapolitica.com\/v1\/wp-content\/uploads\/2023\/07\/2-1536x1025.jpg 1536w, https:\/\/elmundodelapolitica.com\/v1\/wp-content\/uploads\/2023\/07\/2.jpg 2048w\" sizes=\"auto, (max-width: 1024px) 100vw, 1024px\" \/><\/figure>\n\n\n\n<p>Al ofrecer el discurso ante seguidores que abarrotaron el lugar en que present\u00f3 su proyecto a seguir al frente de la alcald\u00eda, Fern\u00e1ndez, afirm\u00f3 que el cambio que experimenta el municipio es m\u00e1s que evidente y que es resaltado por los mun\u00edcipes.<\/p>\n\n\n\n<p>El ejecutivo municipal, acompa\u00f1ado de importantes altos dirigentes del partido de gobierno, como Edgar Augusto F\u00e9liz M\u00e9ndez, dijo que su gesti\u00f3n al frente del ayuntamiento, bajo una perspectiva del desarrollo econ\u00f3mico local ha impactado a cada uno de sus actores, llevando a la ciudad a un progreso econ\u00f3mico que beneficia comerciantes y empresarios, sobre todo, que se refleja en el ciudadano de a pie.<\/p>\n\n\n\n<p>\"Son esas evidentes acciones que nos indican que debemos ser, primero escogido como el candidato de nuestro partido, mediante el m\u00e9todo de elecci\u00f3n que se adopt\u00f3, ya que nos da el aval para seguir al frente de la direcci\u00f3n del gobierno municipal\", expuso el alcalde bajo la ovaci\u00f3n de sus seguidores.<\/p>\n\n\n\n<p>Llam\u00f3, asimismo, a sus compa\u00f1eros que aspiran a la candidatura a alcalde &nbsp;del PRM, a desarrollar una campa\u00f1a interna que sea capaz de lograr una mayor cohesi\u00f3n de la organizaci\u00f3n con el marcado inter\u00e9s de hacer un buen papel en las pr\u00f3ximas elecciones municipales a celebrarse en febrero de 2024, ya que la real competencia es con los candidatos de otros partidos no entre nosotros, porque el PRM es uno.<\/p>\n\n\n\n<p>Dijo que un buen desempe\u00f1o en febrero, como asegura es lo que se espera ocurra, es la antesala para que el presidente Luis Abinader contin\u00fae en el poder m\u00e1s all\u00e1 del 2024, a los fines que siga haciendo un gobierno humano enfocado en los menos pudientes y en profundizar la institucionalidad que hab\u00eda perdido Rep\u00fablica Dominicana.<\/p>\n\n\n\n<p>Su historia en el Partido Revolucionario Moderno.<\/p>\n\n\n\n<p>Fern\u00e1ndez no olvida aquel nueve de septiembre de 2014, en que se funda el Partido Revolucionario Moderno (PRM), ya que desde su origen form\u00f3 parte de la comisi\u00f3n que dio inicio a la conformaci\u00f3n en la provincia de Barahona.<\/p>\n\n\n\n<p>Record\u00f3 que la comisi\u00f3n responsable de conformar la entidad pol\u00edtica oficial estaba integrada por Jos\u00e9 Del Carmen Montero, William Ayala, Moneidy G\u00f3mez, C\u00e9sar Ulises D\u00edaz Mont\u00e1s (fallecido) y \u00e9l, en su primera convenci\u00f3n ordinaria para elegir su direcci\u00f3n ocup\u00f3 el cargo de secretario de finanzas provincial y subdirector nacional del departamento de seguridad social.<\/p>\n\n\n\n<p>\"En 2016, siendo las primeras elecciones nacionales en la que particip\u00f3 nuestro partido, fuimos precandidato a regidor y por acuerdos, renunciamos, pasando a coordinador municipal de campa\u00f1a del actual presidente Luis Abinader en las elecciones internas, ganando con el 88,3%, luego en las elecciones nacionales de ese mismo a\u00f1o pasamos a ser coordinador de campa\u00f1a del candidato a senador No\u00e9 Sterling\", rememor\u00f3 el Alcalde.<\/p>\n\n\n\n<p>En el a\u00f1o 2017, da los primeros pasos para construir un proyecto pol\u00edtico para la candidatura a Alcalde por el municipio Barahona, con el objetivo de lanzar al PRM a las calles del municipio m\u00e1s importante de la provincia Barahona y la regi\u00f3n, logrando en 2019 convertirse en candidato oficial de la entidad pol\u00edtica.<\/p>\n\n\n\n<p>\"Mediante un trabajo estrat\u00e9gico POL\u00cdTICO\/ELECTORAL y con el eslogan \u00a1Levantemos a Barahona! fuimos elegidos por la voluntad del pueblo como Alcalde del Municipio Barahona, cuyos n\u00fameros est\u00e1n ah\u00ed, al igual que el trabajo que hemos realizado, lo que nos da moral suficiente para continuar al frente de la Alcald\u00eda\", expuso.<\/p>\n\n\n\n<p>En la &nbsp;funci\u00f3n de Alcalde.<\/p>\n\n\n\n<p>Fern\u00e1ndez, dijo que una vez Alcalde, logra ser electo presidente de la Asociaci\u00f3n de Municipios de la Regi\u00f3n Enriquillo (ASOMURE), en el a\u00f1o 2022.<\/p>\n\n\n\n<p>&nbsp;Adem\u00e1s, record\u00f3 que present\u00f3 sus aspiraciones a la secretar\u00eda general provincial del PRM, posici\u00f3n que obtuvo, tras resultar favorecido con el voto directo de los miembros con derecho al sufragio, cargo que ocupa actualmente.<\/p>\n","protected":false},"excerpt":{"rendered":"<p>Alcalde Mictor Fern\u00e1ndez lanza sus aspiraciones a la repostulaci\u00f3n en Barahona. BARAHONA: M\u00edctor Fern\u00e1ndez, afirm\u00f3 que bajo su gesti\u00f3n en el ayuntamiento logr\u00f3 transformar este municipio en solo tres a\u00f1os,&hellip; <\/p>\n","protected":false},"author":2,"featured_media":3923,"comment_status":"closed","ping_status":"closed","sticky":false,"template":"","format":"standard","meta":{"fifu_image_url":"","fifu_image_alt":"","footnotes":""},"categories":[12],"tags":[],"class_list":["post-3922","post","type-post","status-publish","format-standard","has-post-thumbnail","hentry","category-agenda-politica"],"_links":{"self":[{"href":"https:\/\/elmundodelapolitica.com\/v1\/wp-json\/wp\/v2\/posts\/3922","targetHints":{"allow":["GET"]}}],"collection":[{"href":"https:\/\/elmundodelapolitica.com\/v1\/wp-json\/wp\/v2\/posts"}],"about":[{"href":"https:\/\/elmundodelapolitica.com\/v1\/wp-json\/wp\/v2\/types\/post"}],"author":[{"embeddable":true,"href":"https:\/\/elmundodelapolitica.com\/v1\/wp-json\/wp\/v2\/users\/2"}],"replies":[{"embeddable":true,"href":"https:\/\/elmundodelapolitica.com\/v1\/wp-json\/wp\/v2\/comments?post=3922"}],"version-history":[{"count":1,"href":"https:\/\/elmundodelapolitica.com\/v1\/wp-json\/wp\/v2\/posts\/3922\/revisions"}],"predecessor-version":[{"id":3925,"href":"https:\/\/elmundodelapolitica.com\/v1\/wp-json\/wp\/v2\/posts\/3922\/revisions\/3925"}],"wp:featuredmedia":[{"embeddable":true,"href":"https:\/\/elmundodelapolitica.com\/v1\/wp-json\/wp\/v2\/media\/3923"}],"wp:attachment":[{"href":"https:\/\/elmundodelapolitica.com\/v1\/wp-json\/wp\/v2\/media?parent=3922"}],"wp:term":[{"taxonomy":"category","embeddable":true,"href":"https:\/\/elmundodelapolitica.com\/v1\/wp-json\/wp\/v2\/categories?post=3922"},{"taxonomy":"post_tag","embeddable":true,"href":"https:\/\/elmundodelapolitica.com\/v1\/wp-json\/wp\/v2\/tags?post=3922"}],"curies":[{"name":"wp","href":"https:\/\/api.w.org\/{rel}","templated":true}]}}