{"id":392,"date":"2022-06-21T01:39:20","date_gmt":"2022-06-21T05:39:20","guid":{"rendered":"http:\/\/www.elmundodelapolitica.com\/v2\/?p=25530"},"modified":"2022-06-21T01:39:20","modified_gmt":"2022-06-21T05:39:20","slug":"activa-prm-respaldo-abinader-certificados-y-plantean-fulcar-director-estrategia","status":"publish","type":"post","link":"https:\/\/elmundodelapolitica.com\/v1\/activa-prm-respaldo-abinader-certificados-y-plantean-fulcar-director-estrategia\/","title":{"rendered":"Activa PRM respaldo Abinader, certificados y plantean Fulcar Director Estrategia"},"content":{"rendered":"\n<p>Santo Domingo, R.D. Junio 2022.\u00a0 La militancia y alta direcci\u00f3n del Partido Revolucionario Moderno manifest\u00f3 su completo apoyo a la gesti\u00f3n de gobierno del presidente Luis Abinader, entreg\u00f3 certificados a los dirigentes electos y activ\u00f3 su principal activo en materia de estrategia de campa\u00f1a y qui\u00e9n fuera el jefe de campa\u00f1a presidencial Roberto Fulcar, a quien propusieron como presidente de la Comisi\u00f3n Nacional de Estrategia.\u00a0<\/p>\n\n\n\n<p><br>En el acto de entrega de certificados a los miembros de la direcci\u00f3n pol\u00edtica, el presidente del PRM, Jos\u00e9 Ignacio Paliza destac\u00f3 los aportes de Roberto Fulcar y de C\u00e9sar Cede\u00f1o, proponiendo al primero para presidir la\u00a0 Comisi\u00f3n Nacional de Estrategia del Partido. Fulcar fue el jefe de campa\u00f1a del pasado proceso electoral del 2020, un inteligente comunicador pol\u00edtico de amplio arraigo en el seno de esa organizaci\u00f3n, y el gestor de importantes estrategias que fueon claves para la victoria al PRM.\u00a0<\/p>\n\n\n\n<p><br>Deligne Ascenci\u00f3n, coordinador de la Comisi\u00f3n Organizadora de la Convenci\u00f3n, entreg\u00f3 los certificados de elecci\u00f3n a Jos\u00e9 Paliza y Carolina Mej\u00eda como presidente y secretaria general respectivamente; as\u00ed como a\u00a0 tres vicepresidentes y tres subsecretarios generales.<\/p>\n","protected":false},"excerpt":{"rendered":"<p>Santo Domingo, R.D. Junio 2022.\u00a0 La militancia y alta direcci\u00f3n del Partido Revolucionario Moderno manifest\u00f3 su completo apoyo a la gesti\u00f3n de gobierno del presidente Luis Abinader, entreg\u00f3 certificados a&hellip; <\/p>\n","protected":false},"author":2,"featured_media":393,"comment_status":"closed","ping_status":"open","sticky":false,"template":"","format":"standard","meta":{"fifu_image_url":"","fifu_image_alt":"","footnotes":""},"categories":[5],"tags":[],"class_list":["post-392","post","type-post","status-publish","format-standard","has-post-thumbnail","hentry","category-partidos"],"_links":{"self":[{"href":"https:\/\/elmundodelapolitica.com\/v1\/wp-json\/wp\/v2\/posts\/392","targetHints":{"allow":["GET"]}}],"collection":[{"href":"https:\/\/elmundodelapolitica.com\/v1\/wp-json\/wp\/v2\/posts"}],"about":[{"href":"https:\/\/elmundodelapolitica.com\/v1\/wp-json\/wp\/v2\/types\/post"}],"author":[{"embeddable":true,"href":"https:\/\/elmundodelapolitica.com\/v1\/wp-json\/wp\/v2\/users\/2"}],"replies":[{"embeddable":true,"href":"https:\/\/elmundodelapolitica.com\/v1\/wp-json\/wp\/v2\/comments?post=392"}],"version-history":[{"count":0,"href":"https:\/\/elmundodelapolitica.com\/v1\/wp-json\/wp\/v2\/posts\/392\/revisions"}],"wp:featuredmedia":[{"embeddable":true,"href":"https:\/\/elmundodelapolitica.com\/v1\/wp-json\/wp\/v2\/media\/393"}],"wp:attachment":[{"href":"https:\/\/elmundodelapolitica.com\/v1\/wp-json\/wp\/v2\/media?parent=392"}],"wp:term":[{"taxonomy":"category","embeddable":true,"href":"https:\/\/elmundodelapolitica.com\/v1\/wp-json\/wp\/v2\/categories?post=392"},{"taxonomy":"post_tag","embeddable":true,"href":"https:\/\/elmundodelapolitica.com\/v1\/wp-json\/wp\/v2\/tags?post=392"}],"curies":[{"name":"wp","href":"https:\/\/api.w.org\/{rel}","templated":true}]}}