{"id":388,"date":"2022-06-21T01:42:47","date_gmt":"2022-06-21T05:42:47","guid":{"rendered":"http:\/\/www.elmundodelapolitica.com\/v2\/?p=25536"},"modified":"2022-06-21T01:42:47","modified_gmt":"2022-06-21T05:42:47","slug":"en-filadelfia-celebran-misa-memoria-orlando-jorge-mera","status":"publish","type":"post","link":"https:\/\/elmundodelapolitica.com\/v1\/en-filadelfia-celebran-misa-memoria-orlando-jorge-mera\/","title":{"rendered":"En Filadelfia celebran misa memoria Orlando Jorge Mera"},"content":{"rendered":"\n<p><strong>Filadelfia<\/strong>, EE.UU.- Junio 2022.-&nbsp;La comunidad dominicana radicada en esta ciudad de Filadefia, estado de Pensilvania, Estados Unidos, celebr\u00f3 este domingo un ceremonial en memoria del malogrado ministro de Medioambiente Orlando Jorge Mera, quien perdi\u00f3 la vida el pasado 6 de junio.<\/p>\n\n\n\n<p>La misa, celebrada en la iglesia Visitation BVM Roman Catholic Parish, cont\u00f3 con la presencia de una amplia representaci\u00f3n de la comunidad dominicana, as\u00ed como personalidades de esta ciudad.<\/p>\n\n\n\n<p>Tomasina Sosa, encargada de Codesarrollo del&nbsp;Instituto de Dominicanos y Dominicanas en el Exterior, hablando a nombre de la comunidad, expres\u00f3 la consternaci\u00f3n que ha provocado la muerte tr\u00e1gica de Jorge Mera, al tiempo de destacar que el ministro \u201cperdi\u00f3 su vida en el honrroso ejercicio de sus funciones, defendiendo el patrimonio ambiental del pa\u00eds\u201d.<\/p>\n\n\n\n<p>\u201cLos dominicanos y dominicanas en Filadelfia expresamos nuestras sentidas condolencias a las familias Jorge Villegas, Jorge Mera y dem\u00e1s familiares, tanto en Republica Dominicana como en el exterior del pa\u00eds. Hoy m\u00e1s que nunca recordamos la frase \u201clas armas no son para ofender, sino para defender\u201d, que enarbolara Salvador Jorge Blanco, expresidente de la Republica Dominicana, 1982-1986, y padre de Orlando Jorge Mera\u201d, expres\u00f3 Sosa durante la ceremonia.<\/p>\n\n\n\n<p>En en el estado de Pensilvania residen m\u00e1s de 200 mil dominicanos, representando alrededor de un 7% de la poblaci\u00f3n, siendo la segunda comunidad en importancia, detr\u00e1s de la puertorrique\u00f1a. La comunidad dominicana se ha integrado a esta urbe en el comercio, con m\u00e1s de 1,500 peluquer\u00edas y salones de belleza, unas 2 mil bodegas, l\u00edneas de taxi, restaurantes, entre otros renglones de la econom\u00eda.<\/p>\n","protected":false},"excerpt":{"rendered":"<p>Filadelfia, EE.UU.- Junio 2022.-&nbsp;La comunidad dominicana radicada en esta ciudad de Filadefia, estado de Pensilvania, Estados Unidos, celebr\u00f3 este domingo un ceremonial en memoria del malogrado ministro de Medioambiente Orlando&hellip; <\/p>\n","protected":false},"author":2,"featured_media":389,"comment_status":"closed","ping_status":"open","sticky":false,"template":"","format":"standard","meta":{"fifu_image_url":"","fifu_image_alt":"","footnotes":""},"categories":[60],"tags":[],"class_list":["post-388","post","type-post","status-publish","format-standard","has-post-thumbnail","hentry","category-comunidad"],"_links":{"self":[{"href":"https:\/\/elmundodelapolitica.com\/v1\/wp-json\/wp\/v2\/posts\/388","targetHints":{"allow":["GET"]}}],"collection":[{"href":"https:\/\/elmundodelapolitica.com\/v1\/wp-json\/wp\/v2\/posts"}],"about":[{"href":"https:\/\/elmundodelapolitica.com\/v1\/wp-json\/wp\/v2\/types\/post"}],"author":[{"embeddable":true,"href":"https:\/\/elmundodelapolitica.com\/v1\/wp-json\/wp\/v2\/users\/2"}],"replies":[{"embeddable":true,"href":"https:\/\/elmundodelapolitica.com\/v1\/wp-json\/wp\/v2\/comments?post=388"}],"version-history":[{"count":0,"href":"https:\/\/elmundodelapolitica.com\/v1\/wp-json\/wp\/v2\/posts\/388\/revisions"}],"wp:featuredmedia":[{"embeddable":true,"href":"https:\/\/elmundodelapolitica.com\/v1\/wp-json\/wp\/v2\/media\/389"}],"wp:attachment":[{"href":"https:\/\/elmundodelapolitica.com\/v1\/wp-json\/wp\/v2\/media?parent=388"}],"wp:term":[{"taxonomy":"category","embeddable":true,"href":"https:\/\/elmundodelapolitica.com\/v1\/wp-json\/wp\/v2\/categories?post=388"},{"taxonomy":"post_tag","embeddable":true,"href":"https:\/\/elmundodelapolitica.com\/v1\/wp-json\/wp\/v2\/tags?post=388"}],"curies":[{"name":"wp","href":"https:\/\/api.w.org\/{rel}","templated":true}]}}