{"id":3875,"date":"2023-07-10T17:44:26","date_gmt":"2023-07-10T21:44:26","guid":{"rendered":"https:\/\/elmundodelapolitica.com\/v1\/?p=3875"},"modified":"2023-07-10T17:44:26","modified_gmt":"2023-07-10T21:44:26","slug":"mercado-de-valores-de-rd-mantiene-dinamismo-durante-primera-mitad-del-ano","status":"publish","type":"post","link":"https:\/\/elmundodelapolitica.com\/v1\/mercado-de-valores-de-rd-mantiene-dinamismo-durante-primera-mitad-del-ano\/","title":{"rendered":"Mercado de valores de RD mantiene dinamismo durante primera mitad del a\u00f1o"},"content":{"rendered":"<div>\n<p>Santo Domingo.-\u00a0<strong>La Superintendencia del Mercado de Valores (SIMV)<\/strong>\u00a0inform\u00f3 que los principales indicadores de desempe\u00f1o del mercado de valores han evidenciado\u00a0<strong>niveles importantes,\u00a0<\/strong>exhibiendo\u00a0<strong>dinamismo en la primera mitad del a\u00f1o 2023.<\/strong><\/p>\n<div class=\"wp-block-image\">\n<figure class=\"aligncenter size-large\"><img data-attachment-id=\"30773\" data-permalink=\"https:\/\/elmundodelosnegocios.com.do\/v1\/index.php\/2023\/07\/10\/mercado-de-valores-de-rd-mantiene-dinamismo-durante-primera-mitad-del-ano\/simv\/\" data-orig-file=\"https:\/\/i0.wp.com\/elmundodelosnegocios.com.do\/v1\/wp-content\/uploads\/2023\/07\/SIMV.jpeg?fit=1300%2C731&amp;ssl=1\" data-orig-size=\"1300,731\" data-comments-opened=\"0\" data-image-meta='{\"aperture\":\"0\",\"credit\":\"\",\"camera\":\"\",\"caption\":\"\",\"created_timestamp\":\"0\",\"copyright\":\"\",\"focal_length\":\"0\",\"iso\":\"0\",\"shutter_speed\":\"0\",\"title\":\"\",\"orientation\":\"0\"}' data-image-title=\"SIMV\" data-image-description=\"\" data-image-caption=\"\" data-medium-file=\"https:\/\/i0.wp.com\/elmundodelosnegocios.com.do\/v1\/wp-content\/uploads\/2023\/07\/SIMV.jpeg?fit=300%2C169&amp;ssl=1\" data-large-file=\"https:\/\/i0.wp.com\/elmundodelosnegocios.com.do\/v1\/wp-content\/uploads\/2023\/07\/SIMV.jpeg?fit=1024%2C576&amp;ssl=1\" decoding=\"async\" loading=\"lazy\" width=\"1024\" height=\"576\" src=\"https:\/\/i0.wp.com\/elmundodelosnegocios.com.do\/v1\/wp-content\/uploads\/2023\/07\/SIMV-1024x576.jpeg?resize=1024,576&amp;ssl=1\" alt=\"\" class=\"wp-image-30773\" srcset=\"https:\/\/i0.wp.com\/elmundodelosnegocios.com.do\/v1\/wp-content\/uploads\/2023\/07\/SIMV.jpeg?resize=1024%2C576&amp;ssl=1 1024w, https:\/\/i0.wp.com\/elmundodelosnegocios.com.do\/v1\/wp-content\/uploads\/2023\/07\/SIMV.jpeg?resize=300%2C169&amp;ssl=1 300w, https:\/\/i0.wp.com\/elmundodelosnegocios.com.do\/v1\/wp-content\/uploads\/2023\/07\/SIMV.jpeg?resize=768%2C432&amp;ssl=1 768w, https:\/\/i0.wp.com\/elmundodelosnegocios.com.do\/v1\/wp-content\/uploads\/2023\/07\/SIMV.jpeg?w=1300&amp;ssl=1 1300w\" sizes=\"auto, (max-width: 1024px) 100vw, 1024px\" data-recalc-dims=\"1\"><\/figure>\n<\/div>\n<p>El n\u00famero de nuevos inversionistas en el mercado de valores creci\u00f3 a un ritmo promedio de 990 mensualmente entre enero y junio de 2023.<\/p>\n<p>Esto significa que\u00a0<strong>se sumaron 5,940 nuevos inversionistas\u00a0<\/strong>al mercado de valores durante lo que va del a\u00f1o. Existen\u00a0<strong>118,001 inversionistas con 133,189 cuentas abiertas\u00a0<\/strong>al cierre de junio.\u00a0<\/p>\n<p>Mientras que los\u00a0<strong>aportantes de los fondos de inversi\u00f3n<\/strong>\u00a0tambi\u00e9n han aumentado, totalizando\u00a0<strong>33,661<\/strong>\u00a0al 30 de junio de 2023.<img decoding=\"async\" loading=\"lazy\" src=\"https:\/\/i0.wp.com\/presidencia.gob.do\/sites\/default\/files\/inline-images\/WhatsApp Image 2023-07-10 at 10.34.37 AM(1).jpeg?resize=1110,624&amp;ssl=1\" width=\"1110\" height=\"624\" data-recalc-dims=\"1\">En cuanto a la formaci\u00f3n de capital, la Superintendencia anunci\u00f3 que ha autorizado\u00a0<strong>9 ofertas p\u00fablicas de valores, por 23,572.6 millones de pesos.\u00a0<\/strong><\/p>\n<p>Dichas ofertas incluyen emisiones de bonos corporativos, colocaciones de fondos de inversi\u00f3n y de fideicomisos de renta variable, as\u00ed como una emblem\u00e1tica emisi\u00f3n de bonos verdes.\u00a0<\/p>\n<p>Por su lado, el\u00a0<strong>patrimonio bajo administraci\u00f3n de los fondos de inversi\u00f3n ha aumentado a 163,768 millones de pesos\u00a0<\/strong>al 30 de junio de 2023. Un repunte de 14,111 millones en seis meses.\u00a0<\/p>\n<p>Mientras que los activos de los puestos de bolsa alcanzaron su\u00a0<strong>m\u00e1ximo hist\u00f3rico de 186,976 millones de pesos<\/strong>\u00a0al cierre de mayo, con un patrimonio agregado de\u00a0\u00a023,378 millones, que evidencia niveles adecuados de capitalizaci\u00f3n y de absorci\u00f3n de p\u00e9rdidas.\u00a0<\/p>\n<p>La Superintendencia anticipa que la segunda mitad del a\u00f1o estar\u00e1\u00a0<strong>incidida positivamente por la reducci\u00f3n de la tasa de pol\u00edtica monetaria del Banco Central<\/strong>, lo cual se espera que estimule nuevas emisiones de valores.\u00a0<\/p>\n<p>Igualmente, la anticipada primera colocaci\u00f3n de acciones se espera durante el segundo semestre del a\u00f1o, constituyendo un\u00a0<strong>hito para la formaci\u00f3n de capital accionario en nuestro pa\u00eds.<\/strong><\/p>\n<\/div>\n","protected":false},"excerpt":{"rendered":"<p>Santo Domingo.-\u00a0La Superintendencia del Mercado de Valores (SIMV)\u00a0inform\u00f3 que los principales indicadores de desempe\u00f1o del mercado de valores han evidenciado\u00a0niveles importantes,\u00a0exhibiendo\u00a0dinamismo en la primera mitad del a\u00f1o 2023. El n\u00famero&hellip; <\/p>\n","protected":false},"author":2,"featured_media":3876,"comment_status":"closed","ping_status":"closed","sticky":false,"template":"","format":"standard","meta":{"fifu_image_url":"https:\/\/i0.wp.com\/elmundodelosnegocios.com.do\/v1\/wp-content\/uploads\/2023\/07\/SIMV-1024x576.jpeg?resize=1024,576&ssl=1","fifu_image_alt":"Mercado de valores de RD mantiene dinamismo durante primera mitad del a\u00f1o","footnotes":""},"categories":[63],"tags":[],"class_list":["post-3875","post","type-post","status-publish","format-standard","has-post-thumbnail","hentry","category-actualidad"],"_links":{"self":[{"href":"https:\/\/elmundodelapolitica.com\/v1\/wp-json\/wp\/v2\/posts\/3875","targetHints":{"allow":["GET"]}}],"collection":[{"href":"https:\/\/elmundodelapolitica.com\/v1\/wp-json\/wp\/v2\/posts"}],"about":[{"href":"https:\/\/elmundodelapolitica.com\/v1\/wp-json\/wp\/v2\/types\/post"}],"author":[{"embeddable":true,"href":"https:\/\/elmundodelapolitica.com\/v1\/wp-json\/wp\/v2\/users\/2"}],"replies":[{"embeddable":true,"href":"https:\/\/elmundodelapolitica.com\/v1\/wp-json\/wp\/v2\/comments?post=3875"}],"version-history":[{"count":0,"href":"https:\/\/elmundodelapolitica.com\/v1\/wp-json\/wp\/v2\/posts\/3875\/revisions"}],"wp:featuredmedia":[{"embeddable":true,"href":"https:\/\/elmundodelapolitica.com\/v1\/wp-json\/wp\/v2\/media\/3876"}],"wp:attachment":[{"href":"https:\/\/elmundodelapolitica.com\/v1\/wp-json\/wp\/v2\/media?parent=3875"}],"wp:term":[{"taxonomy":"category","embeddable":true,"href":"https:\/\/elmundodelapolitica.com\/v1\/wp-json\/wp\/v2\/categories?post=3875"},{"taxonomy":"post_tag","embeddable":true,"href":"https:\/\/elmundodelapolitica.com\/v1\/wp-json\/wp\/v2\/tags?post=3875"}],"curies":[{"name":"wp","href":"https:\/\/api.w.org\/{rel}","templated":true}]}}