{"id":3869,"date":"2023-07-10T17:31:47","date_gmt":"2023-07-10T21:31:47","guid":{"rendered":"https:\/\/elmundodelapolitica.com\/v1\/?p=3869"},"modified":"2023-07-10T17:31:47","modified_gmt":"2023-07-10T21:31:47","slug":"avanza-rd-en-la-transformacion-del-sector-energetico-cumpliendo-con-pacto-electrico","status":"publish","type":"post","link":"https:\/\/elmundodelapolitica.com\/v1\/avanza-rd-en-la-transformacion-del-sector-energetico-cumpliendo-con-pacto-electrico\/","title":{"rendered":"Avanza RD en la transformaci\u00f3n del sector energ\u00e9tico cumpliendo con Pacto El\u00e9ctrico"},"content":{"rendered":"<div>\n<p>Santo Domingo.-\u00a0<strong>El ministro de Energ\u00eda y Minas (MEM), Antonio Almonte,<\/strong>\u00a0present\u00f3 ante el\u00a0<strong>Consejo Econ\u00f3mico y Social<\/strong>\u00a0los avances y las transformaciones institucionales que ha experimentado el sector el\u00e9ctrico\u00a0<strong>tras la firma del Pacto El\u00e9ctrico<\/strong>, contribuyendo as\u00ed a lograr un\u00a0<strong>servicio m\u00e1s estable, robusto y a menor costo.<\/strong><\/p>\n<div class=\"wp-block-image\">\n<figure class=\"aligncenter size-large\"><img data-attachment-id=\"30765\" data-permalink=\"https:\/\/elmundodelosnegocios.com.do\/v1\/index.php\/2023\/07\/10\/avanza-rd-en-la-transformacion-del-sector-energetico-cumpliendo-con-pacto-electrico\/4-1-7\/\" data-orig-file=\"https:\/\/i0.wp.com\/elmundodelosnegocios.com.do\/v1\/wp-content\/uploads\/2023\/07\/4-1.jpg?fit=1300%2C731&amp;ssl=1\" data-orig-size=\"1300,731\" data-comments-opened=\"0\" data-image-meta='{\"aperture\":\"0\",\"credit\":\"\",\"camera\":\"\",\"caption\":\"\",\"created_timestamp\":\"0\",\"copyright\":\"\",\"focal_length\":\"0\",\"iso\":\"0\",\"shutter_speed\":\"0\",\"title\":\"\",\"orientation\":\"0\"}' data-image-title=\"4-1\" data-image-description=\"\" data-image-caption=\"\" data-medium-file=\"https:\/\/i0.wp.com\/elmundodelosnegocios.com.do\/v1\/wp-content\/uploads\/2023\/07\/4-1.jpg?fit=300%2C169&amp;ssl=1\" data-large-file=\"https:\/\/i0.wp.com\/elmundodelosnegocios.com.do\/v1\/wp-content\/uploads\/2023\/07\/4-1.jpg?fit=1024%2C576&amp;ssl=1\" decoding=\"async\" loading=\"lazy\" width=\"1024\" height=\"576\" src=\"https:\/\/i0.wp.com\/elmundodelosnegocios.com.do\/v1\/wp-content\/uploads\/2023\/07\/4-1-1024x576.jpg?resize=1024,576&amp;ssl=1\" alt=\"\" class=\"wp-image-30765\" srcset=\"https:\/\/i0.wp.com\/elmundodelosnegocios.com.do\/v1\/wp-content\/uploads\/2023\/07\/4-1.jpg?resize=1024%2C576&amp;ssl=1 1024w, https:\/\/i0.wp.com\/elmundodelosnegocios.com.do\/v1\/wp-content\/uploads\/2023\/07\/4-1.jpg?resize=300%2C169&amp;ssl=1 300w, https:\/\/i0.wp.com\/elmundodelosnegocios.com.do\/v1\/wp-content\/uploads\/2023\/07\/4-1.jpg?resize=768%2C432&amp;ssl=1 768w, https:\/\/i0.wp.com\/elmundodelosnegocios.com.do\/v1\/wp-content\/uploads\/2023\/07\/4-1.jpg?w=1300&amp;ssl=1 1300w\" sizes=\"auto, (max-width: 1024px) 100vw, 1024px\" data-recalc-dims=\"1\"><\/figure>\n<\/div>\n<p>Durante su amplia exposici\u00f3n, el ministro Almonte expres\u00f3 que hasta el momento han cumplido con alrededor de un\u00a0<strong>50 % de los puntos consensuados<\/strong>\u00a0en la firma del Pacto, estimando que al final de los\u00a0<strong>seis a\u00f1os<\/strong>\u00a0previstos para la implementaci\u00f3n del acuerdo, se hayan cumplido\u00a0<strong>casi todos los compromisos y acciones<\/strong>\u00a0para la transformaci\u00f3n del sistema el\u00e9ctrico nacional.\u00a0<\/p>\n<p><em>\u201cLo importante en todo esto es que, como se ve, hay un buen avance en el cumplimiento de los compromisos, pero faltan otros, y esos que faltan se est\u00e1n trabajando, porque hay puntos de ese pacto que requieren tiempo. Tenemos un horizonte de seis a\u00f1os de pacto y todav\u00eda nos faltan cuatro, lo que quiere decir que vamos a buen ritmo\u201d,<\/em>\u00a0dijo.<\/p>\n<p>Explic\u00f3 que los compromisos del acuerdo est\u00e1n distribuidos entre\u00a0<strong>todas las instituciones del Estado vinculadas al sector el\u00e9ctrico<\/strong>\u00a0y que, en el caso del\u00a0<strong>Ministerio de Energ\u00eda y Minas<\/strong>, este ha cumplido\u00a0<strong>16 compromisos de los 24 que le fueron asignados<\/strong>\u00a0en el documento firmado el 25 de febrero del 2021.<\/p>\n<p><em>\u201cHay muchas cosas que se han cumplido. Es posible que haya faltado explicaci\u00f3n a la sociedad por parte nuestra, pero son muchas cosas que se han hecho y que se est\u00e1n cumpliendo y tenemos un monitoreo; adem\u00e1s, hemos entregado al CES las evidencias de las cosas que hemos logrado\u201d,<\/em>\u00a0agreg\u00f3.<\/p>\n<div class=\"wp-block-image\">\n<figure class=\"aligncenter\"><img decoding=\"async\" src=\"https:\/\/i0.wp.com\/presidencia.gob.do\/sites\/default\/files\/inline-images\/Reuni\u00f3n avances del Pacto El\u00e9ctrico.jpg?w=1110&amp;ssl=1\" alt=\"\" data-recalc-dims=\"1\"><\/figure>\n<\/div>\n<p>Resalt\u00f3 que\u00a0<strong>la actual gesti\u00f3n, encabezada por el presidente Luis Abinader<\/strong>, logr\u00f3 desde su primer trimestre abastecer en un\u00a0<strong>98 % la demanda de electricidad de la poblaci\u00f3n<\/strong>, siendo uno de los puntos cumplidos del pacto.\u00a0<em>\u201cAntes de nosotros llegar al Gobierno, ten\u00edamos un 85 % el abastecimiento de la demanda y el restante 15 % se distribu\u00eda en apagones diarios en diferentes puntos del pa\u00eds\u201d.<\/em><\/p>\n<p>Entre los puntos cumplidos, Almonte se\u00f1al\u00f3 que han logrado una gran participaci\u00f3n en el sistema el\u00e9ctrico de\u00a0<strong>m\u00e1s de 970 megavatios de energ\u00edas renovables,<\/strong>\u00a0lo que ha diversificado la matriz de generaci\u00f3n, produciendo\u00a0<strong>energ\u00eda a menor precio y amigable con el medioambiente.<\/strong><\/p>\n<p>Reiter\u00f3 que en la actualidad se encuentran en construcci\u00f3n\u00a0<strong>16 nuevos proyectos de energ\u00edas limpias<\/strong>\u00a0y entrar\u00e1n al sistema en el transcurso del a\u00f1o. La energ\u00eda producida ayudar\u00e1 al pa\u00eds a\u00a0<strong>reducir la dependencia de la importaci\u00f3n de combustibles f\u00f3siles<\/strong>\u00a0para garantizar la seguridad energ\u00e9tica.<\/p>\n<p>En cuanto a las transformaciones institucionales para mejorar el sistema el\u00e9ctrico, Almonte cit\u00f3 la\u00a0<strong>eliminaci\u00f3n de la CDEEE, la creaci\u00f3n de la Empresa Generadora Punta Catalina y la transformaci\u00f3n de la UERS<\/strong>, que ahora es una direcci\u00f3n del MEM. Los cambios se produjeron con base en la\u00a0<strong>Ley n\u00fam. 355-22<\/strong>, que dispone la supresi\u00f3n de la CDEEE y se hicieron en menos de dos a\u00f1os.\u00a0<\/p>\n<p>Tambi\u00e9n se\u00f1al\u00f3 la emisi\u00f3n del\u00a0<strong>Decreto\u00a0<\/strong><a href=\"https:\/\/presidencia.gob.do\/decretos\/158-23\"><strong>158-23<\/strong><\/a><strong>\u00a0sobre Ahorro y Eficiencia Energ\u00e9tica,<\/strong>\u00a0para modificar el reglamento de la Ley de Incentivos a las Energ\u00edas Renovables.<\/p>\n<p>El ministro mostr\u00f3 tambi\u00e9n al Congreso un anteproyecto de ley para la\u00a0<strong>actualizaci\u00f3n del<\/strong>\u00a0<strong>marco legal del mercado el\u00e9ctrico dominicano.<\/strong><\/p>\n<p>Asimismo, expres\u00f3 que uno de los retos que tiene el Gobierno en materia el\u00e9ctrica es\u00a0<strong>reducir significativamente el d\u00e9ficit de las Empresas Distribuidoras de Electricidad (EDE)<\/strong>, en las cuales hay que hacer inversiones en materiales, contadores, transformadores y equipos para reducir las p\u00e9rdidas el\u00e9ctricas y, por consiguiente, elevar\u00a0<strong>el nivel de cobranza<\/strong>\u00a0a los consumidores.<\/p>\n<p><em>\u201cEn el a\u00f1o pasado, hubo una subida de los precios de los combustibles por el conflicto b\u00e9lico entre Rusia y Ucrania y las EDE compraban la energ\u00eda a las generadoras m\u00e1s cara, pero esas alzas las distribuidoras no se la transfirieron a sus clientes (la poblaci\u00f3n), es decir, que vend\u00edan la energ\u00eda al mismo precio que les compraban a las generadoras; eso le provoc\u00f3 un d\u00e9ficit\u201d,<\/em>\u00a0sostuvo Almonte durante su exposici\u00f3n en el edificio del CES, la cual se realiz\u00f3 de forma presencial y virtual.<\/p>\n<p>El funcionario manifest\u00f3 que, aunque el Pacto El\u00e9ctrico establece un\u00a0<strong>aumento gradual de la factura el\u00e9ctrica\u00a0<\/strong>para que las EDE puedan ser autosuficientes, el\u00a0<strong>Gobierno fren\u00f3 esas alzas para evitar inflaci\u00f3n\u00a0<\/strong>en los precios de los productos y que esto no desencadenara en una crisis.<\/p>\n<p>Explic\u00f3 que el sistema el\u00e9ctrico est\u00e1 inmerso en la transici\u00f3n energ\u00e9tica con fuentes renovables y tiene en plan la\u00a0<strong>colocaci\u00f3n de paneles solares en las instituciones del Estado<\/strong>, a fin reducir la dependencia de los combustibles f\u00f3siles, lo que se traducir\u00e1 en un ahorro en la compra de energ\u00eda.<\/p>\n<p>El ministro Almonte estuvo acompa\u00f1ado por los viceministros\u00a0<strong>Alfonso Rodr\u00edguez y Rafael G\u00f3mez<\/strong>, as\u00ed como\u00a0<strong>Freddy Lara<\/strong>, asesor del MEM.<\/p>\n<p>Tambi\u00e9n se dieron cita, Rafael Toribio, presidente del CES; Elisa Elena Gonz\u00e1lez, asesora t\u00e9cnica, y Juli\u00e1n Mart\u00ednez, entre otros representantes del sector laboral, empresarial y social.<\/p>\n<\/div>\n","protected":false},"excerpt":{"rendered":"<p>Santo Domingo.-\u00a0El ministro de Energ\u00eda y Minas (MEM), Antonio Almonte,\u00a0present\u00f3 ante el\u00a0Consejo Econ\u00f3mico y Social\u00a0los avances y las transformaciones institucionales que ha experimentado el sector el\u00e9ctrico\u00a0tras la firma del Pacto&hellip; <\/p>\n","protected":false},"author":2,"featured_media":3870,"comment_status":"closed","ping_status":"closed","sticky":false,"template":"","format":"standard","meta":{"fifu_image_url":"https:\/\/i0.wp.com\/elmundodelosnegocios.com.do\/v1\/wp-content\/uploads\/2023\/07\/4-1-1024x576.jpg?resize=1024,576&ssl=1","fifu_image_alt":"Avanza RD en la transformaci\u00f3n del sector energ\u00e9tico cumpliendo con Pacto El\u00e9ctrico","footnotes":""},"categories":[63],"tags":[],"class_list":["post-3869","post","type-post","status-publish","format-standard","has-post-thumbnail","hentry","category-actualidad"],"_links":{"self":[{"href":"https:\/\/elmundodelapolitica.com\/v1\/wp-json\/wp\/v2\/posts\/3869","targetHints":{"allow":["GET"]}}],"collection":[{"href":"https:\/\/elmundodelapolitica.com\/v1\/wp-json\/wp\/v2\/posts"}],"about":[{"href":"https:\/\/elmundodelapolitica.com\/v1\/wp-json\/wp\/v2\/types\/post"}],"author":[{"embeddable":true,"href":"https:\/\/elmundodelapolitica.com\/v1\/wp-json\/wp\/v2\/users\/2"}],"replies":[{"embeddable":true,"href":"https:\/\/elmundodelapolitica.com\/v1\/wp-json\/wp\/v2\/comments?post=3869"}],"version-history":[{"count":0,"href":"https:\/\/elmundodelapolitica.com\/v1\/wp-json\/wp\/v2\/posts\/3869\/revisions"}],"wp:featuredmedia":[{"embeddable":true,"href":"https:\/\/elmundodelapolitica.com\/v1\/wp-json\/wp\/v2\/media\/3870"}],"wp:attachment":[{"href":"https:\/\/elmundodelapolitica.com\/v1\/wp-json\/wp\/v2\/media?parent=3869"}],"wp:term":[{"taxonomy":"category","embeddable":true,"href":"https:\/\/elmundodelapolitica.com\/v1\/wp-json\/wp\/v2\/categories?post=3869"},{"taxonomy":"post_tag","embeddable":true,"href":"https:\/\/elmundodelapolitica.com\/v1\/wp-json\/wp\/v2\/tags?post=3869"}],"curies":[{"name":"wp","href":"https:\/\/api.w.org\/{rel}","templated":true}]}}