{"id":3867,"date":"2023-07-10T17:29:05","date_gmt":"2023-07-10T21:29:05","guid":{"rendered":"https:\/\/elmundodelapolitica.com\/v1\/?p=3867"},"modified":"2023-07-10T17:29:05","modified_gmt":"2023-07-10T21:29:05","slug":"index-y-nature-power-foundation-desarrollaran-proyectos-con-la-participacion-de-los-dominicanos-en-el-exterior","status":"publish","type":"post","link":"https:\/\/elmundodelapolitica.com\/v1\/index-y-nature-power-foundation-desarrollaran-proyectos-con-la-participacion-de-los-dominicanos-en-el-exterior\/","title":{"rendered":"INDEX y Nature Power Foundation desarrollar\u00e1n proyectos con la participaci\u00f3n de los dominicanos en el exterior"},"content":{"rendered":"<div>\n<p>Santo Domingo.-\u00a0<strong>El Instituto de Dominicanos y Dominicanas en el Exterior (INDEX)<\/strong>\u00a0y la organizaci\u00f3n sin fines de lucro<strong>\u00a0Nature Power Foundation<\/strong>\u00a0firmaron un\u00a0<strong>Memorando de Entendimiento<\/strong>\u00a0con el fin de acercar la di\u00e1spora a sus comunidades de origen a\u00a0<strong>trav\u00e9s de soluciones tecnol\u00f3gicas<\/strong>\u00a0y el dise\u00f1o de\u00a0<strong>emprendimientos sostenibles para personas y familias de escasos recursos.<\/strong><\/p>\n<figure class=\"wp-block-image size-large\"><img data-attachment-id=\"30761\" data-permalink=\"https:\/\/elmundodelosnegocios.com.do\/v1\/index.php\/2023\/07\/10\/index-y-nature-power-foundation-desarrollaran-proyectos-con-la-participacion-de-los-dominicanos-en-el-exterior\/1-1-32\/\" data-orig-file=\"https:\/\/i0.wp.com\/elmundodelosnegocios.com.do\/v1\/wp-content\/uploads\/2023\/07\/1-1.jpeg?fit=1300%2C731&amp;ssl=1\" data-orig-size=\"1300,731\" data-comments-opened=\"0\" data-image-meta='{\"aperture\":\"0\",\"credit\":\"\",\"camera\":\"\",\"caption\":\"\",\"created_timestamp\":\"0\",\"copyright\":\"\",\"focal_length\":\"0\",\"iso\":\"0\",\"shutter_speed\":\"0\",\"title\":\"\",\"orientation\":\"0\"}' data-image-title=\"1-1\" data-image-description=\"\" data-image-caption=\"\" data-medium-file=\"https:\/\/i0.wp.com\/elmundodelosnegocios.com.do\/v1\/wp-content\/uploads\/2023\/07\/1-1.jpeg?fit=300%2C169&amp;ssl=1\" data-large-file=\"https:\/\/i0.wp.com\/elmundodelosnegocios.com.do\/v1\/wp-content\/uploads\/2023\/07\/1-1.jpeg?fit=1024%2C576&amp;ssl=1\" decoding=\"async\" loading=\"lazy\" width=\"1024\" height=\"576\" src=\"https:\/\/i0.wp.com\/elmundodelosnegocios.com.do\/v1\/wp-content\/uploads\/2023\/07\/1-1-1024x576.jpeg?resize=1024,576&amp;ssl=1\" alt=\"\" class=\"wp-image-30761\" srcset=\"https:\/\/i0.wp.com\/elmundodelosnegocios.com.do\/v1\/wp-content\/uploads\/2023\/07\/1-1.jpeg?resize=1024%2C576&amp;ssl=1 1024w, https:\/\/i0.wp.com\/elmundodelosnegocios.com.do\/v1\/wp-content\/uploads\/2023\/07\/1-1.jpeg?resize=300%2C169&amp;ssl=1 300w, https:\/\/i0.wp.com\/elmundodelosnegocios.com.do\/v1\/wp-content\/uploads\/2023\/07\/1-1.jpeg?resize=768%2C432&amp;ssl=1 768w, https:\/\/i0.wp.com\/elmundodelosnegocios.com.do\/v1\/wp-content\/uploads\/2023\/07\/1-1.jpeg?w=1300&amp;ssl=1 1300w\" sizes=\"auto, (max-width: 1024px) 100vw, 1024px\" data-recalc-dims=\"1\"><\/figure>\n<p>Con este acuerdo, el INDEX y Nature Power Foundation se comprometen a dise\u00f1ar en conjunto\u00a0<strong>un plan de trabajo con acciones puntuales<\/strong>\u00a0para atender necesidades de la di\u00e1spora dominicana con respecto al\u00a0<strong>fomento de la identidad nacional y la vinculaci\u00f3n con sus lugares de origen<\/strong>\u00a0para impulsar el\u00a0<strong>codesarrollo<\/strong>\u00a0e, igualmente, potenciar capacidades para los connacionales, as\u00ed como promover el acceso a informaciones y servicios.<\/p>\n<p>El viceministro para las Comunidades Dominicanas en el Exterior, del Ministerio de Relaciones Exteriores, y director ejecutivo del INDEX,\u00a0<strong>Carlos de la Mota<\/strong>, destac\u00f3 durante la firma del documento que la alianza busca acercar y conectar la di\u00e1spora con\u00a0<strong>proyectos en sus comunidades de origen<\/strong>\u00a0que se alinear\u00e1n a los\u00a0<strong>Objetivos de Desarrollo Sostenible de la Agenda 2030<\/strong>.<\/p>\n<p><em>\u201cSeguimos trabajando para materializar el compromiso asumido por el presidente Luis Abinader, de reciprocar los aportes de nuestra comunidad en el exterior, a trav\u00e9s de programas, proyectos y oportunidades para su progreso.\u00a0 Estamos seguros de que, con este acuerdo, seremos testigos de c\u00f3mo nuestros dominicanos y dominicanas en el exterior ser\u00e1n los protagonistas del cambio y desarrollo que experimenten sus comunidades, de manera sostenible y duradera; fundamentalmente en materia de servicios b\u00e1sicos\u201d,\u00a0<\/em>sostuvo el funcionario.<\/p>\n<p><strong>Laura Rojas<\/strong>, fundadora y directora ejecutiva de la organizaci\u00f3n que facilita a\u00a0<strong>comunidades en extrema pobreza el acceso a energ\u00eda, agua potable y emprendimientos<\/strong>\u00a0mediante tecnolog\u00edas limpias y soluciones que protejan el medio ambiente, se comprometi\u00f3 en el memorando a promover con sus asociados\/miembros, que representen a dominicanos\/as residentes en el exterior,\u00a0<strong>las informaciones generadas por el INDEX en beneficio de la di\u00e1spora\u00a0<\/strong>y desarrollar proyectos en conjunto con el INDEX en beneficio de las\u00a0<strong>comunidades menos favorecidas de Rep\u00fablica Dominicana.\u00a0<\/strong><\/p>\n<p><em>\u201cPara Nature Power Foundation es de gran relevancia apoyar la inversi\u00f3n social que la di\u00e1spora dominicana realiza a trav\u00e9s del INDEX y al mismo tiempo expandir el impacto de esa inversi\u00f3n en nuestro pa\u00eds, ayudando a transformar comunidades rurales vulnerables en autosostenibles\u201d,<\/em>\u00a0sostuvo Laura Rojas, directora ejecutiva de Nature Power Foundation.<\/p>\n<p>Durante la firma del documento estuvieron presentes la coordinadora de Nature Power Foundation, Arisleidy Aquino; la directora de Alianzas de la organizaci\u00f3n, Raquel Cueto; la directora de Vinculaci\u00f3n y Codesarrollo del Viceministerio para las Comunidades Dominicanas en el Exterior, Anna Hern\u00e1ndez; el director de Investigaci\u00f3n y Estudio, Pablo Asencio, y otros funcionarios del INDEX.<\/p>\n<p><strong>Sobre INDEX<\/strong><\/p>\n<p>El Instituto de Dominicanos y Dominicanas en el Exterior (INDEX) es una\u00a0<strong>entidad desconcentrada y operativa del Ministerio de Relaciones Exteriores,<\/strong>\u00a0que tiene por objetivo desarrollar, dise\u00f1ar y ejecutar programas, acciones y proyectos de desarrollo dirigidos a la comunidad de dominicanos en el extranjero, haciendo especial\u00a0<strong>hincapi\u00e9 en el fortalecimiento de los v\u00ednculos sociales y econ\u00f3micos con sus lugares de origen y, asimismo, el fomento de la identidad nacional.<\/strong><\/p>\n<p>El INDEX, como promotor de las pol\u00edticas p\u00fablicas del Estado en el exterior, busca fomentar la\u00a0<strong>integraci\u00f3n de la di\u00e1spora en el desarrollo nacional en todos sus niveles<\/strong>, haciendo posible las transferencias de recursos de m\u00faltiples v\u00edas para el crecimiento y progreso del pa\u00eds, enfatizando el compromiso y la integridad que como instituci\u00f3n posee.<\/p>\n<p><strong>Sobre Nature Power Foundation<\/strong><\/p>\n<p>Es una organizaci\u00f3n dominicana sin fines de lucro (ONG), fundada en el a\u00f1o 2017 como una innovaci\u00f3n social que\u00a0<strong>busca mejorar las condiciones de vida transformando comunidades vulnerables en autosostenibles<\/strong>\u00a0en la Rep\u00fablica Dominicana y el Caribe, facilitando el acceso a los servicios b\u00e1sicos de energ\u00eda y agua potable mediante fuentes alternativas que protegen el medio ambiente. Su fundadora, Ing. Laura Rojas junto con la suma de esfuerzos y experiencias de profesionales de alto nivel, en tan solo 5 a\u00f1os ha trabajado en\u00a0<strong>m\u00e1s de 20 proyectos<\/strong>\u00a0que han cerrado brechas a alrededor de 10,000 personas, para\u00a0<strong>contribuir al logro de la Estrategia Nacional de Desarrollo<\/strong>y los compromisos asumidos por los pa\u00edses en la\u00a0<strong>agenda 2030 y sus Objetivos de Desarrollo Sostenible (ODS).<\/strong><\/p>\n<\/div>\n","protected":false},"excerpt":{"rendered":"<p>Santo Domingo.-\u00a0El Instituto de Dominicanos y Dominicanas en el Exterior (INDEX)\u00a0y la organizaci\u00f3n sin fines de lucro\u00a0Nature Power Foundation\u00a0firmaron un\u00a0Memorando de Entendimiento\u00a0con el fin de acercar la di\u00e1spora a sus&hellip; <\/p>\n","protected":false},"author":2,"featured_media":3868,"comment_status":"closed","ping_status":"closed","sticky":false,"template":"","format":"standard","meta":{"fifu_image_url":"https:\/\/i0.wp.com\/elmundodelosnegocios.com.do\/v1\/wp-content\/uploads\/2023\/07\/1-1-1024x576.jpeg?resize=1024,576&ssl=1","fifu_image_alt":"INDEX y Nature Power Foundation desarrollar\u00e1n proyectos con la participaci\u00f3n de los dominicanos en el exterior","footnotes":""},"categories":[63],"tags":[],"class_list":["post-3867","post","type-post","status-publish","format-standard","has-post-thumbnail","hentry","category-actualidad"],"_links":{"self":[{"href":"https:\/\/elmundodelapolitica.com\/v1\/wp-json\/wp\/v2\/posts\/3867","targetHints":{"allow":["GET"]}}],"collection":[{"href":"https:\/\/elmundodelapolitica.com\/v1\/wp-json\/wp\/v2\/posts"}],"about":[{"href":"https:\/\/elmundodelapolitica.com\/v1\/wp-json\/wp\/v2\/types\/post"}],"author":[{"embeddable":true,"href":"https:\/\/elmundodelapolitica.com\/v1\/wp-json\/wp\/v2\/users\/2"}],"replies":[{"embeddable":true,"href":"https:\/\/elmundodelapolitica.com\/v1\/wp-json\/wp\/v2\/comments?post=3867"}],"version-history":[{"count":0,"href":"https:\/\/elmundodelapolitica.com\/v1\/wp-json\/wp\/v2\/posts\/3867\/revisions"}],"wp:featuredmedia":[{"embeddable":true,"href":"https:\/\/elmundodelapolitica.com\/v1\/wp-json\/wp\/v2\/media\/3868"}],"wp:attachment":[{"href":"https:\/\/elmundodelapolitica.com\/v1\/wp-json\/wp\/v2\/media?parent=3867"}],"wp:term":[{"taxonomy":"category","embeddable":true,"href":"https:\/\/elmundodelapolitica.com\/v1\/wp-json\/wp\/v2\/categories?post=3867"},{"taxonomy":"post_tag","embeddable":true,"href":"https:\/\/elmundodelapolitica.com\/v1\/wp-json\/wp\/v2\/tags?post=3867"}],"curies":[{"name":"wp","href":"https:\/\/api.w.org\/{rel}","templated":true}]}}