{"id":3863,"date":"2023-07-09T13:05:33","date_gmt":"2023-07-09T17:05:33","guid":{"rendered":"https:\/\/elmundodelapolitica.com\/v1\/?p=3863"},"modified":"2023-07-09T13:05:33","modified_gmt":"2023-07-09T17:05:33","slug":"inflacion-interanual-junio-fue-4-0-ubicandose-en-centro-rango-meta","status":"publish","type":"post","link":"https:\/\/elmundodelapolitica.com\/v1\/inflacion-interanual-junio-fue-4-0-ubicandose-en-centro-rango-meta\/","title":{"rendered":"Inflaci\u00f3n interanual junio fue 4.0%, ubic\u00e1ndose en centro rango meta"},"content":{"rendered":"<div>\n<p><strong>Santo Domingo,\u00a0<\/strong>Rep\u00fablica Dominicana. Julio 2023.-\u00a0El Banco Central de la Rep\u00fablica Dominicana (BCRD) informa que \u00cdndice de Precios al Consumidor (IPC) registr\u00f3 una variaci\u00f3n mensual de 0.22\u00a0% en el mes de junio de 2023. Con este resultado,\u00a0<strong>la inflaci\u00f3n interanual, medida desde junio de 2022 hasta junio de 2023, disminuy\u00f3 a 4.00\u00a0%, siendo la tasa m\u00e1s baja verificada desde julio de 2020. De esta manera, la inflaci\u00f3n se ubica en el centro del rango meta de 4.0\u00a0%\u00b11.0\u00a0% establecido en el Programa Monetario.<\/strong><\/p>\n<div class=\"wp-block-image\">\n<figure class=\"aligncenter size-large\"><img loading=\"lazy\" data-attachment-id=\"30747\" data-permalink=\"https:\/\/elmundodelosnegocios.com.do\/v1\/index.php\/2023\/07\/09\/inflacion-interanual-junio-fue-4-0-ubicandose-en-centro-rango-meta\/bcrd-6\/\" data-orig-file=\"https:\/\/i0.wp.com\/elmundodelosnegocios.com.do\/v1\/wp-content\/uploads\/2023\/07\/BCRD.jpg?fit=1200%2C801&amp;ssl=1\" data-orig-size=\"1200,801\" data-comments-opened=\"0\" data-image-meta='{\"aperture\":\"10\",\"credit\":\"\",\"camera\":\"NIKON D810\",\"caption\":\"\",\"created_timestamp\":\"1540469681\",\"copyright\":\"\",\"focal_length\":\"24\",\"iso\":\"100\",\"shutter_speed\":\"0.005\",\"title\":\"\",\"orientation\":\"1\"}' data-image-title=\"BCRD\" data-image-description=\"\" data-image-caption=\"\" data-medium-file=\"https:\/\/i0.wp.com\/elmundodelosnegocios.com.do\/v1\/wp-content\/uploads\/2023\/07\/BCRD.jpg?fit=300%2C200&amp;ssl=1\" data-large-file=\"https:\/\/i0.wp.com\/elmundodelosnegocios.com.do\/v1\/wp-content\/uploads\/2023\/07\/BCRD.jpg?fit=1024%2C684&amp;ssl=1\" decoding=\"async\" width=\"1024\" height=\"684\" src=\"https:\/\/i0.wp.com\/elmundodelosnegocios.com.do\/v1\/wp-content\/uploads\/2023\/07\/BCRD-1024x684.jpg?resize=1024,684&amp;ssl=1\" alt=\"\" class=\"wp-image-30747\" srcset=\"https:\/\/i0.wp.com\/elmundodelosnegocios.com.do\/v1\/wp-content\/uploads\/2023\/07\/BCRD.jpg?resize=1024%2C684&amp;ssl=1 1024w, https:\/\/i0.wp.com\/elmundodelosnegocios.com.do\/v1\/wp-content\/uploads\/2023\/07\/BCRD.jpg?resize=300%2C200&amp;ssl=1 300w, https:\/\/i0.wp.com\/elmundodelosnegocios.com.do\/v1\/wp-content\/uploads\/2023\/07\/BCRD.jpg?resize=768%2C513&amp;ssl=1 768w, https:\/\/i0.wp.com\/elmundodelosnegocios.com.do\/v1\/wp-content\/uploads\/2023\/07\/BCRD.jpg?w=1200&amp;ssl=1 1200w\" sizes=\"auto, (max-width: 1024px) 100vw, 1024px\" data-recalc-dims=\"1\"><\/figure>\n<\/div>\n<p>El BCRD establece en su informe que la inflaci\u00f3n subyacente interanual mantiene una tendencia descendente, al situarse en 5.33\u00a0% en junio de 2023, presentando una reducci\u00f3n de 196 puntos b\u00e1sicos en comparaci\u00f3n con el m\u00e1ximo de 7.29\u00a0% registrado en mayo de 2022. Este indicador permite extraer se\u00f1ales m\u00e1s claras para la conducci\u00f3n de la pol\u00edtica monetaria, debido a que excluye algunos art\u00edculos que normalmente no responden a las condiciones monetarias o de liquidez en la econom\u00eda, como son los alimentos con gran variabilidad en sus precios, los combustibles y servicios con precios regulados como la tarifa el\u00e9ctrica, el transporte, adem\u00e1s de las bebidas alcoh\u00f3licas y el tabaco.\u00a0<\/p>\n<p><strong>El informe destaca que la inflaci\u00f3n subyacente, vinculada m\u00e1s estrechamente a las condiciones monetarias,\u00a0<\/strong><strong>registr\u00f3 variaciones mensuales de 0.32\u00a0%, 0.20\u00a0% y 0.36\u00a0% en los meses de abril, mayo y junio de 2023, respectivamente, tasas que al anualizarse resultan consistentes con una inflaci\u00f3n interanual dentro del rango meta de 4.0\u00a0%\u00b11.0\u00a0%\u2026<\/strong><\/p>\n<\/div>\n","protected":false},"excerpt":{"rendered":"<p>Santo Domingo,\u00a0Rep\u00fablica Dominicana. Julio 2023.-\u00a0El Banco Central de la Rep\u00fablica Dominicana (BCRD) informa que \u00cdndice de Precios al Consumidor (IPC) registr\u00f3 una variaci\u00f3n mensual de 0.22\u00a0% en el mes de&hellip; <\/p>\n","protected":false},"author":2,"featured_media":3864,"comment_status":"closed","ping_status":"closed","sticky":false,"template":"","format":"standard","meta":{"fifu_image_url":"https:\/\/i0.wp.com\/elmundodelosnegocios.com.do\/v1\/wp-content\/uploads\/2023\/07\/BCRD-1024x684.jpg?resize=1024,684&ssl=1","fifu_image_alt":"Inflaci\u00f3n interanual junio fue 4.0%, ubic\u00e1ndose en centro rango meta","footnotes":""},"categories":[63],"tags":[],"class_list":["post-3863","post","type-post","status-publish","format-standard","has-post-thumbnail","hentry","category-actualidad"],"_links":{"self":[{"href":"https:\/\/elmundodelapolitica.com\/v1\/wp-json\/wp\/v2\/posts\/3863","targetHints":{"allow":["GET"]}}],"collection":[{"href":"https:\/\/elmundodelapolitica.com\/v1\/wp-json\/wp\/v2\/posts"}],"about":[{"href":"https:\/\/elmundodelapolitica.com\/v1\/wp-json\/wp\/v2\/types\/post"}],"author":[{"embeddable":true,"href":"https:\/\/elmundodelapolitica.com\/v1\/wp-json\/wp\/v2\/users\/2"}],"replies":[{"embeddable":true,"href":"https:\/\/elmundodelapolitica.com\/v1\/wp-json\/wp\/v2\/comments?post=3863"}],"version-history":[{"count":0,"href":"https:\/\/elmundodelapolitica.com\/v1\/wp-json\/wp\/v2\/posts\/3863\/revisions"}],"wp:featuredmedia":[{"embeddable":true,"href":"https:\/\/elmundodelapolitica.com\/v1\/wp-json\/wp\/v2\/media\/3864"}],"wp:attachment":[{"href":"https:\/\/elmundodelapolitica.com\/v1\/wp-json\/wp\/v2\/media?parent=3863"}],"wp:term":[{"taxonomy":"category","embeddable":true,"href":"https:\/\/elmundodelapolitica.com\/v1\/wp-json\/wp\/v2\/categories?post=3863"},{"taxonomy":"post_tag","embeddable":true,"href":"https:\/\/elmundodelapolitica.com\/v1\/wp-json\/wp\/v2\/tags?post=3863"}],"curies":[{"name":"wp","href":"https:\/\/api.w.org\/{rel}","templated":true}]}}