{"id":386,"date":"2022-06-24T12:58:19","date_gmt":"2022-06-24T16:58:19","guid":{"rendered":"http:\/\/www.elmundodelapolitica.com\/v2\/?p=25539"},"modified":"2022-06-24T12:58:19","modified_gmt":"2022-06-24T16:58:19","slug":"crean-comision-consultiva-para-revisar-legislacion-sobre-libertad-de-expresion","status":"publish","type":"post","link":"https:\/\/elmundodelapolitica.com\/v1\/crean-comision-consultiva-para-revisar-legislacion-sobre-libertad-de-expresion\/","title":{"rendered":"Crean comisi\u00f3n consultiva para revisar legislaci\u00f3n sobre libertad de expresi\u00f3n"},"content":{"rendered":"\n<p>Santo Domingo.- El presidente Luis Abinader emiti\u00f3 el Decreto n\u00fam. 333-22, del 23 de junio de 2022, que crea e integra una comisi\u00f3n consultiva con car\u00e1cter honor\u00edfico que tendr\u00e1 a su cargo presentar al Poder Ejecutivo un borrador de ley a los fines de actualizar la legislaci\u00f3n vigente sobre la libertad de expresi\u00f3n.<\/p>\n\n\n\n<p>Con el prop\u00f3sito de unificar criterios en torno a la regulaci\u00f3n legislativa del referido derecho fundamental, la comisi\u00f3n consultiva ha sido integrada por un equipo plural de juristas y comunicadores.<\/p>\n\n\n\n<p>Forman parte de la comisi\u00f3n Namphi Rodr\u00edguez, quien fungir\u00e1 como su director ejecutivo, Miguel Antonio Franjul, In\u00e9s Aizp\u00fan Vi\u00f1es, Persio Maldonado, Luis Eduardo Lora Iglesias (Huchi), Edith Febles Batista, Eric Raful P\u00e9rez, Herm\u00f3genes Acosta de los Santos, Miguel \u00c1ngel Prestol Gonz\u00e1lez, Jimena Conde Jimini\u00e1n, Aurelio Henr\u00edquez, Elvira Lora Pe\u00f1a y Gabriela Beltr\u00e9.<\/p>\n\n\n\n<p>De cara a hacer de la eventual propuesta de ley el resultado de un amplio consenso con la sociedad civil, la comisi\u00f3n queda facultada para programar mesas de trabajo con los distintos sectores vinculados a la libertad de expresi\u00f3n y difusi\u00f3n del pensamiento.<\/p>\n\n\n\n<p>La Comisi\u00f3n Consultiva deber\u00e1 presentar el borrador del instrumento normativo correspondiente, en un plazo no mayor de noventa (90) d\u00edas contados a partir de la emisi\u00f3n del indicado decreto que la conforma.<\/p>\n","protected":false},"excerpt":{"rendered":"<p>Santo Domingo.- El presidente Luis Abinader emiti\u00f3 el Decreto n\u00fam. 333-22, del 23 de junio de 2022, que crea e integra una comisi\u00f3n consultiva con car\u00e1cter honor\u00edfico que tendr\u00e1 a&hellip; <\/p>\n","protected":false},"author":2,"featured_media":387,"comment_status":"closed","ping_status":"open","sticky":false,"template":"","format":"standard","meta":{"fifu_image_url":"","fifu_image_alt":"","footnotes":""},"categories":[55],"tags":[],"class_list":["post-386","post","type-post","status-publish","format-standard","has-post-thumbnail","hentry","category-congreso-y-legislacion"],"_links":{"self":[{"href":"https:\/\/elmundodelapolitica.com\/v1\/wp-json\/wp\/v2\/posts\/386","targetHints":{"allow":["GET"]}}],"collection":[{"href":"https:\/\/elmundodelapolitica.com\/v1\/wp-json\/wp\/v2\/posts"}],"about":[{"href":"https:\/\/elmundodelapolitica.com\/v1\/wp-json\/wp\/v2\/types\/post"}],"author":[{"embeddable":true,"href":"https:\/\/elmundodelapolitica.com\/v1\/wp-json\/wp\/v2\/users\/2"}],"replies":[{"embeddable":true,"href":"https:\/\/elmundodelapolitica.com\/v1\/wp-json\/wp\/v2\/comments?post=386"}],"version-history":[{"count":0,"href":"https:\/\/elmundodelapolitica.com\/v1\/wp-json\/wp\/v2\/posts\/386\/revisions"}],"wp:featuredmedia":[{"embeddable":true,"href":"https:\/\/elmundodelapolitica.com\/v1\/wp-json\/wp\/v2\/media\/387"}],"wp:attachment":[{"href":"https:\/\/elmundodelapolitica.com\/v1\/wp-json\/wp\/v2\/media?parent=386"}],"wp:term":[{"taxonomy":"category","embeddable":true,"href":"https:\/\/elmundodelapolitica.com\/v1\/wp-json\/wp\/v2\/categories?post=386"},{"taxonomy":"post_tag","embeddable":true,"href":"https:\/\/elmundodelapolitica.com\/v1\/wp-json\/wp\/v2\/tags?post=386"}],"curies":[{"name":"wp","href":"https:\/\/api.w.org\/{rel}","templated":true}]}}