{"id":3853,"date":"2023-07-07T03:36:50","date_gmt":"2023-07-07T07:36:50","guid":{"rendered":"https:\/\/elmundodelapolitica.com\/v1\/?p=3853"},"modified":"2023-07-07T03:36:50","modified_gmt":"2023-07-07T07:36:50","slug":"resumen-isaca-se-une-a-la-organizacion-europea-de-ciberseguridad-ecso-para-reforzar-la-ciberseguridad-y-las-competencias-digitales-en-europa","status":"publish","type":"post","link":"https:\/\/elmundodelapolitica.com\/v1\/resumen-isaca-se-une-a-la-organizacion-europea-de-ciberseguridad-ecso-para-reforzar-la-ciberseguridad-y-las-competencias-digitales-en-europa\/","title":{"rendered":"Resumen: ISACA se une a la Organizaci\u00f3n Europea de Ciberseguridad (ECSO) para reforzar la ciberseguridad y las competencias digitales en Europa"},"content":{"rendered":"<div>\n<p>DUBLIN\u2013(BUSINESS WIRE)\u2013ISACA, una asociaci\u00f3n global l\u00edder para profesionales de la confianza digital, se complace en anunciar que se une a la Organizaci\u00f3n Europea de Ciberseguridad (ECSO). Con esta adhesi\u00f3n, ECSO e ISACA acelerar\u00e1n su compromiso conjunto para avanzar en la ciberseguridad, fomentar la colaboraci\u00f3n y promover la confianza digital en toda Europa.<br \/>\nSer miembro de ISACA ofrece numerosos beneficios y oportunidades para organizaciones y profesionales de toda Europa. A trav\u00e9s de la colaboraci\u00f3n con ECSO, ISACA compartir\u00e1 su experiencia, recursos e iniciativas de formaci\u00f3n para desarrollar el ecosistema europeo de ciberseguridad y mejorar las pr\u00e1cticas de ciberseguridad en toda la regi\u00f3n.<br \/>\nLa adhesi\u00f3n de ISACA a ECSO tambi\u00e9n servir\u00e1 para potenciar de m\u00faltiples maneras la iniciativa Women4Cyber de ECSO y el programa SheLeadsTech de la fundaci\u00f3n One In Tech de ISACA.<br \/>\nEl comunicado en el idioma original es la versi\u00f3n oficial y autorizada del mismo. Esta traducci\u00f3n es solamente un medio de ayuda y deber\u00e1 ser comparada con el texto en idioma original, que es la \u00fanica versi\u00f3n del texto que tendr\u00e1 validez legal. Contacts<br \/>\nISACA \u2013 Esther Almendros, +34 692 669 722, ealmendros@isaca.org<br \/>\nFirstlight group \u2013 +44 7526 565 507, isacateam@firstlightgroup.io<\/p>\n<\/div>\n","protected":false},"excerpt":{"rendered":"<p>DUBLIN\u2013(BUSINESS WIRE)\u2013ISACA, una asociaci\u00f3n global l\u00edder para profesionales de la confianza digital, se complace en anunciar que se une a la Organizaci\u00f3n Europea de Ciberseguridad (ECSO). Con esta adhesi\u00f3n, ECSO&hellip; <\/p>\n","protected":false},"author":2,"featured_media":0,"comment_status":"closed","ping_status":"closed","sticky":false,"template":"","format":"standard","meta":{"fifu_image_url":"","fifu_image_alt":"","footnotes":""},"categories":[63],"tags":[],"class_list":["post-3853","post","type-post","status-publish","format-standard","hentry","category-actualidad"],"_links":{"self":[{"href":"https:\/\/elmundodelapolitica.com\/v1\/wp-json\/wp\/v2\/posts\/3853","targetHints":{"allow":["GET"]}}],"collection":[{"href":"https:\/\/elmundodelapolitica.com\/v1\/wp-json\/wp\/v2\/posts"}],"about":[{"href":"https:\/\/elmundodelapolitica.com\/v1\/wp-json\/wp\/v2\/types\/post"}],"author":[{"embeddable":true,"href":"https:\/\/elmundodelapolitica.com\/v1\/wp-json\/wp\/v2\/users\/2"}],"replies":[{"embeddable":true,"href":"https:\/\/elmundodelapolitica.com\/v1\/wp-json\/wp\/v2\/comments?post=3853"}],"version-history":[{"count":0,"href":"https:\/\/elmundodelapolitica.com\/v1\/wp-json\/wp\/v2\/posts\/3853\/revisions"}],"wp:attachment":[{"href":"https:\/\/elmundodelapolitica.com\/v1\/wp-json\/wp\/v2\/media?parent=3853"}],"wp:term":[{"taxonomy":"category","embeddable":true,"href":"https:\/\/elmundodelapolitica.com\/v1\/wp-json\/wp\/v2\/categories?post=3853"},{"taxonomy":"post_tag","embeddable":true,"href":"https:\/\/elmundodelapolitica.com\/v1\/wp-json\/wp\/v2\/tags?post=3853"}],"curies":[{"name":"wp","href":"https:\/\/api.w.org\/{rel}","templated":true}]}}