{"id":3827,"date":"2023-07-05T01:09:41","date_gmt":"2023-07-05T05:09:41","guid":{"rendered":"https:\/\/elmundodelapolitica.com\/v1\/?p=3827"},"modified":"2023-07-05T01:09:41","modified_gmt":"2023-07-05T05:09:41","slug":"niq-y-gfk-reciben-la-aprobacion-de-la-comision-europea-para-su-fusion-planificada","status":"publish","type":"post","link":"https:\/\/elmundodelapolitica.com\/v1\/niq-y-gfk-reciben-la-aprobacion-de-la-comision-europea-para-su-fusion-planificada\/","title":{"rendered":"NIQ y GfK reciben la aprobaci\u00f3n de la Comisi\u00f3n Europea para su fusi\u00f3n planificada"},"content":{"rendered":"<p>La aprobaci\u00f3n de la UE es un importante hito en el camino hacia la finalizaci\u00f3n de la fusi\u00f3n entre NielsenIQ y GfK<\/p>\n<p>NielsenIQ y GfK esperan cerrar la transacci\u00f3n en los pr\u00f3ximos d\u00edas<br \/>\nCHICAGO y N\u00daREMBERG (Alemania)&#8211;(BUSINESS WIRE)&#8211;En el d\u00eda de hoy, NielsenIQ (NIQ) y GfK SE (GfK) recibieron la aprobaci\u00f3n de la Comisi\u00f3n Europea para su fusi\u00f3n planificada.<br \/>\nLa Comisi\u00f3n Europea aprob\u00f3 la fusi\u00f3n propuesta de NIQ y GfK, lo que permite la finalizaci\u00f3n de la transacci\u00f3n que crear\u00e1 la empresa de inteligencia de consumidor l\u00edder a nivel mundial. La decisi\u00f3n de aprobaci\u00f3n se tom\u00f3 bajo la condici\u00f3n de la venta (desinversi\u00f3n) de la empresa Consumer Panel de GfK a un tercero independiente. La condici\u00f3n no tiene efecto suspensivo para la finalizaci\u00f3n de la fusi\u00f3n de NielsenIQ y GfK.<br \/>\nAhora las dos empresas dar\u00e1n los pasos necesarios para facilitar el cierre de la transacci\u00f3n sin m\u00e1s demoras.<br \/>\nAcerca de NIQ<br \/>\nNIQ, la empresa l\u00edder mundial en inteligencia de consumo, abre nuevas v\u00edas de crecimiento a minoristas y fabricantes de bienes de consumo. Con operaciones en m\u00e1s de 100 pa\u00edses, NIQ ofrece la comprensi\u00f3n m\u00e1s completa y clara del comportamiento de compra de los consumidores a trav\u00e9s de una plataforma avanzada de inteligencia de negocio con an\u00e1lisis predictivo integrado. NIQ ofrece la Visi\u00f3n Completa.<br \/>\nNIQ se fund\u00f3 en 1923 y es una empresa de cartera de Advent International. Para obtener m\u00e1s informaci\u00f3n, visite NIQ.com.<br \/>\nEl texto original en el idioma fuente de este comunicado es la versi\u00f3n oficial autorizada. Las traducciones solo se suministran como adaptaci\u00f3n y deben cotejarse con el texto en el idioma fuente, que es la \u00fanica versi\u00f3n del texto que tendr\u00e1 un efecto legal. Contacts<br \/>\nPara NielsenIQGillian Mosher<br \/>\nVicepresidenta de comunicaciones<br \/>\nTel\u00e9fono m\u00f3vil: +1 647-282-9714<br \/>\ngillian.mosher@nielseniq.com<br \/>\nPara GfKKai Hummel<br \/>\nVicepresidente de comunicaciones y asuntos p\u00fablicos<br \/>\nTel\u00e9fono m\u00f3vil: +49 170 7700194<br \/>\npublic.relations@gfk.com<\/p>\n","protected":false},"excerpt":{"rendered":"<div>\n<ul class=\"bwlistdisc\">\n<li>\n<i>La aprobaci\u00f3n de la UE es un importante hito en el camino hacia la finalizaci\u00f3n de la fusi\u00f3n entre NielsenIQ y GfK<\/i><\/li>\n<li>\n<i>NielsenIQ y GfK esperan cerrar la transacci\u00f3n en los pr\u00f3ximos d\u00edas<\/i><\/li>\n<\/ul>\n<p>CHICAGO y N\u00daREMBERG (Alemania)&#8211;(BUSINESS WIRE)&#8211;En el d\u00eda de hoy, NielsenIQ (NIQ) y GfK SE (GfK) recibieron la aprobaci\u00f3n de la Comisi\u00f3n Europea para su fusi\u00f3n planificada.<\/p>\n<p>\nLa Comisi\u00f3n Europea aprob\u00f3 la fusi\u00f3n propuesta de NIQ y GfK, lo que permite la finalizaci\u00f3n de la transacci\u00f3n que crear\u00e1 la empresa de inteligencia de consumidor l\u00edder a nivel mundial. La decisi\u00f3n de aprobaci\u00f3n se tom\u00f3 bajo la condici\u00f3n de la venta (desinversi\u00f3n) de la empresa Consumer Panel de GfK a un tercero independiente. La condici\u00f3n no tiene efecto suspensivo para la finalizaci\u00f3n de la fusi\u00f3n de NielsenIQ y GfK.<\/p>\n<p>\nAhora las dos empresas dar\u00e1n los pasos necesarios para facilitar el cierre de la transacci\u00f3n sin m\u00e1s demoras.<\/p>\n<p>\n<b>Acerca de NIQ<\/b><\/p>\n<p>\nNIQ, la empresa l\u00edder mundial en inteligencia de consumo, abre nuevas v\u00edas de crecimiento a minoristas y fabricantes de bienes de consumo. Con operaciones en m\u00e1s de 100 pa\u00edses, NIQ ofrece la comprensi\u00f3n m\u00e1s completa y clara del comportamiento de compra de los consumidores a trav\u00e9s de una plataforma avanzada de inteligencia de negocio con an\u00e1lisis predictivo integrado. NIQ ofrece la Visi\u00f3n Completa.<\/p>\n<p>\nNIQ se fund\u00f3 en 1923 y es una empresa de cartera de Advent International. Para obtener m\u00e1s informaci\u00f3n, visite <a target=\"_blank\" href=\"https:\/\/cts.businesswire.com\/ct\/CT?id=smartlink&amp;url=http%3A%2F%2FNIQ.com&amp;esheet=53439128&amp;newsitemid=20230704205957&amp;lan=es-AR&amp;anchor=NIQ.com&amp;index=1&amp;md5=2fbda9b9fae0d07cfc730e3b668785ba\" rel=\"nofollow noopener\">NIQ.com<\/a>.<\/p>\n<p>\nEl texto original en el idioma fuente de este comunicado es la versi\u00f3n oficial autorizada. Las traducciones solo se suministran como adaptaci\u00f3n y deben cotejarse con el texto en el idioma fuente, que es la \u00fanica versi\u00f3n del texto que tendr\u00e1 un efecto legal.<\/p>\n<p> <b>Contacts<\/b> <\/p>\n<p>\n<b>Para NielsenIQ<\/b><br \/>Gillian Mosher<br \/>\n<br \/>Vicepresidenta de comunicaciones<br \/>\n<br \/>Tel\u00e9fono m\u00f3vil: +1 647-282-9714<br \/>\n<br \/><a target=\"_blank\" href=\"mailto:gillian.mosher@nielseniq.com\" rel=\"noopener\">gillian.mosher@nielseniq.com<\/a><\/p>\n<p>\n<b>Para GfK<\/b><br \/>Kai Hummel<br \/>\n<br \/>Vicepresidente de comunicaciones y asuntos p\u00fablicos<br \/>\n<br \/>Tel\u00e9fono m\u00f3vil: +49 170 7700194<br \/>\n<br \/><a target=\"_blank\" href=\"mailto:public.relations@gfk.com\" rel=\"nofollow noopener\">public.relations@gfk.com<\/a><\/p>\n<\/div>\n","protected":false},"author":2,"featured_media":0,"comment_status":"closed","ping_status":"closed","sticky":false,"template":"","format":"standard","meta":{"fifu_image_url":"","fifu_image_alt":"","footnotes":""},"categories":[44],"tags":[],"class_list":["post-3827","post","type-post","status-publish","format-standard","hentry","category-business-wire"],"_links":{"self":[{"href":"https:\/\/elmundodelapolitica.com\/v1\/wp-json\/wp\/v2\/posts\/3827","targetHints":{"allow":["GET"]}}],"collection":[{"href":"https:\/\/elmundodelapolitica.com\/v1\/wp-json\/wp\/v2\/posts"}],"about":[{"href":"https:\/\/elmundodelapolitica.com\/v1\/wp-json\/wp\/v2\/types\/post"}],"author":[{"embeddable":true,"href":"https:\/\/elmundodelapolitica.com\/v1\/wp-json\/wp\/v2\/users\/2"}],"replies":[{"embeddable":true,"href":"https:\/\/elmundodelapolitica.com\/v1\/wp-json\/wp\/v2\/comments?post=3827"}],"version-history":[{"count":0,"href":"https:\/\/elmundodelapolitica.com\/v1\/wp-json\/wp\/v2\/posts\/3827\/revisions"}],"wp:attachment":[{"href":"https:\/\/elmundodelapolitica.com\/v1\/wp-json\/wp\/v2\/media?parent=3827"}],"wp:term":[{"taxonomy":"category","embeddable":true,"href":"https:\/\/elmundodelapolitica.com\/v1\/wp-json\/wp\/v2\/categories?post=3827"},{"taxonomy":"post_tag","embeddable":true,"href":"https:\/\/elmundodelapolitica.com\/v1\/wp-json\/wp\/v2\/tags?post=3827"}],"curies":[{"name":"wp","href":"https:\/\/api.w.org\/{rel}","templated":true}]}}