{"id":3819,"date":"2023-07-04T08:42:12","date_gmt":"2023-07-04T12:42:12","guid":{"rendered":"https:\/\/elmundodelapolitica.com\/v1\/?p=3819"},"modified":"2023-07-04T08:42:12","modified_gmt":"2023-07-04T12:42:12","slug":"superintendencia-del-mercado-de-valores-celebra-seminario-academico-sobre-regulacion-financiera-suptech-y-gobierno-corporativo","status":"publish","type":"post","link":"https:\/\/elmundodelapolitica.com\/v1\/superintendencia-del-mercado-de-valores-celebra-seminario-academico-sobre-regulacion-financiera-suptech-y-gobierno-corporativo\/","title":{"rendered":"Superintendencia del Mercado de Valores celebra seminario acad\u00e9mico sobre regulaci\u00f3n financiera, SupTech y Gobierno Corporativo"},"content":{"rendered":"<div>\n<p>Santo Domingo.- Como parte de la agenda conmemorativa de su\u00a0<strong>vig\u00e9simo aniversario<\/strong>, la Superintendencia del Mercado de Valores\u00a0<strong>(SIMV)<\/strong>\u00a0celebr\u00f3 un\u00a0<strong>seminario acad\u00e9mico sobre regulaci\u00f3n financiera<\/strong>, con la participaci\u00f3n de expertos nacionales e internacionales y la presencia de destacadas figuras del\u00a0<strong>mercado financiero y econ\u00f3mico del pa\u00eds.<\/strong><strong>\u00a0<\/strong><\/p>\n<div class=\"wp-block-image\">\n<figure class=\"aligncenter size-large\"><img loading=\"lazy\" data-attachment-id=\"30649\" data-permalink=\"https:\/\/elmundodelosnegocios.com.do\/v1\/index.php\/2023\/07\/04\/superintendencia-del-mercado-de-valores-celebra-seminario-academico-sobre-regulacion-financiera-suptech-y-gobierno-corporativo\/4-112\/\" data-orig-file=\"https:\/\/i0.wp.com\/elmundodelosnegocios.com.do\/v1\/wp-content\/uploads\/2023\/07\/4.jpeg?fit=1300%2C731&amp;ssl=1\" data-orig-size=\"1300,731\" data-comments-opened=\"0\" data-image-meta='{\"aperture\":\"0\",\"credit\":\"\",\"camera\":\"\",\"caption\":\"\",\"created_timestamp\":\"0\",\"copyright\":\"\",\"focal_length\":\"0\",\"iso\":\"0\",\"shutter_speed\":\"0\",\"title\":\"\",\"orientation\":\"0\"}' data-image-title=\"4\" data-image-description=\"\" data-image-caption=\"\" data-medium-file=\"https:\/\/i0.wp.com\/elmundodelosnegocios.com.do\/v1\/wp-content\/uploads\/2023\/07\/4.jpeg?fit=300%2C169&amp;ssl=1\" data-large-file=\"https:\/\/i0.wp.com\/elmundodelosnegocios.com.do\/v1\/wp-content\/uploads\/2023\/07\/4.jpeg?fit=1024%2C576&amp;ssl=1\" decoding=\"async\" width=\"1024\" height=\"576\" src=\"https:\/\/i0.wp.com\/elmundodelosnegocios.com.do\/v1\/wp-content\/uploads\/2023\/07\/4-1024x576.jpeg?resize=1024,576&amp;ssl=1\" alt=\"\" class=\"wp-image-30649\" srcset=\"https:\/\/i0.wp.com\/elmundodelosnegocios.com.do\/v1\/wp-content\/uploads\/2023\/07\/4.jpeg?resize=1024%2C576&amp;ssl=1 1024w, https:\/\/i0.wp.com\/elmundodelosnegocios.com.do\/v1\/wp-content\/uploads\/2023\/07\/4.jpeg?resize=300%2C169&amp;ssl=1 300w, https:\/\/i0.wp.com\/elmundodelosnegocios.com.do\/v1\/wp-content\/uploads\/2023\/07\/4.jpeg?resize=768%2C432&amp;ssl=1 768w, https:\/\/i0.wp.com\/elmundodelosnegocios.com.do\/v1\/wp-content\/uploads\/2023\/07\/4.jpeg?w=1300&amp;ssl=1 1300w\" sizes=\"auto, (max-width: 1024px) 100vw, 1024px\" data-recalc-dims=\"1\"><\/figure>\n<\/div>\n<p>La extraordinaria jornada se desarroll\u00f3 bajo el tema\u00a0<strong>\u201cPrincipios y desaf\u00edos de la regulaci\u00f3n financiera: Tecnolog\u00edas para la Supervisi\u00f3n (SupTech) y Gobierno Corporativo 4.0\u201d<\/strong>, en un evento a casa llena llevado a cabo en el sal\u00f3n Salom\u00e9 Ure\u00f1a del Auditorio del Banco Central de la Rep\u00fablica Dominicana (BCRD).\u00a0<\/p>\n<p>En las palabras de bienvenida, el superintendente del Mercado de Valores,\u00a0<strong>Ernesto Bournigal Read,<\/strong>\u00a0destac\u00f3 la importancia de este seminario acad\u00e9mico\u00a0<strong>dirigido a supervisores y reguladores del sistema financiero nacional<\/strong>, un espacio que consider\u00f3 necesario para estar al tanto de las tendencias regulatorias y de supervisi\u00f3n.\u00a0<\/p>\n<p>El programa cont\u00f3 con\u00a0<strong>tres ponencias de suma relevancia<\/strong>, la primera a cargo del\u00a0<strong>doctor Aurelio Gurrea Mart\u00ednez<\/strong>, economista, auditor de cuentas y profesor de Gobierno Corporativo, quien abord\u00f3 las funciones del sistema financiero, la industria Fintech y los objetivos de la regulaci\u00f3n financiera; como\u00a0<strong>punto clave<\/strong>\u00a0cit\u00f3 la\u00a0<strong>necesidad de fomentar la confianza hacia los reguladores del mercado.<\/strong><strong>\u00a0<\/strong><\/p>\n<p>De su lado,\u00a0<strong>Nydia Remolina<\/strong>, asistente en derecho en la Singapore Management University, habl\u00f3 sobre el valor de trabajar con base en las\u00a0<strong>realidades de cada jurisdicci\u00f3n del mercado afianzados en la tecnolog\u00eda y Fintech.<\/strong><strong>\u00a0<\/strong><\/p>\n<p>La \u00faltima ponencia, con el t\u00edtulo\u00a0<strong>\u201cGobierno Corporativo 4.0: retos y perspectivas futuras\u201d,<\/strong>\u00a0fue presentada por el socio fundador de OV Consultores y experto en regulaci\u00f3n y pr\u00e1ctica financiera,\u00a0<strong>Omar Victoria Contreras<\/strong>, quien expuso sobre la\u00a0<strong>disciplina que crea el mercado a trav\u00e9s del principio de gobernanza.<\/strong><strong>\u00a0<\/strong><\/p>\n<p>Finalizadas las exposiciones, los presentes tuvieron la oportunidad de externar sus dudas mediante una interesante\u00a0<strong>sesi\u00f3n de preguntas y respuestas<\/strong>\u00a0moderada por la directora jur\u00eddica de la SIMV,\u00a0<strong>Sarah Roa<\/strong>, y con la participaci\u00f3n de los tres ponentes principales.\u00a0<\/p>\n<p>El acto culmin\u00f3 con la entrega de un presente de agradecimiento a los se\u00f1ores Gurrea, Remolina y Victoria Contreras, de la mano del superintendente y del intendente del Mercado de Valores, Ernesto Bournigal Read y\u00a0<strong>Enmanuel Cede\u00f1o<\/strong>.\u00a0<\/p>\n<p>Las palabras de cierre del seminario fueron ofrecidas por el se\u00f1or Cede\u00f1o, quien agradeci\u00f3 a los expositores, ejecutivos y todos los presentes por su acogida a esta\u00a0<strong>iniciativa educativa coordinada por la SIMV.<\/strong>\u00a0<\/p>\n<p>Estuvieron presentes en el evento, el se\u00f1or\u00a0<strong>Ervin Novas Bello<\/strong>, gerente general del Banco Central y presidente del Consejo Nacional del Mercado de Valores (CNMV), junto con los superintendentes del Mercado de Valores, Bancos y Pensiones,\u00a0<strong>Ernesto Bournigal Read, Alejando Fern\u00e1ndez y Francisco Torres<\/strong>. De igual modo, los intendentes Enmanuel Cede\u00f1o Brea, del Mercado de Valores, as\u00ed como\u00a0<strong>Francisco Campos y Julio Caminero,<\/strong>\u00a0de la Superintendencia de Seguros y de Bancos.\u00a0<\/p>\n<p>As\u00ed tambi\u00e9n, la se\u00f1ora\u00a0<strong>Aileen Guzm\u00e1n<\/strong>, directora de la Unidad de An\u00e1lisis Financiero (UAF),\u00a0<strong>Elianne V\u00edlchez,<\/strong>\u00a0vicepresidenta ejecutiva de la Bolsa de Valores;\u00a0<strong>Cristina V. de Castro<\/strong>, presidenta ejecutiva de Asociaci\u00f3n de Bancos de Ahorro y Cr\u00e9dito y Corporaciones de Cr\u00e9dito, Inc. (ABANCORD), y\u00a0<strong>Franco de los Santos<\/strong>, presidente del Instituto de Desarrollo y Cr\u00e9dito Cooperativo (IDECOOP), al igual que representantes de diversas entidades financieras y gremios, t\u00e9cnicos de la SIMV y de diferentes instituciones.<\/p>\n<\/div>\n","protected":false},"excerpt":{"rendered":"<p>Santo Domingo.- Como parte de la agenda conmemorativa de su\u00a0vig\u00e9simo aniversario, la Superintendencia del Mercado de Valores\u00a0(SIMV)\u00a0celebr\u00f3 un\u00a0seminario acad\u00e9mico sobre regulaci\u00f3n financiera, con la participaci\u00f3n de expertos nacionales e internacionales&hellip; <\/p>\n","protected":false},"author":2,"featured_media":3820,"comment_status":"closed","ping_status":"closed","sticky":false,"template":"","format":"standard","meta":{"fifu_image_url":"https:\/\/i0.wp.com\/elmundodelosnegocios.com.do\/v1\/wp-content\/uploads\/2023\/07\/4-1024x576.jpeg?resize=1024,576&ssl=1","fifu_image_alt":"Superintendencia del Mercado de Valores celebra seminario acad\u00e9mico sobre regulaci\u00f3n financiera, SupTech y Gobierno Corporativo","footnotes":""},"categories":[63],"tags":[],"class_list":["post-3819","post","type-post","status-publish","format-standard","has-post-thumbnail","hentry","category-actualidad"],"_links":{"self":[{"href":"https:\/\/elmundodelapolitica.com\/v1\/wp-json\/wp\/v2\/posts\/3819","targetHints":{"allow":["GET"]}}],"collection":[{"href":"https:\/\/elmundodelapolitica.com\/v1\/wp-json\/wp\/v2\/posts"}],"about":[{"href":"https:\/\/elmundodelapolitica.com\/v1\/wp-json\/wp\/v2\/types\/post"}],"author":[{"embeddable":true,"href":"https:\/\/elmundodelapolitica.com\/v1\/wp-json\/wp\/v2\/users\/2"}],"replies":[{"embeddable":true,"href":"https:\/\/elmundodelapolitica.com\/v1\/wp-json\/wp\/v2\/comments?post=3819"}],"version-history":[{"count":0,"href":"https:\/\/elmundodelapolitica.com\/v1\/wp-json\/wp\/v2\/posts\/3819\/revisions"}],"wp:featuredmedia":[{"embeddable":true,"href":"https:\/\/elmundodelapolitica.com\/v1\/wp-json\/wp\/v2\/media\/3820"}],"wp:attachment":[{"href":"https:\/\/elmundodelapolitica.com\/v1\/wp-json\/wp\/v2\/media?parent=3819"}],"wp:term":[{"taxonomy":"category","embeddable":true,"href":"https:\/\/elmundodelapolitica.com\/v1\/wp-json\/wp\/v2\/categories?post=3819"},{"taxonomy":"post_tag","embeddable":true,"href":"https:\/\/elmundodelapolitica.com\/v1\/wp-json\/wp\/v2\/tags?post=3819"}],"curies":[{"name":"wp","href":"https:\/\/api.w.org\/{rel}","templated":true}]}}