{"id":3817,"date":"2023-07-04T08:34:33","date_gmt":"2023-07-04T12:34:33","guid":{"rendered":"https:\/\/elmundodelapolitica.com\/v1\/?p=3817"},"modified":"2023-07-04T08:34:33","modified_gmt":"2023-07-04T12:34:33","slug":"republica-dominicana-y-la-republica-popular-china-celebran-exitosa-reunion-para-promover-intercambio-comercial-e-inversion","status":"publish","type":"post","link":"https:\/\/elmundodelapolitica.com\/v1\/republica-dominicana-y-la-republica-popular-china-celebran-exitosa-reunion-para-promover-intercambio-comercial-e-inversion\/","title":{"rendered":"Rep\u00fablica Dominicana y la Rep\u00fablica Popular China celebran exitosa reuni\u00f3n para promover intercambio comercial e inversi\u00f3n"},"content":{"rendered":"<div>\n<p>Santo Domingo.-\u00a0<strong>La Rep\u00fablica Dominicana y la Rep\u00fablica Popular China<\/strong>\u00a0llevaron a cabo la\u00a0<strong>primera reuni\u00f3n de la Comisi\u00f3n Mixta para las Cooperaciones Econ\u00f3micas, Comerciales y de Inversi\u00f3n,<\/strong>\u00a0en un encuentro hist\u00f3rico celebrado en el pa\u00eds, que incluy\u00f3 la discusi\u00f3n de la situaci\u00f3n econ\u00f3mica de ambos pa\u00edses, la revisi\u00f3n de las relaciones econ\u00f3micas y comerciales bilaterales, la presentaci\u00f3n de\u00a0<strong>bondades que ofrece el pa\u00eds a los posibles inversionistas, y los proyectos prioritarios de cooperaci\u00f3n.\u00a0<\/strong><\/p>\n<div class=\"wp-block-image\">\n<figure class=\"aligncenter size-large\"><img data-attachment-id=\"30646\" data-permalink=\"https:\/\/elmundodelosnegocios.com.do\/v1\/index.php\/2023\/07\/04\/republica-dominicana-y-la-republica-popular-china-celebran-exitosa-reunion-para-promover-intercambio-comercial-e-inversion\/2-194\/\" data-orig-file=\"https:\/\/i0.wp.com\/elmundodelosnegocios.com.do\/v1\/wp-content\/uploads\/2023\/07\/2.jpeg?fit=1300%2C731&amp;ssl=1\" data-orig-size=\"1300,731\" data-comments-opened=\"0\" data-image-meta='{\"aperture\":\"0\",\"credit\":\"\",\"camera\":\"\",\"caption\":\"\",\"created_timestamp\":\"0\",\"copyright\":\"\",\"focal_length\":\"0\",\"iso\":\"0\",\"shutter_speed\":\"0\",\"title\":\"\",\"orientation\":\"0\"}' data-image-title=\"2\" data-image-description=\"\" data-image-caption=\"\" data-medium-file=\"https:\/\/i0.wp.com\/elmundodelosnegocios.com.do\/v1\/wp-content\/uploads\/2023\/07\/2.jpeg?fit=300%2C169&amp;ssl=1\" data-large-file=\"https:\/\/i0.wp.com\/elmundodelosnegocios.com.do\/v1\/wp-content\/uploads\/2023\/07\/2.jpeg?fit=1024%2C576&amp;ssl=1\" decoding=\"async\" loading=\"lazy\" width=\"1024\" height=\"576\" src=\"https:\/\/i0.wp.com\/elmundodelosnegocios.com.do\/v1\/wp-content\/uploads\/2023\/07\/2-1024x576.jpeg?resize=1024,576&amp;ssl=1\" alt=\"\" class=\"wp-image-30646\" srcset=\"https:\/\/i0.wp.com\/elmundodelosnegocios.com.do\/v1\/wp-content\/uploads\/2023\/07\/2.jpeg?resize=1024%2C576&amp;ssl=1 1024w, https:\/\/i0.wp.com\/elmundodelosnegocios.com.do\/v1\/wp-content\/uploads\/2023\/07\/2.jpeg?resize=300%2C169&amp;ssl=1 300w, https:\/\/i0.wp.com\/elmundodelosnegocios.com.do\/v1\/wp-content\/uploads\/2023\/07\/2.jpeg?resize=768%2C432&amp;ssl=1 768w, https:\/\/i0.wp.com\/elmundodelosnegocios.com.do\/v1\/wp-content\/uploads\/2023\/07\/2.jpeg?w=1300&amp;ssl=1 1300w\" sizes=\"auto, (max-width: 1024px) 100vw, 1024px\" data-recalc-dims=\"1\"><\/figure>\n<\/div>\n<p>La reuni\u00f3n estuvo encabezada por el ministro de Relaciones Exteriores y el de Econom\u00eda, Planificaci\u00f3n y Desarrollo,\u00a0<strong>Roberto \u00c1lvarez y Pavel Isa<\/strong>, respectivamente, junto con el representante de Negociaciones de Comercio Internacional y viceministro del Ministerio de Comercio de China,\u00a0<strong>Wang Shouwen<\/strong>.\u00a0<\/p>\n<p>El canciller dominicano, Roberto \u00c1lvarez, expres\u00f3 su\u00a0<strong>satisfacci\u00f3n por el desarrollo de esta primera Comisi\u00f3n Mixta<\/strong>, destacando la importancia de fortalecer los lazos comerciales y de inversi\u00f3n entre la Rep\u00fablica Dominicana y China. Subray\u00f3, adem\u00e1s, el compromiso del Gobierno dominicano para fomentar un\u00a0<strong>ambiente favorable para la inversi\u00f3n extranjera<\/strong>\u00a0y\u00a0<strong>promover el incremento de las exportaciones dominicanas<\/strong>\u00a0hacia ese mercado, como parte esencial de la pol\u00edtica exterior dominicana.<\/p>\n<p>De su lado, el se\u00f1or Wang Shouwen afirm\u00f3 que desde el establecimiento de las relaciones diplom\u00e1ticas entre ambos pa\u00edses, el\u00a0<strong>volumen de comercio e inversi\u00f3n bilateral ha aumentado considerablemente<\/strong>\u00a0y resalt\u00f3 el inmenso potencial entre ambas naciones para explorar nuevas oportunidades comerciales, de inversi\u00f3n y otras de inter\u00e9s com\u00fan.<em>\u00a0\u201cChina est\u00e1 dispuesta a trabajar con Rep\u00fablica Dominicana para fomentar nuestra relaci\u00f3n global y continuar produciendo resultados tangibles\u201d<\/em>, expres\u00f3 el viceministro.<\/p>\n<figure class=\"wp-block-image\"><img decoding=\"async\" src=\"https:\/\/i0.wp.com\/presidencia.gob.do\/sites\/default\/files\/inline-images\/IMG_2322.jpeg?w=1110&amp;ssl=1\" alt=\"\" data-recalc-dims=\"1\"><\/figure>\n<p>Durante las discusiones, Rep\u00fablica Dominicana present\u00f3 diversas iniciativas para aumentar la presencia de\u00a0<strong>productos dominicanos agr\u00edcolas en China<\/strong>. De igual forma, revisaron los sectores clave de inter\u00e9s para ambas partes, como\u00a0<strong>energ\u00eda, infraestructura, turismo, agroindustria, tecnolog\u00eda y desarrollo sostenible<\/strong>. Se destacaron los proyectos prioritarios del Gobierno dominicano, los cuales presentan grandes oportunidades para la cooperaci\u00f3n internacional y la atracci\u00f3n de inversiones.<\/p>\n<p>Ambos pa\u00edses acordaron continuar trabajando de manera estrecha y constructiva para fortalecer sus lazos econ\u00f3micos y comerciales, promoviendo un\u00a0<strong>mayor intercambio de bienes y servicios<\/strong>. Asimismo, expresaron su compromiso para explorar\u00a0<strong>nuevas \u00e1reas de cooperaci\u00f3n<\/strong>\u00a0y desarrollar\u00a0<strong>iniciativas conjuntas<\/strong>\u00a0que impulsen el crecimiento econ\u00f3mico y el bienestar de sus ciudadanos.<\/p>\n<p>Con esta exitosa Primera Comisi\u00f3n Mixta, Rep\u00fablica Dominicana y la Rep\u00fablica Popular China reafirman su v<strong>oluntad de construir una relaci\u00f3n s\u00f3lida y duradera<\/strong>, basada en la confianza y la b\u00fasqueda de beneficios mutuos. Ambas naciones esperan seguir fortaleciendo su relaci\u00f3n bilateral y promoviendo la cooperaci\u00f3n econ\u00f3mica y comercial en beneficio de sus pueblos.<\/p>\n<p>Como parte de la delegaci\u00f3n dominicana estuvieron representantes de los Ministerios de la Presidencia; de Industria, Comercio y Mipymes; de Agricultura; de Energ\u00eda y Minas. Tambi\u00e9n, ProDominicana, Consejo Nacional de Zonas Francas de Exportaci\u00f3n, Direcci\u00f3n General de Alianzas P\u00fablico Privadas, Direcci\u00f3n General de Aduanas, Banco de Desarrollo y Exportaciones (BANDEX) y el Instituto Nacional de Tr\u00e1nsito y Transporte Terrestre (INTRANT).<\/p>\n<\/div>\n","protected":false},"excerpt":{"rendered":"<p>Santo Domingo.-\u00a0La Rep\u00fablica Dominicana y la Rep\u00fablica Popular China\u00a0llevaron a cabo la\u00a0primera reuni\u00f3n de la Comisi\u00f3n Mixta para las Cooperaciones Econ\u00f3micas, Comerciales y de Inversi\u00f3n,\u00a0en un encuentro hist\u00f3rico celebrado en&hellip; <\/p>\n","protected":false},"author":2,"featured_media":3818,"comment_status":"closed","ping_status":"closed","sticky":false,"template":"","format":"standard","meta":{"fifu_image_url":"https:\/\/i0.wp.com\/elmundodelosnegocios.com.do\/v1\/wp-content\/uploads\/2023\/07\/2-1024x576.jpeg?resize=1024,576&ssl=1","fifu_image_alt":"Rep\u00fablica Dominicana y la Rep\u00fablica Popular China celebran exitosa reuni\u00f3n para promover intercambio comercial e inversi\u00f3n","footnotes":""},"categories":[63],"tags":[],"class_list":["post-3817","post","type-post","status-publish","format-standard","has-post-thumbnail","hentry","category-actualidad"],"_links":{"self":[{"href":"https:\/\/elmundodelapolitica.com\/v1\/wp-json\/wp\/v2\/posts\/3817","targetHints":{"allow":["GET"]}}],"collection":[{"href":"https:\/\/elmundodelapolitica.com\/v1\/wp-json\/wp\/v2\/posts"}],"about":[{"href":"https:\/\/elmundodelapolitica.com\/v1\/wp-json\/wp\/v2\/types\/post"}],"author":[{"embeddable":true,"href":"https:\/\/elmundodelapolitica.com\/v1\/wp-json\/wp\/v2\/users\/2"}],"replies":[{"embeddable":true,"href":"https:\/\/elmundodelapolitica.com\/v1\/wp-json\/wp\/v2\/comments?post=3817"}],"version-history":[{"count":0,"href":"https:\/\/elmundodelapolitica.com\/v1\/wp-json\/wp\/v2\/posts\/3817\/revisions"}],"wp:featuredmedia":[{"embeddable":true,"href":"https:\/\/elmundodelapolitica.com\/v1\/wp-json\/wp\/v2\/media\/3818"}],"wp:attachment":[{"href":"https:\/\/elmundodelapolitica.com\/v1\/wp-json\/wp\/v2\/media?parent=3817"}],"wp:term":[{"taxonomy":"category","embeddable":true,"href":"https:\/\/elmundodelapolitica.com\/v1\/wp-json\/wp\/v2\/categories?post=3817"},{"taxonomy":"post_tag","embeddable":true,"href":"https:\/\/elmundodelapolitica.com\/v1\/wp-json\/wp\/v2\/tags?post=3817"}],"curies":[{"name":"wp","href":"https:\/\/api.w.org\/{rel}","templated":true}]}}