{"id":3810,"date":"2023-07-02T16:17:46","date_gmt":"2023-07-02T20:17:46","guid":{"rendered":"https:\/\/elmundodelapolitica.com\/v1\/?p=3810"},"modified":"2023-07-02T16:17:49","modified_gmt":"2023-07-02T20:17:49","slug":"diputado-leonardo-aguilera-decide-no-repostularse-para-seguir-en-el-cargo","status":"publish","type":"post","link":"https:\/\/elmundodelapolitica.com\/v1\/diputado-leonardo-aguilera-decide-no-repostularse-para-seguir-en-el-cargo\/","title":{"rendered":"Diputado Leonardo Aguilera decide no repostularse para seguir en el cargo"},"content":{"rendered":"\n<p>El diputado por la circunscripci\u00f3n 1 de la provincia de Santiago, Leonardo Aguilera, anunci\u00f3 este domingo que no aspirar\u00e1 a la repostulaci\u00f3n a pesar de que las encuestas y los electores le han pedido seguir.<\/p>\n\n\n\n<p>Aguilera explic\u00f3 que se siente comprometido con seguir trabajando por el desarrollo de su provincia, el Partido Revolucionario Moderno (PRM) y del presidente Luis Abinader, pero que entiende que ya ha agotado un proceso en la C\u00e1mara de Diputados.<\/p>\n\n\n\n<p>El legislador agradeci\u00f3 a todos los que han aportado, durante casi cuatro a\u00f1os, a fortalecer el proyecto pol\u00edtico y su gesti\u00f3n como legislador de la Rep\u00fablica.<\/p>\n\n\n\n<p>\"Quiero agradecer, de manera muy especial, a los hombres y mujeres que han conformado mi equipo pol\u00edtico y que han dado todo su esfuerzo para lograr lo que nos propusimos desde el principio: ser la voz y esperanza de nuestros electores\", expres\u00f3 en un comunicado colgado en sus redes sociales.<\/p>\n","protected":false},"excerpt":{"rendered":"<p>El diputado por la circunscripci\u00f3n 1 de la provincia de Santiago, Leonardo Aguilera, anunci\u00f3 este domingo que no aspirar\u00e1 a la repostulaci\u00f3n a pesar de que las encuestas y los&hellip; <\/p>\n","protected":false},"author":2,"featured_media":3811,"comment_status":"open","ping_status":"open","sticky":false,"template":"","format":"standard","meta":{"fifu_image_url":"","fifu_image_alt":"","footnotes":""},"categories":[17],"tags":[],"class_list":["post-3810","post","type-post","status-publish","format-standard","has-post-thumbnail","hentry","category-politica"],"_links":{"self":[{"href":"https:\/\/elmundodelapolitica.com\/v1\/wp-json\/wp\/v2\/posts\/3810","targetHints":{"allow":["GET"]}}],"collection":[{"href":"https:\/\/elmundodelapolitica.com\/v1\/wp-json\/wp\/v2\/posts"}],"about":[{"href":"https:\/\/elmundodelapolitica.com\/v1\/wp-json\/wp\/v2\/types\/post"}],"author":[{"embeddable":true,"href":"https:\/\/elmundodelapolitica.com\/v1\/wp-json\/wp\/v2\/users\/2"}],"replies":[{"embeddable":true,"href":"https:\/\/elmundodelapolitica.com\/v1\/wp-json\/wp\/v2\/comments?post=3810"}],"version-history":[{"count":1,"href":"https:\/\/elmundodelapolitica.com\/v1\/wp-json\/wp\/v2\/posts\/3810\/revisions"}],"predecessor-version":[{"id":3812,"href":"https:\/\/elmundodelapolitica.com\/v1\/wp-json\/wp\/v2\/posts\/3810\/revisions\/3812"}],"wp:featuredmedia":[{"embeddable":true,"href":"https:\/\/elmundodelapolitica.com\/v1\/wp-json\/wp\/v2\/media\/3811"}],"wp:attachment":[{"href":"https:\/\/elmundodelapolitica.com\/v1\/wp-json\/wp\/v2\/media?parent=3810"}],"wp:term":[{"taxonomy":"category","embeddable":true,"href":"https:\/\/elmundodelapolitica.com\/v1\/wp-json\/wp\/v2\/categories?post=3810"},{"taxonomy":"post_tag","embeddable":true,"href":"https:\/\/elmundodelapolitica.com\/v1\/wp-json\/wp\/v2\/tags?post=3810"}],"curies":[{"name":"wp","href":"https:\/\/api.w.org\/{rel}","templated":true}]}}