{"id":380,"date":"2022-06-27T21:46:56","date_gmt":"2022-06-28T01:46:56","guid":{"rendered":"http:\/\/www.elmundodelapolitica.com\/v2\/?p=25549"},"modified":"2022-06-27T21:46:56","modified_gmt":"2022-06-28T01:46:56","slug":"fundacion-rechaza-creacion-provincia","status":"publish","type":"post","link":"https:\/\/elmundodelapolitica.com\/v1\/fundacion-rechaza-creacion-provincia\/","title":{"rendered":"Fundacion rechaza creaci\u00f3n provincia"},"content":{"rendered":"\n<p><strong>Santo Domingo<\/strong>, R.D. Junio 2022.<strong>&#8211;<\/strong>&nbsp;La Fundaci\u00f3n Equidad y Justicia Social, rechaz\u00f3 la propuesta de dividir la provincia del Gran Santo Domingo, aprobada por los congresistas para la creaci\u00f3n de una nueva.<\/p>\n\n\n\n<p>\u201cLegislar aportando al desarrollo del pa\u00eds y fiscalizar cuidando la Constituci\u00f3n y el gasto estatal es la principal funci\u00f3n para la cual fueron elegidos los diputados y senadores, al parecer se les ha olvidado que sus decisiones deben representar a la mayor\u00eda de la ciudadan\u00eda\u201d, indic\u00f3 Fidel Lorenzo Mer\u00e1n presidente de FEJUS.<\/p>\n\n\n\n<p>Al referirse sobre la creaci\u00f3n de la nueva provincia Mat\u00edas Ram\u00f3n Mella, Lorenzo Mer\u00e1n, solicit\u00f3 a los legisladores la aprobaci\u00f3n de leyes realmente importantes que aportan al desarrollo pol\u00edtico social de la naci\u00f3n como es la Ley de Ordenamiento Territorial, Ley de Agua, y el C\u00f3digo Penal as\u00ed como el Electoral y dejar de desconsiderar el presupuesto y el esfuerzo de las autoridades con m\u00e1s divisiones territoriales cuando existen provincias que a\u00fan no han sido desarrolladas como Pedernales, Dajab\u00f3n, Montecristi, entre otras.<\/p>\n","protected":false},"excerpt":{"rendered":"<p>Santo Domingo, R.D. Junio 2022.&#8211;&nbsp;La Fundaci\u00f3n Equidad y Justicia Social, rechaz\u00f3 la propuesta de dividir la provincia del Gran Santo Domingo, aprobada por los congresistas para la creaci\u00f3n de una&hellip; <\/p>\n","protected":false},"author":2,"featured_media":381,"comment_status":"closed","ping_status":"open","sticky":false,"template":"","format":"standard","meta":{"fifu_image_url":"","fifu_image_alt":"","footnotes":""},"categories":[17],"tags":[],"class_list":["post-380","post","type-post","status-publish","format-standard","has-post-thumbnail","hentry","category-politica"],"_links":{"self":[{"href":"https:\/\/elmundodelapolitica.com\/v1\/wp-json\/wp\/v2\/posts\/380","targetHints":{"allow":["GET"]}}],"collection":[{"href":"https:\/\/elmundodelapolitica.com\/v1\/wp-json\/wp\/v2\/posts"}],"about":[{"href":"https:\/\/elmundodelapolitica.com\/v1\/wp-json\/wp\/v2\/types\/post"}],"author":[{"embeddable":true,"href":"https:\/\/elmundodelapolitica.com\/v1\/wp-json\/wp\/v2\/users\/2"}],"replies":[{"embeddable":true,"href":"https:\/\/elmundodelapolitica.com\/v1\/wp-json\/wp\/v2\/comments?post=380"}],"version-history":[{"count":0,"href":"https:\/\/elmundodelapolitica.com\/v1\/wp-json\/wp\/v2\/posts\/380\/revisions"}],"wp:featuredmedia":[{"embeddable":true,"href":"https:\/\/elmundodelapolitica.com\/v1\/wp-json\/wp\/v2\/media\/381"}],"wp:attachment":[{"href":"https:\/\/elmundodelapolitica.com\/v1\/wp-json\/wp\/v2\/media?parent=380"}],"wp:term":[{"taxonomy":"category","embeddable":true,"href":"https:\/\/elmundodelapolitica.com\/v1\/wp-json\/wp\/v2\/categories?post=380"},{"taxonomy":"post_tag","embeddable":true,"href":"https:\/\/elmundodelapolitica.com\/v1\/wp-json\/wp\/v2\/tags?post=380"}],"curies":[{"name":"wp","href":"https:\/\/api.w.org\/{rel}","templated":true}]}}