{"id":3785,"date":"2023-06-29T21:16:09","date_gmt":"2023-06-30T01:16:09","guid":{"rendered":"https:\/\/elmundodelapolitica.com\/v1\/?p=3785"},"modified":"2023-06-29T21:16:11","modified_gmt":"2023-06-30T01:16:11","slug":"seccional-alianza-pais-en-ciudad-de-nueva-york-escoge-nueva-direccion","status":"publish","type":"post","link":"https:\/\/elmundodelapolitica.com\/v1\/seccional-alianza-pais-en-ciudad-de-nueva-york-escoge-nueva-direccion\/","title":{"rendered":"Seccional Alianza Pa\u00eds en ciudad de Nueva York escoge nueva direcci\u00f3n"},"content":{"rendered":"\n<p>NewYork.- La seccional del Partido Alianza Pa\u00eds eligi\u00f3 su nueva directiva durante una asamblea de militantes de los diferentes condados de Nueva York, para el peri\u00f3do 2023-2025.<\/p>\n\n\n\n<p>En el evento dedicado a la memoria del fenecido dirigente de la organizaci\u00f3n Danilo Mercado, fueron electos por el voto de la mayor\u00eda Roberto Mercedes, Eddy Mart\u00ednez, Luc\u00eda Solano, Ram\u00f3n P\u00e9rez, M\u00f3nica Zapata, Victoriano Garc\u00eda, Agust\u00edn Fortunato, Gladys S\u00e1nchez y&nbsp; Juan Villar .<\/p>\n\n\n\n<p>Roberto Mercedes, coordinador para la zona de Nueva York, rindi\u00f3 un informe general de las actividades realizadas durante el peri\u00f3do 2021-2023, en la que destac\u00f3 la campa\u00f1a de afiliaci\u00f3n de nuevos aliancistas y la integraci\u00f3n de decenas de simpatizantes en todas las actividades de la entidad pol\u00edtica.<\/p>\n\n\n\n<p>Signific\u00f3 que la responsabilidad de dirigir se hace m\u00e1s dignificante cuando se trabaja con hombres y mujeres que son guiados por principios y valores como los que enarbola Alianza Pa\u00eds.<\/p>\n\n\n\n<p>Al actividad eleccionarias de Alianza Pa\u00eds estuvo bajo la supervici\u00f3n del coordinador en el exterior y miembro del comit\u00e9 pol\u00edtico Luis Mayoban\u00e9x Rodr\u00edguez, quien ponder\u00f3 la organizaci\u00f3n del acto y el proceso democr\u00e1tico que cada dos a\u00f1os realiza la Organizaci\u00f3n.<\/p>\n\n\n\n<p>\u201c Nosotros necesitamos avanzar y actuar con los principios y valores de la organizaci\u00f3n, y caminar de mano con la gente para que podamos producir el verdadero cambio de rumbo que necesita nuestro pa\u00eds, porque Alianza Pa\u00eds sigue siendo la esperanza \u201d, sostuvo Rodr\u00edguez.<\/p>\n\n\n\n<p>Al final de dicha actividad los nuevos integrantes de la directiva de la seccional de Alianza Pa\u00eds en la ciudad Nueva York,&nbsp; fueron juramentados por el presidente de la Comisi\u00f3n Electoral y miembro Ad-vitam de esa entidad pol\u00edtica Angel Mezca\u00edn.<\/p>\n","protected":false},"excerpt":{"rendered":"<p>NewYork.- La seccional del Partido Alianza Pa\u00eds eligi\u00f3 su nueva directiva durante una asamblea de militantes de los diferentes condados de Nueva York, para el peri\u00f3do 2023-2025. En el evento&hellip; <\/p>\n","protected":false},"author":2,"featured_media":3786,"comment_status":"closed","ping_status":"closed","sticky":false,"template":"","format":"standard","meta":{"fifu_image_url":"","fifu_image_alt":"","footnotes":""},"categories":[5],"tags":[],"class_list":["post-3785","post","type-post","status-publish","format-standard","has-post-thumbnail","hentry","category-partidos"],"_links":{"self":[{"href":"https:\/\/elmundodelapolitica.com\/v1\/wp-json\/wp\/v2\/posts\/3785","targetHints":{"allow":["GET"]}}],"collection":[{"href":"https:\/\/elmundodelapolitica.com\/v1\/wp-json\/wp\/v2\/posts"}],"about":[{"href":"https:\/\/elmundodelapolitica.com\/v1\/wp-json\/wp\/v2\/types\/post"}],"author":[{"embeddable":true,"href":"https:\/\/elmundodelapolitica.com\/v1\/wp-json\/wp\/v2\/users\/2"}],"replies":[{"embeddable":true,"href":"https:\/\/elmundodelapolitica.com\/v1\/wp-json\/wp\/v2\/comments?post=3785"}],"version-history":[{"count":1,"href":"https:\/\/elmundodelapolitica.com\/v1\/wp-json\/wp\/v2\/posts\/3785\/revisions"}],"predecessor-version":[{"id":3787,"href":"https:\/\/elmundodelapolitica.com\/v1\/wp-json\/wp\/v2\/posts\/3785\/revisions\/3787"}],"wp:featuredmedia":[{"embeddable":true,"href":"https:\/\/elmundodelapolitica.com\/v1\/wp-json\/wp\/v2\/media\/3786"}],"wp:attachment":[{"href":"https:\/\/elmundodelapolitica.com\/v1\/wp-json\/wp\/v2\/media?parent=3785"}],"wp:term":[{"taxonomy":"category","embeddable":true,"href":"https:\/\/elmundodelapolitica.com\/v1\/wp-json\/wp\/v2\/categories?post=3785"},{"taxonomy":"post_tag","embeddable":true,"href":"https:\/\/elmundodelapolitica.com\/v1\/wp-json\/wp\/v2\/tags?post=3785"}],"curies":[{"name":"wp","href":"https:\/\/api.w.org\/{rel}","templated":true}]}}