{"id":378,"date":"2022-07-01T01:55:56","date_gmt":"2022-07-01T05:55:56","guid":{"rendered":"http:\/\/www.elmundodelapolitica.com\/v2\/?p=25554"},"modified":"2022-07-01T01:55:56","modified_gmt":"2022-07-01T05:55:56","slug":"el-pld-sigue-avanzando-pese-al-asedio-a-que-es-sometido","status":"publish","type":"post","link":"https:\/\/elmundodelapolitica.com\/v1\/el-pld-sigue-avanzando-pese-al-asedio-a-que-es-sometido\/","title":{"rendered":"El PLD sigue avanzando pese al asedio a que es sometido"},"content":{"rendered":"\n<p>En el D\u00eda de Confraternidad Pelede\u00edsta, Charles Mariotti, Sec. Gral. del PLD resalta fortaleza y determinaci\u00f3n del Partido para retornar al Gobierno<\/p>\n\n\n\n<p>El secretario general del Partido de la Liberaci\u00f3n Dominicana, Charles Mariotti, asegur\u00f3 que esa organizaci\u00f3n pol\u00edtica no dar\u00e1 un paso atr\u00e1s ante los asedios que durante dos a\u00f1os ha mantenido el gobierno del PRM y que seguir\u00e1 doblando esfuerzos y trabajo para continuar el fortalecimiento que se trazaron como meta y objetivo de su Noveno Congreso.<\/p>\n\n\n\n<div class=\"wp-block-image\"><figure class=\"aligncenter is-resized\"><a href=\"http:\/\/vanguardiadelpueblo.do\/wp-content\/uploads\/2022\/06\/Mariotti.jpeg\"><img loading=\"lazy\" decoding=\"async\" src=\"https:\/\/vanguardiadelpueblo.do\/wp-content\/uploads\/2022\/06\/Mariotti-480x320.jpeg\" alt=\"\" class=\"wp-image-167702\" width=\"580\" height=\"387\"\/><\/a><\/figure><\/div>\n\n\n\n<p>La aseveraci\u00f3n fue hecha por Mariotti al darle la bienvenida a m\u00e1s 900 nuevos Presidentes de Comit\u00e9s Intermedios; juramentados este d\u00eda en el marco de la celebraci\u00f3n del 113 aniversario del natalicio del profesor Juan Bosch, en un acto realizado en el Sal\u00f3n Bienvenido Sandoval de la Casa Nacional Reinaldo Pared P\u00e9rez.<\/p>\n\n\n\n<p>\u201cEl PLD tiene dos a\u00f1os asediado, pero sin dar un paso atr\u00e1s; no vamos a retroceder, todo lo contrario, seguiremos avanzando con pasos firmes y decididos\u201d, enfatiz\u00f3 el secretario general pelede\u00edsta seguido de un estruendoso aplauso.<\/p>\n\n\n\n<div class=\"wp-block-image\"><figure class=\"aligncenter is-resized\"><a href=\"http:\/\/vanguardiadelpueblo.do\/wp-content\/uploads\/2022\/06\/Imagen-3.jpeg\"><img loading=\"lazy\" decoding=\"async\" src=\"https:\/\/vanguardiadelpueblo.do\/wp-content\/uploads\/2022\/06\/Imagen-3-480x320.jpeg\" alt=\"\" class=\"wp-image-167701\" width=\"564\" height=\"376\"\/><\/a><\/figure><\/div>\n\n\n\n<p>Exhort\u00f3 a los nuevos y viejos miembros de la organizaci\u00f3n a trabajar sin descanso, sin detenerse en su objetivo final que es el retorno al poder para continuar desarrollando la obra de gobierno, que caracteriza al Partido de la Liberaci\u00f3n Dominicana a favor de los m\u00e1s despose\u00eddos del pa\u00eds.<\/p>\n\n\n\n<p>\u201cCompa\u00f1eros y compa\u00f1eras, aprovechemos el d\u00eda, pero aprovechemos todos los d\u00edas por venir, tenemos por delante batallas que librar; pero al final ganaremos la guerra; no cedamos un solo paso, hay que seguir hacia adelante y seguiremos hac\u00eda adelante juramentando nuevos miembros\u201d, alent\u00f3 Mariotti.<\/p>\n\n\n\n<p>Previo a la exhortaci\u00f3n, ponder\u00f3 la trayectoria del l\u00edder y fundador del Partido de la Liberaci\u00f3n Dominicana, profesor Juan Bosch, destacando sus cualidades de maestro, emprendedor, gloria de las letras universales, historiador y gu\u00eda del PLD, rememorando las consignas escritas por Euclides Guti\u00e9rrez F\u00e9lix, miembro fundador y homenajeado este d\u00eda, \u201cSer pelede\u00edsta es ser un soldado, consciente, valiente y disciplinado\u201d y \u201cJuan Bosch el gu\u00eda, el PLD la v\u00eda.<\/p>\n\n\n\n<div class=\"wp-block-image\"><figure class=\"aligncenter is-resized\"><a href=\"http:\/\/vanguardiadelpueblo.do\/wp-content\/uploads\/2022\/06\/IMG-20220630-WA0044.jpg\"><img loading=\"lazy\" decoding=\"async\" src=\"https:\/\/vanguardiadelpueblo.do\/wp-content\/uploads\/2022\/06\/IMG-20220630-WA0044-480x272.jpg\" alt=\"\" class=\"wp-image-167703\" width=\"569\" height=\"322\"\/><\/a><\/figure><\/div>\n\n\n\n<p>Mariotti dio apertura al acto que prosigui\u00f3 con el informe dado por Rub\u00e9n Bichara de los Comit\u00e9s Intermedios formados y juramentados, seguido de un audiovisual sobre la celebraci\u00f3n del D\u00eda de la Confraternidad Pelede\u00edsta , un homenaje a Euclides Guti\u00e9rrez F\u00e9lix, como miembro fundador, la Juramentaci\u00f3n de los Presidentes de Comit\u00e9s Intermedios a cargo del Presidente del PLD, Danilo Medina, quien con sus palabras cerr\u00f3 la actividad realizada con un sal\u00f3n repleto de dirigentes del PLD que se juramentaron y una cantidad superior a la del sal\u00f3n , en las afueras.<\/p>\n","protected":false},"excerpt":{"rendered":"<p>En el D\u00eda de Confraternidad Pelede\u00edsta, Charles Mariotti, Sec. Gral. del PLD resalta fortaleza y determinaci\u00f3n del Partido para retornar al Gobierno El secretario general del Partido de la Liberaci\u00f3n&hellip; <\/p>\n","protected":false},"author":2,"featured_media":379,"comment_status":"closed","ping_status":"open","sticky":false,"template":"","format":"standard","meta":{"fifu_image_url":"","fifu_image_alt":"","footnotes":""},"categories":[5],"tags":[],"class_list":["post-378","post","type-post","status-publish","format-standard","has-post-thumbnail","hentry","category-partidos"],"_links":{"self":[{"href":"https:\/\/elmundodelapolitica.com\/v1\/wp-json\/wp\/v2\/posts\/378","targetHints":{"allow":["GET"]}}],"collection":[{"href":"https:\/\/elmundodelapolitica.com\/v1\/wp-json\/wp\/v2\/posts"}],"about":[{"href":"https:\/\/elmundodelapolitica.com\/v1\/wp-json\/wp\/v2\/types\/post"}],"author":[{"embeddable":true,"href":"https:\/\/elmundodelapolitica.com\/v1\/wp-json\/wp\/v2\/users\/2"}],"replies":[{"embeddable":true,"href":"https:\/\/elmundodelapolitica.com\/v1\/wp-json\/wp\/v2\/comments?post=378"}],"version-history":[{"count":0,"href":"https:\/\/elmundodelapolitica.com\/v1\/wp-json\/wp\/v2\/posts\/378\/revisions"}],"wp:featuredmedia":[{"embeddable":true,"href":"https:\/\/elmundodelapolitica.com\/v1\/wp-json\/wp\/v2\/media\/379"}],"wp:attachment":[{"href":"https:\/\/elmundodelapolitica.com\/v1\/wp-json\/wp\/v2\/media?parent=378"}],"wp:term":[{"taxonomy":"category","embeddable":true,"href":"https:\/\/elmundodelapolitica.com\/v1\/wp-json\/wp\/v2\/categories?post=378"},{"taxonomy":"post_tag","embeddable":true,"href":"https:\/\/elmundodelapolitica.com\/v1\/wp-json\/wp\/v2\/tags?post=378"}],"curies":[{"name":"wp","href":"https:\/\/api.w.org\/{rel}","templated":true}]}}